{"id":8772,"date":"2019-09-06T08:26:48","date_gmt":"2019-09-06T07:26:48","guid":{"rendered":"http:\/\/razemdlabialoleki.waw.pl\/?p=8772"},"modified":"2019-10-17T11:51:38","modified_gmt":"2019-10-17T10:51:38","slug":"zaglosuj-w-budzecie-obywatelskim","status":"publish","type":"post","link":"https:\/\/razemdlabialoleki.waw.pl\/?p=8772","title":{"rendered":"Zag\u0142osuj w Bud\u017cecie Obywatelskim!"},"content":{"rendered":"\n<p style=\"text-align: justify;\">Serdecznie zapraszamy do g\u0142osowania na projekty zg\u0142oszone przez cz\u0142onk\u00f3w naszego stowarzyszenia do tegorocznej edycji Bud\u017cetu Obywatelskiego. G\u0142osowanie potrwa od 6 do 23 wrze\u015bnia 2019 r.<\/p>\n<h2>Poziom Dzielnicowy:<br><\/h2><br>\n<p><strong><a href=\"https:\/\/app.twojbudzet.um.warszawa.pl\/projekt\/19427\">2: Uj\u0119cie wody pitnej w Parku Magiczna<\/a><\/strong><\/p>\n<p align=\"justify\">Proponowany zdr\u00f3j wody pitnej jest dwu-misowy, z boczn\u0105 mis\u0105 z poide\u0142kiem dla zwierz\u0105t, spe\u0142niaj\u0105cy wymagania dla os\u00f3b niepe\u0142nosprawnych. Urz\u0105dzenie wandaloodporne, odporne na korozj\u0119 oraz warunki atmosferyczne. Misa wykonana ze stali nierdzewnej, uruchamiany za pomoc\u0105 samopowrotnego przycisku usytuowanego w widocznym miejscu. Specjalnie zaprojektowany do miejsc taki jak parki, deptaki, ogrody miejskie i \u015bcie\u017cki rowerowe. Estetyczny, praktyczny o du\u017cych walorach u\u017cytkowych, doskonale wpasowuje si\u0119 w otoczenie obu park\u00f3w.<\/p>\n<p><strong><a href=\"https:\/\/app.twojbudzet.um.warszawa.pl\/projekt\/19519\">10: Warsztaty Komiksowo -Rysunkowe dla dzieci i m\u0142odzie\u017cy<\/a><\/strong><\/p>\n<p align=\"justify\">Cykl warsztat\u00f3w po\u0142\u0105czonych ze spotkaniami autorskimi dla dzieci i m\u0142odzie\u017cy chc\u0105cych rysowa\u0107 i tworzy\u0107 w\u0142asne historie rysunkowe. Na spotkania zaprosimy wielu autor\u00f3w, co miesi\u0105c spotkacie nowych rysownik\u00f3w, scenarzyst\u00f3w. Warsztaty b\u0119d\u0119 odbywa\u0142y si\u0119 raz w miesi\u0105cu, w identycznej formie w dw\u00f3ch lokalizacjach Bia\u0142o\u0142\u0119ckiego O\u015brodka Kultury: Na Tarchominie i na Zielonej Bia\u0142o\u0142\u0119ce.<\/p>\n<p><strong><a href=\"https:\/\/app.twojbudzet.um.warszawa.pl\/projekt\/17366?user=\">24: Budowa dw\u00f3ch wybieg\u00f3w dla ps\u00f3w przy ul. Stefanika i przy ul. Aluzyjnej<\/a><\/strong><\/p>\n<p align=\"justify\">Utworzenie ogrodzonego wybiegu dla ps\u00f3w wraz koszami na psie odchody, \u0142aweczkami i urz\u0105dzeniami do zabawy dla zwierz\u0105t w dw\u00f3ch lokalizacjach: przy ul. Stefanika i ul. Aluzyjnej. Wybieg dla ps\u00f3w to bezpieczne i atrakcyjne miejsce stworzone w celu swobodnego i legalnego puszczania zwierz\u0105t bez kaga\u0144ca i smyczy.<\/p><p><strong><a href=\"https:\/\/app.twojbudzet.um.warszawa.pl\/projekt\/16930?user=\">25: Zmodernizujmy Park Picassa <\/a><\/strong><\/p>\n<p align=\"justify\">Modernizacja Parku Picassa poprzez: ustawienie 10 nowych \u0142awek parkowych z oparciem, 1 \u0142awki dla karmi\u0105cych mam i 25 koszy parkowych o pojemno\u015bci przynajmniej 50 litr\u00f3w, modernizacj\u0119 nawierzchni cz\u0119\u015bci \u015bcie\u017cek i rewitalizacja trawnika na obszarze parku, gdzie odbywaj\u0105 si\u0119 imprezy plenerowe.<\/p>\n<a href=\"https:\/\/app.twojbudzet.um.warszawa.pl\/projekt\/19472\"><strong>58: Zaj\u0119cia multisensoryczne dla dzieci<\/strong><\/a><p align=\"justify\">Coraz wi\u0119cej dzieci ma problem z nieprawid\u0142owym przetwarzaniem wra\u017ce\u0144 zmys\u0142owych i potrzebuj\u0119 specjalistycznych zaj\u0119\u0107 z elementami integracji sensorycznej.\nDo\u015b\u0107 cz\u0119sto rodzice mog\u0105 nie mie\u0107 o tym poj\u0119cia, zaj\u0119cia dla maluch\u00f3w pomog\u0105 zdiagnozowa\u0107 deficyty i da\u0107 wskaz\u00f3wki jak je nadrobi\u0107. Regularne zaj\u0119cia dla dzieci s\u0105 bardzo wa\u017cnym wsparciem, poniewa\u017c jest du\u017cy niedob\u00f3r poradni, kt\u00f3re realizuj\u0105 bezp\u0142atne zaj\u0119cia dla wszystkich dzieci.<\/p>\n<a href=\"https:\/\/app.twojbudzet.um.warszawa.pl\/projekt\/16901?user=\"><strong>62: Nowe chodniki na Poraj\u00f3w\/\u015awiderskiej, Krzy\u017c\u00f3wki, Kasztanowej<\/strong><\/a><p align=\"justify\">Budowa\/remont chodnik\u00f3w i poprawa bezpiecze\u0144stwa pieszych przy: ul. Poraj\u00f3w\/\u015awiderskiej (remont chodnika od strony skrzy\u017cowania ze \u015awidersk\u0105 &#8211; naprzeciwko Ryneczku Poraje), ul. Krzy\u017c\u00f3wki (budowa chodnika na odcinku od przej\u015bcia dla pieszych przy boisku orlik do skweru), ul. Kasztanowej (budowa chodnika na odcinku od przej\u015bcia dla pieszych przy przystanku Kasztanowa 01 do skrzy\u017cowania z Portow\u0105).<\/p>\n<p><strong><a href=\"https:\/\/app.twojbudzet.um.warszawa.pl\/projekt\/17281?user=\">70: Bohater\u00f3w, Klasyk\u00f3w- remont chodnik\u00f3w <\/a>&nbsp;<\/strong><\/p>\n<p align=\"justify\">Remont istniej\u0105cych chodnik\u00f3w poprzez wymian\u0119 kraw\u0119\u017cnik\u00f3w i p\u0142yt chodnikowych oraz utwardzenie wjazd\u00f3w na posesje: wzd\u0142u\u017c ul. Bohater\u00f3w na odcinku od ul. Messal do ul. Wa\u0142uszewskiej oraz wzd\u0142u\u017c ul. Klasyk\u00f3w na odcinku od ul.Krokwi do wiaduktu nad torami kolejowymi.<\/p>\n<p><strong><a href=\"https:\/\/app.twojbudzet.um.warszawa.pl\/projekt\/16902?user=\">76: 140 drzew i 2300 krzew\u00f3w dla Bia\u0142o\u0142\u0119ki <\/a>&nbsp;<\/strong><\/p>\n<p align=\"justify\">Posadzenie \u0142\u0105cznie 140 drzew i 2300 krzew\u00f3w na terenie Bia\u0142o\u0142\u0119ki, wraz z piel\u0119gnacj\u0105 i dedykowanymi workami na wod\u0119 (treegator). Nasadzenia drzew zosta\u0142y zaplanowane w rejonie ulic: \u015awiderskiej, Modli\u0144skiej, Marywilskiej, Czo\u0142owej, \u0141\u0105cz\u0105cej, \u017bywicznej, Zbyszka z Bogda\u0144ca\/Echa Le\u015bne, Zau\u0142ek i Przykoszarowej, natomiast krzew\u00f3w w rejonie ulic: Poraj\u00f3w, pod BOK przy ul. Van Gogha, Ekspresowej, P\u0142u\u017cnickiej, Kasztanowej, Marcho\u0142ta, \u017bywicznej, Pu\u0142askiego, Odkrytej, Ordon\u00f3wny, Zau\u0142ek, Przykoszarowej.<\/p>\n<p><strong><a href=\"https:\/\/app.twojbudzet.um.warszawa.pl\/projekt\/17369?user=\">80: Modernizacja i rozbudowa plac\u00f3w zabaw przy ul. Odkrytej i przy ul. Ksi\u0105\u017ckowej<\/a><\/strong><\/p>\n<p align=\"justify\">Modernizacja i rozbudowa plac\u00f3w zabaw przy ul. Odkrytej (przy skateparku\/miasteczku ruchu drogowego) oraz przy ul. Ksi\u0105\u017ckowej (na terenie zielonego skweru rekreacyjno-sportowego). Plac zabaw przy ul. Odkrytej: remont bie\u017c\u0105cych urz\u0105dze\u0144 i zniszczonej gumowej nawierzchni, nowe sprz\u0119ty do zabawy i \u0107wicze\u0144, posadzone zostan\u0105 drzewa i inna ziele\u0144, zamontowane zostan\u0105 dodatkowe \u0142awki, kosze na \u015bmieci, o\u015bwietlenie, tablica na og\u0142oszenia, monitoring. Dodatkowo, zostanie zadaszona piaskownica, zamontowane zostanie o\u015bwietlenie solarne (plac zabaw b\u0119dzie funkcjonowa\u0142 ca\u0142y rok) oraz monitoring. Plac zabaw przy ul. Ksi\u0105\u017ckowej: powstanie monitoring, nowoczesna strefa do street workout, postawione zostan\u0105 \u0142awki, kosze na \u015bmieci, latarnie solarne, zamontowane zostan\u0105 nowe urz\u0105dzenia dla dzieci na placu zabaw, umieszczone zostan\u0105 tak\u017ce hamaki i le\u017caki miejskie. Dodatkowo w ramach projektu postawiona b\u0119dzie tablica og\u0142osze\u0144, budki dla ptak\u00f3w, stacja do samodzielnej naprawy rower\u00f3w i w\u00f3zk\u00f3w oraz hotel dla owad\u00f3w.<\/p>\n<p><strong><a href=\"https:\/\/app.twojbudzet.um.warszawa.pl\/projekt\/18573?user=\">81: T\u0119\u017cnia solankowa Choszcz\u00f3wka ul. Brzezi\u0144ska<\/a>&nbsp;<\/strong><\/p>\n<p align=\"justify\">Budowa t\u0119\u017cni solankowej w Choszcz\u00f3wce przy ul. Brzezi\u0144skiej. Na u\u0142o\u017cone na drewnianej konstrukcji ga\u0142\u0105zki od g\u00f3ry dozowana jest solanka, kt\u00f3ra sp\u0142ywa swobodnie po ga\u0142\u0105zkach, a jej nadmiar gromadzi si\u0119 w korycie umieszczonym w dolnej cz\u0119\u015bci t\u0119\u017cni. Tak rozprowadzona solanka podlega intensywnemu parowaniu. Powsta\u0142y aerozol odznacza si\u0119 szczeg\u00f3lnymi walorami zdrowotnymi, poniewa\u017c jego cz\u0105steczki maj\u0105 znaczn\u0105 zdolno\u015b\u0107 penetracji poprzez b\u0142ony \u015bluzowe uk\u0142adu oddechowego oraz sk\u00f3r\u0119, a tak\u017ce nasyca powietrze jodem, bromem i ca\u0142\u0105 gam\u0105 innych mikroelement\u00f3w jak magnez, s\u00f3d, potas, \u017celazo i innych. Wok\u00f3\u0142 t\u0119\u017cni wytwarza si\u0119 specyficzny mikroklimat, b\u0119d\u0105cy naturalnym leczniczym inhalatorium. Mikroklimat t\u0119\u017cni wytwarzany jest w skutek ociekania solanki i dzia\u0142ania ruchu powietrza, co powoduje intensywne parowanie. Ka\u017cdy mo\u017ce si\u0119 przy nich zrelaksowa\u0107 i pooddycha\u0107 leczniczym powietrzem. Dzi\u0119ki budowie t\u0119\u017cni i wykorzystaniu solanki mo\u017cna stworzy\u0107 unikatowe miejsce pozwalaj\u0105ce odetchn\u0105\u0107 najlepszej jako\u015bci powietrzem w n\u0119kanym smogiem mie\u015bcie. Dodatkowo mo\u017ce to by\u0107 jedno z najbardziej urokliwych miejsc w \u015brodkowej cz\u0119\u015bci Bia\u0142o\u0142\u0119ki, gdy\u017c nie ma w mie\u015bcie jeszcze takiego obiektu, a najbli\u017csze s\u0105 bardzo oddalone.\nT\u0119\u017cnia idealnie pasuje do przeznaczenia tego terenu na rekreacje i sport. Godzinny pobyt przy t\u0119\u017cni r\u00f3wnowa\u017cny jest 3 dniom pobytu nad morzem. Opr\u00f3cz budowy t\u0119\u017cni solankowej wskazana b\u0119dzie infrastruktura towarzysz\u0105ca: ustawienie dooko\u0142a \u0142aweczek oraz tablicy informacyjnej.<\/p>\n<p><strong><a href=\"https:\/\/app.twojbudzet.um.warszawa.pl\/projekt\/17375?user=\">84: Tak dla do\u015bwietlonej i bezpiecznej ul. Nowodworskiej i Odkrytej<\/a>&nbsp;<\/strong><\/p>\n<p align=\"justify\">Zmiana opraw o\u015bwietleniowych na LED na latarniach\/s\u0142upach w pasie drogowym ulic Nowodworskiej i Odkrytej. Przyczyni si\u0119 to do poprawy widoczno\u015bci, bezpiecze\u0144stwa i do\u015bwietlenia ww. ulic oraz zmniejszenia poboru pr\u0105du. Dodatkowo, wzd\u0142u\u017c ww. ulic postawionych zostanie 10 donic miejskich z kwiatami oraz 6 nowych koszy na \u015bmieci.<\/p>\n<p><strong><a href=\"https:\/\/app.twojbudzet.um.warszawa.pl\/projekt\/17379?user=\">100: Staw na ul. Dzierzgo\u0144skiej &#8211; nowe miejsce wypoczynku dla mieszka\u0144c\u00f3w<\/a>&nbsp;<\/strong><\/p>\n<p align=\"justify\">Oczyszczenie stawu przy ul. Dzierzgo\u0144skiej, ustawienie \u0142awek i koszy na \u015bmieci, wysypanie piasku do zabawy dla dzieci.<\/p>\n<p><strong><a href=\"https:\/\/app.twojbudzet.um.warszawa.pl\/projekt\/18590?user=\">101: Kurtyny wodne dla Bia\u0142o\u0142\u0119ki place zabaw, parki, boiska, imprezy plenerowe, pikniki szkolne<\/a><\/strong><\/p>\n<p align=\"justify\">Projekt zak\u0142ada zakup 10 kurtyn wodnych. Z uwagi na zmieniaj\u0105cy si\u0119 klimat, gor\u0105ce miesi\u0105ce wiosny i lata oraz trudne do zniesienia upa\u0142y w mie\u015bcie, powsta\u0142 pomys\u0142 zakupu kurtyn wodnych dla dzielnicy Bia\u0142o\u0142\u0119ka, kt\u00f3re by\u0142yby rozstawiane w czasie upalnych dni np. na imprezach plenerowych, szkolnych piknikach, czy osiedlowych placach zabaw, parkach, boiskach. Tak, aby rozproszona woda przynosi\u0142a ulg\u0119 w upalne dni, a przy okazji dawa\u0142a wiele frajdy dzieciom i przechodniom zm\u0119czonym miejskimi upa\u0142ami. Lokalizacja kurtyn b\u0119dzie zmieniana, aby nie tworzy\u0107 zbyt du\u017cych ka\u0142u\u017c. B\u0119dzie te\u017c mo\u017cna je wypo\u017cyczy\u0107 z dzielnicy w miar\u0119 potrzeb np. na szkolne pikniki.<\/p>\n<p><strong><a href=\"https:\/\/app.twojbudzet.um.warszawa.pl\/projekt\/19542\">103: Warsztaty literackie<\/a><\/strong><\/p>\n<p align=\"justify\">Cykl warsztat\u00f3w po\u0142\u0105czonych ze spotkaniami autorskimi z autorami powie\u015bci kryminalnych oraz powie\u015bci fantastycznych. Na spotkania zaprosimy wielu autor\u00f3w, co miesi\u0105c spotkacie nowego pisarza, kt\u00f3ry opowie Wam o swoim warsztacie.\nWarsztaty b\u0119d\u0119 odbywa\u0142y si\u0119 raz w miesi\u0105cu, w identycznej formie w dw\u00f3ch lokalizacjach Bia\u0142o\u0142\u0119ckiego O\u015brodka Kultury: Na Tarchominie i na Zielonej Bia\u0142o\u0142\u0119ce.<\/p>\n<p><strong><a href=\"https:\/\/app.twojbudzet.um.warszawa.pl\/projekt\/17381?user=\">105: Bia\u0142o\u0142\u0119cki Bazar Zabawek U\u017cywanych &#8211; dodatkowe atrakcje dla dzieci i m\u0142odzie\u017cy<\/a><\/strong><\/p>\n<p align=\"justify\">Zapewnienie dodatkowych bezp\u0142atnych atrakcji dla uczestnik\u00f3w corocznego Bia\u0142o\u0142\u0119ckiego Bazaru Zabawek U\u017cywanych, kt\u00f3ry odbywa si\u0119 w Parku Picassa. W ramach bezp\u0142atnego wydarzenia i atrakcji, kt\u00f3re zapewniaj\u0105 partnerzy bazaru zabawek, dzi\u0119ki projektowi z bud\u017cetu obywatelskiego mo\u017cliwe b\u0119dzie op\u0142acenie dodatkowych atrakcji dla dzieci i m\u0142odzie\u017cy odwiedzaj\u0105cych wydarzenie &#8211; m.in. miasteczka dmucha\u0144c\u00f3w tj. dmuchanej zje\u017cd\u017calni, zamku, \u015bcianki wspinaczkowej, trampoliny, kuli zorbingowej, basenu z pi\u0142kami, placu zabaw oraz wielu innych atrakcji.<\/p>\n<p><strong><a href=\"https:\/\/app.twojbudzet.um.warszawa.pl\/projekt\/17296?user=\">106: Budowa o\u015bwietlenia placu zabaw przy ul. Brzezi\u0144skiej 15&nbsp;<\/a>&nbsp;<\/strong><\/p>\n<p align=\"justify\"> Monta\u017c o\u015bwietlenia placu zabaw w postaci 5 latar\u0144 zasilanych panelami fotowoltaicznymi (PV).<\/p>\n<p><strong>Poziom Og\u00f3lnomiejski:<\/strong><\/p>\n<p><strong><a href=\"https:\/\/app.twojbudzet.um.warszawa.pl\/projekt\/17162?user=\">31: Mierniki jako\u015bci powietrza dla szk\u00f3\u0142 na Bia\u0142o\u0142\u0119ce<\/a>&nbsp;<\/strong><\/p>\n<p align=\"justify\"> Monta\u017c w 12 lokalizacjach miernik\u00f3w pomiaru jako\u015bci powietrza w celu pomiaru poziomu st\u0119\u017cenia py\u0142\u00f3w zawieszonych PM2.5, PM10 oraz NO2 a tak\u017ce podstawowych parametr\u00f3w meteorologicznych. Udost\u0119pnienie danych na platformie open data co zapewnieni mo\u017cliwo\u015b\u0107 korzystania z danych przez aplikacje prezentuj\u0105ce jako\u015b\u0107 powietrza. W oparciu o te dane, na mapie online prezentowane b\u0119d\u0105 m.in. informacje o jako\u015bci powietrza. <\/p>\n","protected":false},"excerpt":{"rendered":"<p>Serdecznie zapraszamy do g\u0142osowania na projekty zg\u0142oszone przez cz\u0142onk\u00f3w naszego stowarzyszenia do tegorocznej edycji Bud\u017cetu Obywatelskiego. G\u0142osowanie potrwa od 6 do 23 wrze\u015bnia 2019 r. Poziom Dzielnicowy: 2: Uj\u0119cie wody pitnej w Parku Magiczna Proponowany zdr\u00f3j wody pitnej jest dwu-misowy, z boczn\u0105 mis\u0105 z poide\u0142kiem dla zwierz\u0105t, spe\u0142niaj\u0105cy wymagania dla os\u00f3b niepe\u0142nosprawnych. Urz\u0105dzenie wandaloodporne, odporne [&hellip;]<\/p>\n","protected":false},"author":3,"featured_media":8264,"comment_status":"closed","ping_status":"closed","sticky":false,"template":"","format":"standard","meta":{"ngg_post_thumbnail":0,"footnotes":""},"categories":[27,28,25],"tags":[],"class_list":["post-8772","post","type-post","status-publish","format-standard","has-post-thumbnail","hentry","category-inwestycje","category-ochrona-srodowiska","category-samorzad"],"_links":{"self":[{"href":"https:\/\/razemdlabialoleki.waw.pl\/index.php?rest_route=\/wp\/v2\/posts\/8772","targetHints":{"allow":["GET"]}}],"collection":[{"href":"https:\/\/razemdlabialoleki.waw.pl\/index.php?rest_route=\/wp\/v2\/posts"}],"about":[{"href":"https:\/\/razemdlabialoleki.waw.pl\/index.php?rest_route=\/wp\/v2\/types\/post"}],"author":[{"embeddable":true,"href":"https:\/\/razemdlabialoleki.waw.pl\/index.php?rest_route=\/wp\/v2\/users\/3"}],"replies":[{"embeddable":true,"href":"https:\/\/razemdlabialoleki.waw.pl\/index.php?rest_route=%2Fwp%2Fv2%2Fcomments&post=8772"}],"version-history":[{"count":2,"href":"https:\/\/razemdlabialoleki.waw.pl\/index.php?rest_route=\/wp\/v2\/posts\/8772\/revisions"}],"predecessor-version":[{"id":8774,"href":"https:\/\/razemdlabialoleki.waw.pl\/index.php?rest_route=\/wp\/v2\/posts\/8772\/revisions\/8774"}],"wp:featuredmedia":[{"embeddable":true,"href":"https:\/\/razemdlabialoleki.waw.pl\/index.php?rest_route=\/wp\/v2\/media\/8264"}],"wp:attachment":[{"href":"https:\/\/razemdlabialoleki.waw.pl\/index.php?rest_route=%2Fwp%2Fv2%2Fmedia&parent=8772"}],"wp:term":[{"taxonomy":"category","embeddable":true,"href":"https:\/\/razemdlabialoleki.waw.pl\/index.php?rest_route=%2Fwp%2Fv2%2Fcategories&post=8772"},{"taxonomy":"post_tag","embeddable":true,"href":"https:\/\/razemdlabialoleki.waw.pl\/index.php?rest_route=%2Fwp%2Fv2%2Ftags&post=8772"}],"curies":[{"name":"wp","href":"https:\/\/api.w.org\/{rel}","templated":true}]}}