{"id":8513,"date":"2019-09-14T19:00:27","date_gmt":"2019-09-14T18:00:27","guid":{"rendered":"http:\/\/razemdlabialoleki.waw.pl\/?p=8513"},"modified":"2024-01-14T14:21:41","modified_gmt":"2024-01-14T13:21:41","slug":"veturilo-gdzie-konsultacje-spoleczne","status":"publish","type":"post","link":"https:\/\/razemdlabialoleki.waw.pl\/?p=8513","title":{"rendered":"Veturilo &#8211; gdzie? [KONSULTACJE SPO\u0141ECZNE]"},"content":{"rendered":"<p style=\"text-align: justify;\"><img loading=\"lazy\" decoding=\"async\" class=\"aligncenter size-full wp-image-8514\" src=\"http:\/\/razemdlabialoleki.waw.pl\/wp-content\/uploads\/2019\/09\/veturilo.png\" alt=\"\" width=\"900\" height=\"344\" srcset=\"https:\/\/razemdlabialoleki.waw.pl\/wp-content\/uploads\/2019\/09\/veturilo.png 900w, https:\/\/razemdlabialoleki.waw.pl\/wp-content\/uploads\/2019\/09\/veturilo-300x115.png 300w, https:\/\/razemdlabialoleki.waw.pl\/wp-content\/uploads\/2019\/09\/veturilo-768x294.png 768w, https:\/\/razemdlabialoleki.waw.pl\/wp-content\/uploads\/2019\/09\/veturilo-110x42.png 110w, https:\/\/razemdlabialoleki.waw.pl\/wp-content\/uploads\/2019\/09\/veturilo-420x161.png 420w, https:\/\/razemdlabialoleki.waw.pl\/wp-content\/uploads\/2019\/09\/veturilo-770x294.png 770w\" sizes=\"auto, (max-width: 900px) 100vw, 900px\" \/><br \/>\nWystarczy wej\u015b\u0107 na <span class=\"_5mfr\"><span class=\"_6qdm\">\u27a1\ufe0f<\/span><\/span> <a href=\"https:\/\/l.facebook.com\/l.php?u=https%3A%2F%2Fbit.ly%2FMapaVeturilo%3Ffbclid%3DIwAR22aDzcZKrUR3FJzsEHhWVUu-eLkaep_n9JT3wpRDp_5FERmra8uvQidUc&amp;h=AT3MGbayV7ioJi2onWwZRN31HJO9aBj7hht0hbTImcYF5pPbDWB-e6CQ9ILZR3Dix5h3l92hyI6FDNrHbrXRCsah_ThTt3SwSZ0pD6vbMHfbQtu_LJUmMc5TyAj3kl3LEXVUxIQVKJh8JWBV5MYh6UKto0ortma6xiTuOyHpKaBKTg7v8mvhNo51OeCW43_1gp9dTkob86Y1tvi4ngZF_MObE2a_2i0qxrLQ0RT0UfAviU5auqOgcbPjYT4560cIKgEMlfQ5pz7iuwTtGBIxkyyyhac5b0ZLnTaSi-bwV87t2XjIUfgc9o8rn_Fzi-CVgvzZ7QNIi0zhhIVxIAL_8kabSlfSE3EMzzl2mAXqov8z4eB4SaYT5TzCmuVGw3TNEFfiEhthfJSwxYbXudsoEsViUdaKKl-O3OFfKXX-wCk8d_xDAqkHXXtdIHNYWbHmonz3ImhXpjYY1tG39KI_gXxS0eNNSeuwM5gSvQJ7Xg25etSlH7F7MNWAF7RtCfuBECI0n4jeu7TtDcI-w-v6Gtu0rXw7iHcBW-JDueg3VTJGb_8lsvjytdfYeY6U8kUVZq4aN1AsJrE4a2IPdbgWOfpWhSr-IZopT2TpQ-IUa8KDy0m0QkPLV2uEq-JKCA6FtTVvvQ\" target=\"_blank\" rel=\"noopener nofollow noreferrer\" data-ft=\"{&quot;tn&quot;:&quot;-U&quot;}\" data-lynx-mode=\"async\">bit.ly\/MapaVeturilo <\/a>i wskaza\u0107 lokalizacj\u0119 nowej stacji <span class=\"_5mfr\"><span class=\"_6qdm\">\ud83d\udeb4\u200d\u2640\ufe0f<\/span><\/span> Zach\u0119camy do zg\u0142aszania propozycji z listy, opracowanej razem z mieszka\u0144cami <span class=\"_5mfr\"><span class=\"_6qdm\">\u2935\ufe0f<br \/>\n<\/span><\/span><br \/>\n<span class=\"_5mfr\"><span class=\"_6qdm\">\u2705<\/span><\/span> Tarchomin<\/p>\n<p><span class=\"_5mfr\"><span class=\"_6qdm\">\ud83d\udeb4\u200d\u2640\ufe0f<\/span><\/span> Ryneczek Poraje (\u015awiderska\/Poraj\u00f3w\/Antalla)<br \/>\n<span class=\"_5mfr\"><span class=\"_6qdm\">\ud83d\udeb4\u200d\u2642\ufe0f<\/span><\/span> My\u015bliborska\/\u015awiatowida<br \/>\n<span class=\"_5mfr\"><span class=\"_6qdm\">\ud83d\udeb4\u200d\u2640\ufe0f<\/span><\/span> My\u015bliborska\/\u0106mielowska\/Botewa<span class=\"text_exposed_show\"><br \/>\n<span class=\"_5mfr\"><span class=\"_6qdm\">\ud83d\udeb4\u200d\u2642\ufe0f<\/span><\/span> Milenijna\/\u0106mielowska<\/span><\/p>\n<p><span class=\"_5mfr\"><span class=\"_6qdm\">\u2705<\/span><\/span> Nowodwory<\/p>\n<p><span class=\"_5mfr\"><span class=\"_6qdm\">\ud83d\udeb4\u200d\u2640\ufe0f<\/span><\/span> Odkryta\/\u0141\u0105cz\u0105ca<br \/>\n<span class=\"_5mfr\"><span class=\"_6qdm\">\ud83d\udeb4\u200d\u2642\ufe0f<\/span><\/span> Odkryta\/Sprawna<br \/>\n<span class=\"_5mfr\"><span class=\"_6qdm\">\ud83d\udeb4\u200d\u2640\ufe0f<\/span><\/span> K\u0119pa Tarchomi\u0144ska<br \/>\n<span class=\"_5mfr\"><span class=\"_6qdm\">\ud83d\udeb4\u200d\u2642\ufe0f<\/span><\/span> Buk\u00f3w\/Przyrzecze (okolice p\u0119tli)<br \/>\n<span class=\"_5mfr\"><span class=\"_6qdm\">\ud83d\udeb4\u200d\u2640\ufe0f<\/span><\/span> Poet\u00f3w\/Modli\u0144ska<br \/>\n<span class=\"_5mfr\"><span class=\"_6qdm\">\ud83d\udeb4\u200d\u2642\ufe0f<\/span><\/span> Mehoffera\/Modli\u0144ska<\/p>\n<p><span class=\"_5mfr\"><span class=\"_6qdm\">\u2705<\/span><\/span> \u017bera\u0144<\/p>\n<p><span class=\"_5mfr\"><span class=\"_6qdm\">\ud83d\udeb4\u200d\u2640\ufe0f<\/span><\/span> p\u0119tla \u017bera\u0144 FSO<br \/>\n<span class=\"_5mfr\"><span class=\"_6qdm\">\ud83d\udeb4\u200d\u2642\ufe0f<\/span><\/span> Park \u017bera\u0144ski (Kowalczyka\/Krzy\u017c\u00f3wki\/P\u0142ochoci\u0144ska)<br \/>\n<span class=\"_5mfr\"><span class=\"_6qdm\">\ud83d\udeb4\u200d\u2640\ufe0f<\/span><\/span> PKP \u017bera\u0144 (P\u0142ochoci\u0144ska\/Marywilska)<br \/>\n<span class=\"_5mfr\"><span class=\"_6qdm\">\ud83d\udeb4\u200d\u2640\ufe0f Marywilska\/Kupiecka<\/span><\/span><br \/>\n<span class=\"_5mfr\"><span class=\"_6qdm\">\ud83d\udeb4\u200d\u2642\ufe0f<\/span><\/span> szko\u0142a podstawowa przy ul. My\u015bliborskiej<br \/>\n<span class=\"_5mfr\"><span class=\"_6qdm\">\ud83d\udeb4\u200d\u2640\ufe0f<\/span><\/span> szko\u0142a podstawowa przy ul. P\u0142u\u017cnickiej<br \/>\n<span class=\"_5mfr\"><span class=\"_6qdm\">\ud83d\udeb4\u200d\u2642\ufe0f<\/span><\/span> Modli\u0144ska\/P\u0142ochoci\u0144ska<br \/>\n<span class=\"_5mfr\"><span class=\"_6qdm\">\ud83d\udeb4\u200d\u2640\ufe0f<\/span><\/span> Modli\u0144ska\/Ekspresowa<\/p>\n<p><span class=\"_5mfr\"><span class=\"_6qdm\">\u2705<\/span><\/span> Wschodnia Bia\u0142o\u0142\u0119ka<\/p>\n<p><span class=\"_5mfr\"><span class=\"_6qdm\">\ud83d\udeb4\u200d\u2640\ufe0f<\/span><\/span> G\u0142\u0119bocka\/Kartograficzna<br \/>\n<span class=\"_5mfr\"><span class=\"_6qdm\">\ud83d\udeb4\u200d\u2642\ufe0f<\/span><\/span> G\u0142\u0119bocka\/Sieczna<br \/>\n<span class=\"_5mfr\"><span class=\"_6qdm\">\ud83d\udeb4\u200d\u2640\ufe0f<\/span><\/span> p\u0119tla autobusowa Grodzisk<br \/>\n<span class=\"_5mfr\"><span class=\"_6qdm\">\ud83d\udeb4\u200d\u2642\ufe0f<\/span><\/span> Skarbka z G\u00f3r\/Derby<br \/>\n<span class=\"_5mfr\"><span class=\"_6qdm\">\ud83d\udeb4\u200d\u2640\ufe0f<\/span><\/span> Zdziarska\/Verdiego<br \/>\n<span class=\"_5mfr\"><span class=\"_6qdm\">\ud83d\udeb4\u200d\u2642\ufe0f<\/span><\/span> SP przy Ostr\u00f3dzkiej<br \/>\n<span class=\"_5mfr\"><span class=\"_6qdm\">\ud83d\udeb4\u200d\u2640\ufe0f<\/span><\/span> SP przy Hemara\/Warzelnicza<br \/>\n<span class=\"_5mfr\"><span class=\"_6qdm\">\ud83d\udeb4\u200d\u2642\ufe0f<\/span><\/span> Odlewnicza\/Annopol<br \/>\n<span class=\"_5mfr\"><span class=\"_6qdm\">\ud83d\udeb4\u200d\u2640\ufe0f<\/span><\/span> Daniszewska\/Szlachecka<br \/>\n<span class=\"_5mfr\"><span class=\"_6qdm\">\ud83d\udeb4\u200d\u2642\ufe0f<\/span><\/span> p\u0119tla August\u00f3w<br \/>\n<span class=\"_5mfr\"><span class=\"_6qdm\">\ud83d\udeb4\u200d\u2640\ufe0f<\/span><\/span> Przykoszarowa (przychodnia)<br \/>\n<span class=\"_5mfr\"><span class=\"_6qdm\">\ud83d\udeb4\u200d\u2642\ufe0f<\/span><\/span> Berensona\/K\u0105ty Grodziskie<br \/>\n<span class=\"_5mfr\"><span class=\"_6qdm\">\ud83d\udeb4\u200d\u2640\ufe0f<\/span><\/span> Geodezyjna\/Decathlon<\/p>\n<p><span class=\"_5mfr\"><span class=\"_6qdm\">\u2705<\/span><\/span> Choszcz\u00f3wka, Henryk\u00f3w<\/p>\n<p><span class=\"_5mfr\"><span class=\"_6qdm\">\ud83d\udeb4\u200d\u2640\ufe0f<\/span><\/span> PKP P\u0142udy<br \/>\n<span class=\"_5mfr\"><span class=\"_6qdm\">\ud83d\udeb4\u200d\u2642\ufe0f<\/span><\/span> PKP Warszawa Choszcz\u00f3wka<br \/>\n<span class=\"_5mfr\"><span class=\"_6qdm\">\ud83d\udeb4\u200d\u2642\ufe0f<\/span><\/span> przystanek Parcelacyjna (w kierunku Tarchomina) lub skrzy\u017cowanie Parcelacyjna\/Mehoffera<br \/>\n<span class=\"_5mfr\"><span class=\"_6qdm\">\ud83d\udeb4\u200d\u2640\ufe0f<\/span><\/span> Park Henrykowski (Modli\u0144ska\/Klasyk\u00f3w)<br \/>\n<span class=\"_5mfr\"><span class=\"_6qdm\">\ud83d\udeb4\u200d\u2642\ufe0f<\/span><\/span> szko\u0142a podstawowa przy ul. Podr\u00f3\u017cniczej<\/p>\n","protected":false},"excerpt":{"rendered":"<p>Wystarczy wej\u015b\u0107 na \u27a1\ufe0f bit.ly\/MapaVeturilo i wskaza\u0107 lokalizacj\u0119 nowej stacji \ud83d\udeb4\u200d\u2640\ufe0f Zach\u0119camy do zg\u0142aszania propozycji z listy, opracowanej razem z mieszka\u0144cami \u2935\ufe0f \u2705 Tarchomin \ud83d\udeb4\u200d\u2640\ufe0f Ryneczek Poraje (\u015awiderska\/Poraj\u00f3w\/Antalla) \ud83d\udeb4\u200d\u2642\ufe0f My\u015bliborska\/\u015awiatowida \ud83d\udeb4\u200d\u2640\ufe0f My\u015bliborska\/\u0106mielowska\/Botewa \ud83d\udeb4\u200d\u2642\ufe0f Milenijna\/\u0106mielowska \u2705 Nowodwory \ud83d\udeb4\u200d\u2640\ufe0f Odkryta\/\u0141\u0105cz\u0105ca \ud83d\udeb4\u200d\u2642\ufe0f Odkryta\/Sprawna \ud83d\udeb4\u200d\u2640\ufe0f K\u0119pa Tarchomi\u0144ska \ud83d\udeb4\u200d\u2642\ufe0f Buk\u00f3w\/Przyrzecze (okolice p\u0119tli) \ud83d\udeb4\u200d\u2640\ufe0f Poet\u00f3w\/Modli\u0144ska \ud83d\udeb4\u200d\u2642\ufe0f Mehoffera\/Modli\u0144ska \u2705 \u017bera\u0144 \ud83d\udeb4\u200d\u2640\ufe0f p\u0119tla [&hellip;]<\/p>\n","protected":false},"author":2,"featured_media":8514,"comment_status":"closed","ping_status":"closed","sticky":false,"template":"","format":"standard","meta":{"ngg_post_thumbnail":0,"footnotes":""},"categories":[27,30],"tags":[],"class_list":["post-8513","post","type-post","status-publish","format-standard","has-post-thumbnail","hentry","category-inwestycje","category-komunikacja"],"_links":{"self":[{"href":"https:\/\/razemdlabialoleki.waw.pl\/index.php?rest_route=\/wp\/v2\/posts\/8513","targetHints":{"allow":["GET"]}}],"collection":[{"href":"https:\/\/razemdlabialoleki.waw.pl\/index.php?rest_route=\/wp\/v2\/posts"}],"about":[{"href":"https:\/\/razemdlabialoleki.waw.pl\/index.php?rest_route=\/wp\/v2\/types\/post"}],"author":[{"embeddable":true,"href":"https:\/\/razemdlabialoleki.waw.pl\/index.php?rest_route=\/wp\/v2\/users\/2"}],"replies":[{"embeddable":true,"href":"https:\/\/razemdlabialoleki.waw.pl\/index.php?rest_route=%2Fwp%2Fv2%2Fcomments&post=8513"}],"version-history":[{"count":2,"href":"https:\/\/razemdlabialoleki.waw.pl\/index.php?rest_route=\/wp\/v2\/posts\/8513\/revisions"}],"predecessor-version":[{"id":8771,"href":"https:\/\/razemdlabialoleki.waw.pl\/index.php?rest_route=\/wp\/v2\/posts\/8513\/revisions\/8771"}],"wp:featuredmedia":[{"embeddable":true,"href":"https:\/\/razemdlabialoleki.waw.pl\/index.php?rest_route=\/wp\/v2\/media\/8514"}],"wp:attachment":[{"href":"https:\/\/razemdlabialoleki.waw.pl\/index.php?rest_route=%2Fwp%2Fv2%2Fmedia&parent=8513"}],"wp:term":[{"taxonomy":"category","embeddable":true,"href":"https:\/\/razemdlabialoleki.waw.pl\/index.php?rest_route=%2Fwp%2Fv2%2Fcategories&post=8513"},{"taxonomy":"post_tag","embeddable":true,"href":"https:\/\/razemdlabialoleki.waw.pl\/index.php?rest_route=%2Fwp%2Fv2%2Ftags&post=8513"}],"curies":[{"name":"wp","href":"https:\/\/api.w.org\/{rel}","templated":true}]}}