{"id":7822,"date":"2019-04-25T21:19:11","date_gmt":"2019-04-25T20:19:11","guid":{"rendered":"http:\/\/razemdlabialoleki.waw.pl\/?p=7822"},"modified":"2024-01-14T14:25:17","modified_gmt":"2024-01-14T13:25:17","slug":"park-zeranski","status":"publish","type":"post","link":"https:\/\/razemdlabialoleki.waw.pl\/?p=7822","title":{"rendered":"Park \u017bera\u0144ski"},"content":{"rendered":"<p>Podczas wczorajszej dyskusji o Parku \u017bera\u0144skim <a href=\"https:\/\/www.facebook.com\/MateuszSenko\">Mateusz Senko<\/a> zg\u0142osi\u0142 postulaty zebrane od s\u0105siad\u00f3w, dotycz\u0105ce m.in. <span class=\"_5mfr\"><span class=\"_6qdm\">\u2935\ufe0f<br \/>\n<\/span><\/span><br \/>\n<span class=\"_5mfr\"><span class=\"_6qdm\">\u27a1\ufe0f<\/span><\/span> Przeznaczenia terenu pomi\u0119dzy osiedlami Nadwi\u015bla\u0144s<span class=\"text_exposed_show\">kim i Riviera Park na ziele\u0144 urz\u0105dzon\u0105 i rezygnacj\u0119 w tym miejscu z parkingu oraz targu \u015bniadaniowego, kt\u00f3ry powinien zmieni\u0107 lokalizacj\u0119 &#8211; np. na okolice skrzy\u017cowania Krzy\u017c\u00f3wki\/Kowalczyka.<br \/>\n<span class=\"_5mfr\"><span class=\"_6qdm\">\u27a1\ufe0f<\/span><\/span> Rezygnacji na ca\u0142ym terenie z wiat\/altan rekreacyjnych oraz ograniczenie do minimum miejsc do grillowania, \u017ceby ograniczy\u0107 za\u015bmiecanie parku.<br \/>\n<span class=\"_5mfr\"><span class=\"_6qdm\">\u27a1\ufe0f<\/span><\/span> Rezygnacji z pawilonu gastronomicznego, na rzecz zlokalizowania w tym miejscu pawilonu aktywno\u015bci lokalnej.<br \/>\n<span class=\"_5mfr\"><span class=\"_6qdm\">\u27a1\ufe0f<\/span><\/span> Zastosowania wy\u0142\u0105cznie naturalnej\/mineralnej nawierzchni \u015bcie\u017cek (jak r\u00f3wnie\u017c parking\u00f3w) oraz ograniczenie szeroko\u015bci cz\u0119\u015bci z nich.<br \/>\n<span class=\"_5mfr\"><span class=\"_6qdm\">\u27a1\ufe0f<\/span><\/span> Ograniczenia do minimum ingerencji w istniej\u0105cy drzewostan oraz zaplanowanie odtworzenia siedlisk zwierz\u0105t, ze szczeg\u00f3lnym uwzgl\u0119dnieniem ptak\u00f3w.<br \/>\n<span class=\"_5mfr\"><span class=\"_6qdm\">\u27a1\ufe0f<\/span><\/span> Zagospodarowania skweru przy ul. Krzy\u017c\u00f3wki jako terenu zieleni\/rekreacji (ziele\u0144, naturalne \u015bcie\u017cki, \u0142awki, o\u015bwietlenie), zgodnie z za\u0142o\u017ceniami realizowanego obecnie projektu z Bud\u017cetu Partycypacyjnego.<br \/>\n<span class=\"_5mfr\"><span class=\"_6qdm\">\u27a1\ufe0f<\/span><\/span> Rezygnacji z lokalizowania dodatkowych obiekt\u00f3w za boiskiem orlik, aby by\u0142o mo\u017cliwe zachowanie drzewostanu wok\u00f3\u0142 boiska i orlika bez ingerencji.<br \/>\n<span class=\"_5mfr\"><span class=\"_6qdm\">\u27a1\ufe0f<\/span><\/span> Rezygnacji z lokalizowania skateparku oraz rozbudowanej infrastruktury sportowej, na rzecz mniej uci\u0105\u017cliwej pod wzgl\u0119dem ha\u0142asu czy komunikacji infrastruktury sportowej.<br \/>\n<span class=\"_5mfr\"><span class=\"_6qdm\">\u27a1\ufe0f<\/span><\/span> Zapewnienie zbli\u017conej do obecnej liczby miejsc parkingowych w rejonie skrzy\u017cowania ul. Kowalczyka\/Krzy\u017c\u00f3wki &#8211; na terenie uporz\u0105dkowanego gruntowego parkingu, zlokalizowanego w rezerwie pod przed\u0142u\u017cenie ul. Kowalczyka.<br \/>\n<span class=\"_5mfr\"><span class=\"_6qdm\">\u27a1\ufe0f<\/span><\/span> Poprawy komunikacji pieszej parku poprzez:<br \/>\na) Utworzenie przej\u015bcia dla pieszych przez ul. Krzy\u017c\u00f3wki, b\u0119d\u0105cego przed\u0142u\u017ceniem ci\u0105gu pieszego od\/do ul. Kowalczyka.<br \/>\nb) Przed\u0142u\u017cenie chodnika (o ok. 25 metr\u00f3w) od boiska orlik do skweru, aby zapewni\u0107 wygodne i bezpieczne doj\u015bcie do parku.<br \/>\nc) Budow\u0119 spowalniaczy przed\/za przej\u015bciem dla pieszych znajduj\u0105cym si\u0119 przed boiskiem orlik, aby zapewni\u0107 bezpieczne doj\u015bcie do parku.<br \/>\nd) Popraw\u0119 dost\u0119pno\u015bci doj\u015bcia do parku od strony \u017c\u0142obka przy ul. Krzy\u017c\u00f3wki poprzez wykonanie \u015bcie\u017cki o \u0142agodnym nachyleniu jako przed\u0142u\u017cenia istniej\u0105cego chodnika.<br \/>\n<span class=\"_5mfr\"><span class=\"_6qdm\">\u27a1\ufe0f<\/span><\/span> Na koniec najwa\u017cniejsze, czyli kiedy powstanie Park \u017bera\u0144ski? Jak pad\u0142o wczoraj na spotkaniu, niebawem powinny zosta\u0107 przyznane \u015brodki finansowe na jego realizacj\u0119, p\u00f3\u017aniej ruszy proces projektowania i uzgodnie\u0144, a realizacji parku mo\u017cemy si\u0119 spodziewa\u0107 w 2021 roku.<\/span><\/p>\n","protected":false},"excerpt":{"rendered":"<p>Podczas wczorajszej dyskusji o Parku \u017bera\u0144skim Mateusz Senko zg\u0142osi\u0142 postulaty zebrane od s\u0105siad\u00f3w, dotycz\u0105ce m.in. \u2935\ufe0f \u27a1\ufe0f Przeznaczenia terenu pomi\u0119dzy osiedlami Nadwi\u015bla\u0144skim i Riviera Park na ziele\u0144 urz\u0105dzon\u0105 i rezygnacj\u0119 w tym miejscu z parkingu oraz targu \u015bniadaniowego, kt\u00f3ry powinien zmieni\u0107 lokalizacj\u0119 &#8211; np. na okolice skrzy\u017cowania Krzy\u017c\u00f3wki\/Kowalczyka. \u27a1\ufe0f Rezygnacji na ca\u0142ym terenie z wiat\/altan [&hellip;]<\/p>\n","protected":false},"author":2,"featured_media":7823,"comment_status":"closed","ping_status":"closed","sticky":false,"template":"","format":"standard","meta":{"ngg_post_thumbnail":0,"footnotes":""},"categories":[27,28],"tags":[],"class_list":["post-7822","post","type-post","status-publish","format-standard","has-post-thumbnail","hentry","category-inwestycje","category-ochrona-srodowiska"],"_links":{"self":[{"href":"https:\/\/razemdlabialoleki.waw.pl\/index.php?rest_route=\/wp\/v2\/posts\/7822","targetHints":{"allow":["GET"]}}],"collection":[{"href":"https:\/\/razemdlabialoleki.waw.pl\/index.php?rest_route=\/wp\/v2\/posts"}],"about":[{"href":"https:\/\/razemdlabialoleki.waw.pl\/index.php?rest_route=\/wp\/v2\/types\/post"}],"author":[{"embeddable":true,"href":"https:\/\/razemdlabialoleki.waw.pl\/index.php?rest_route=\/wp\/v2\/users\/2"}],"replies":[{"embeddable":true,"href":"https:\/\/razemdlabialoleki.waw.pl\/index.php?rest_route=%2Fwp%2Fv2%2Fcomments&post=7822"}],"version-history":[{"count":1,"href":"https:\/\/razemdlabialoleki.waw.pl\/index.php?rest_route=\/wp\/v2\/posts\/7822\/revisions"}],"predecessor-version":[{"id":7824,"href":"https:\/\/razemdlabialoleki.waw.pl\/index.php?rest_route=\/wp\/v2\/posts\/7822\/revisions\/7824"}],"wp:featuredmedia":[{"embeddable":true,"href":"https:\/\/razemdlabialoleki.waw.pl\/index.php?rest_route=\/wp\/v2\/media\/7823"}],"wp:attachment":[{"href":"https:\/\/razemdlabialoleki.waw.pl\/index.php?rest_route=%2Fwp%2Fv2%2Fmedia&parent=7822"}],"wp:term":[{"taxonomy":"category","embeddable":true,"href":"https:\/\/razemdlabialoleki.waw.pl\/index.php?rest_route=%2Fwp%2Fv2%2Fcategories&post=7822"},{"taxonomy":"post_tag","embeddable":true,"href":"https:\/\/razemdlabialoleki.waw.pl\/index.php?rest_route=%2Fwp%2Fv2%2Ftags&post=7822"}],"curies":[{"name":"wp","href":"https:\/\/api.w.org\/{rel}","templated":true}]}}