{"id":7796,"date":"2019-04-30T20:23:56","date_gmt":"2019-04-30T19:23:56","guid":{"rendered":"http:\/\/razemdlabialoleki.waw.pl\/?p=7796"},"modified":"2024-01-14T14:25:03","modified_gmt":"2024-01-14T13:25:03","slug":"tramwaj-na-zielona-bialoleke-5","status":"publish","type":"post","link":"https:\/\/razemdlabialoleki.waw.pl\/?p=7796","title":{"rendered":"Tramwaj na Zielon\u0105 Bia\u0142o\u0142\u0119k\u0119"},"content":{"rendered":"<div id=\"js_27p\" class=\"_5pbx userContent _3576\" data-testid=\"post_message\" data-ft=\"{&quot;tn&quot;:&quot;K&quot;}\">\n<p style=\"text-align: justify;\">Przygotowana dokumentacja przez <a class=\"profileLink\" href=\"https:\/\/www.facebook.com\/tramwaje.warszawa\/?__tn__=K-R&amp;eid=ARDkmyTIC3Pj6LQGOvgaj2c4WLmsNaE39P11uG1wF2VZ1I4hibbXJ9ZP9-qKp7_7NW6_qD7007AJds98&amp;fref=mentions&amp;__xts__%5B0%5D=68.ARDBYKQyJPRQp-E7XezxjmR3al47mO-qD2g3E1jW2OeoRKAQM6KjIWDCekapjIar8RRgwV-0osrFQP4elt9eK7y-5Wlyks9Z_ptnYexYGLrMuiTeMOQDAgZUun9wwWhEGPD-UZWZu5iGLGXpQPIllN0gLwoT7n4G1cBhyDLysU-3CTkHILzybaDJ_-oFK7GbwGm1eCHozaILeeNGRJJ4XNIjRTCRd0-BIw6sjZcFAWp36FqqN1iHNVxv2x7f8wYUqVabSy7bw8_ZdPD3JJSb59o3oLKGtN6UAASIXoSN2UUhT6xW1kZ2qi91drKysZkzl3SEJtrf8BqelSSf8BIyT0efqpOO\" data-hovercard=\"\/ajax\/hovercard\/page.php?id=510640639028841&amp;extragetparams=%7B%22__tn__%22%3A%22%2CdK-R-R%22%2C%22eid%22%3A%22ARDkmyTIC3Pj6LQGOvgaj2c4WLmsNaE39P11uG1wF2VZ1I4hibbXJ9ZP9-qKp7_7NW6_qD7007AJds98%22%2C%22fref%22%3A%22mentions%22%7D\" data-hovercard-prefer-more-content-show=\"1\">Tramwaje Warszawskie<\/a> &#8220;Przebudowa uk\u0142adu drogowego na terenie dzielnic Targ\u00f3wek i Bia\u0142o\u0142\u0119ka m.st. Warszawy wraz z budow\u0105 trasy tramwajowej na Zielon\u0105 Bia\u0142o\u0142\u0119k\u0119&#8221; jest studium technicznym trasy tramwajowej wraz ze zmianami w uk\u0142adzie drogowym.<\/p>\n<p style=\"text-align: justify;\">W porozumieniu z <a class=\"profileLink\" href=\"https:\/\/www.facebook.com\/zarzadmiejskichinwestycjidrogowych\/?__tn__=K-R&amp;eid=ARDMpuY9rpio0_d6RzTl1t7_OXM278NVAdH7A9ymWmiNu82i8QgyEblldo-YljrF4xN0Ml7wPEpoU6VP&amp;fref=mentions&amp;__xts__%5B0%5D=68.ARDBYKQyJPRQp-E7XezxjmR3al47mO-qD2g3E1jW2OeoRKAQM6KjIWDCekapjIar8RRgwV-0osrFQP4elt9eK7y-5Wlyks9Z_ptnYexYGLrMuiTeMOQDAgZUun9wwWhEGPD-UZWZu5iGLGXpQPIllN0gLwoT7n4G1cBhyDLysU-3CTkHILzybaDJ_-oFK7GbwGm1eCHozaILeeNGRJJ4XNIjRTCRd0-BIw6sjZcFAWp36FqqN1iHNVxv2x7f8wYUqVabSy7bw8_ZdPD3JJSb59o3oLKGtN6UAASIXoSN2UUhT6xW1kZ2qi91drKysZkzl3SEJtrf8BqelSSf8BIyT0efqpOO\" data-hovercard=\"\/ajax\/hovercard\/page.php?id=207977446033819&amp;extragetparams=%7B%22__tn__%22%3A%22%2CdK-R-R%22%2C%22eid%22%3A%22ARDMpuY9rpio0_d6RzTl1t7_OXM278NVAdH7A9ymWmiNu82i8QgyEblldo-YljrF4xN0Ml7wPEpoU6VP%22%2C%22fref%22%3A%22mentions%22%7D\" data-hovercard-prefer-more-content-show=\"1\">Zarz\u0105d Miejskich Inwestycji Drogowych<\/a> powstanie <a class=\"profileLink\" href=\"https:\/\/www.facebook.com\/TramwajZielonaBialoleka\/?__tn__=K-R&amp;eid=ARAbsUXtCJAkQwErYFoZNtj9luxTElenv5iwCyGGbAbMC2xf2c66f6LQbTsa5rOo-lQjwpWkEh4Gv22C&amp;fref=mentions&amp;__xts__%5B0%5D=68.ARDBYKQyJPRQp-E7XezxjmR3al47mO-qD2g3E1jW2OeoRKAQM6KjIWDCekapjIar8RRgwV-0osrFQP4elt9eK7y-5Wlyks9Z_ptnYexYGLrMuiTeMOQDAgZUun9wwWhEGPD-UZWZu5iGLGXpQPIllN0gLwoT7n4G1cBhyDLysU-3CTkHILzybaDJ_-oFK7GbwGm1eCHozaILeeNGRJJ4XNIjRTCRd0-BIw6sjZcFAWp36FqqN1iHNVxv2x7f8wYUqVabSy7bw8_ZdPD3JJSb59o3oLKGtN6UAASIXoSN2UUhT6xW1kZ2qi91drKysZkzl3SEJtrf8BqelSSf8BIyT0efqpOO\" data-hovercard=\"\/ajax\/hovercard\/page.php?id=464637860688257&amp;extragetparams=%7B%22__tn__%22%3A%22%2CdK-R-R%22%2C%22eid%22%3A%22ARAbsUXtCJAkQwErYFoZNtj9luxTElenv5iwCyGGbAbMC2xf2c66f6LQbTsa5rOo-lQjwpWkEh4Gv22C%22%2C%22fref%22%3A%22mentions%22%7D\" data-hovercard-prefer-more-content-show=\"1\">Tramwaj na Zielon\u0105 Bia\u0142o\u0142\u0119k\u0119<\/a> wraz z jezdni\u0105. \u0141\u0105czniki pomi\u0119dzy ulicami <a class=\"profileLink\" href=\"https:\/\/www.facebook.com\/skarbkazgor\/?__tn__=K-R&amp;eid=ARBD80gSdyYwkIr__WkleAFSjNq1O2vkWaL_IA9K-Ry5v1jsc-zkFs-JwscpMGtWB9wtmiBK1tiO01u2&amp;fref=mentions&amp;__xts__%5B0%5D=68.ARDBYKQyJPRQp-E7XezxjmR3al47mO-qD2g3E1jW2OeoRKAQM6KjIWDCekapjIar8RRgwV-0osrFQP4elt9eK7y-5Wlyks9Z_ptnYexYGLrMuiTeMOQDAgZUun9wwWhEGPD-UZWZu5iGLGXpQPIllN0gLwoT7n4G1cBhyDLysU-3CTkHILzybaDJ_-oFK7GbwGm1eCHozaILeeNGRJJ4XNIjRTCRd0-BIw6sjZcFAWp36FqqN1iHNVxv2x7f8wYUqVabSy7bw8_ZdPD3JJSb59o3oLKGtN6UAASIXoSN2UUhT6xW1kZ2qi91drKysZkzl3SEJtrf8BqelSSf8BIyT0efqpOO\" data-hovercard=\"\/ajax\/hovercard\/page.php?id=251080518253776&amp;extragetparams=%7B%22__tn__%22%3A%22%2CdK-R-R%22%2C%22eid%22%3A%22ARBD80gSdyYwkIr__WkleAFSjNq1O2vkWaL_IA9K-Ry5v1jsc-zkFs-JwscpMGtWB9wtmiBK1tiO01u2%22%2C%22fref%22%3A%22mentions%22%7D\" data-hovercard-prefer-more-content-show=\"1\">Skarbka z G\u00f3r<\/a> a <a class=\"_58cn\" href=\"https:\/\/www.facebook.com\/hashtag\/g\u0142\u0119bock\u0105?source=feed_text&amp;epa=HASHTAG&amp;__xts__%5B0%5D=68.ARDBYKQyJPRQp-E7XezxjmR3al47mO-qD2g3E1jW2OeoRKAQM6KjIWDCekapjIar8RRgwV-0osrFQP4elt9eK7y-5Wlyks9Z_ptnYexYGLrMuiTeMOQDAgZUun9wwWhEGPD-UZWZu5iGLGXpQPIllN0gLwoT7n4G1cBhyDLysU-3CTkHILzybaDJ_-oFK7GbwGm1eCHozaILeeNGRJJ4XNIjRTCRd0-BIw6sjZcFAWp36FqqN1iHNVxv2x7f8wYUqVabSy7bw8_ZdPD3JJSb59o3oLKGtN6UAASIXoSN2UUhT6xW1kZ2qi91drKysZkzl3SEJtrf8BqelSSf8BIyT0efqpOO&amp;__tn__=%2ANK-R\" data-ft=\"{&quot;type&quot;:104,&quot;tn&quot;:&quot;*N&quot;}\"><span class=\"_5afx\"><span class=\"_58cl _5afz\" aria-label=\"znacznik #\">#<\/span><span class=\"_58cm\">G\u0142\u0119bock\u0105<\/span><\/span><\/a> mog\u0105 wygl\u0105da\u0107 nast\u0119puj\u0105co. Ostateczny projekt zostanie poddany konsultacjom spo\u0142ecznym.<\/p>\n<p><img loading=\"lazy\" decoding=\"async\" class=\"aligncenter size-full wp-image-7798\" src=\"http:\/\/razemdlabialoleki.waw.pl\/wp-content\/uploads\/2019\/05\/tramwaj2.jpg\" alt=\"\" width=\"720\" height=\"960\" srcset=\"https:\/\/razemdlabialoleki.waw.pl\/wp-content\/uploads\/2019\/05\/tramwaj2.jpg 720w, https:\/\/razemdlabialoleki.waw.pl\/wp-content\/uploads\/2019\/05\/tramwaj2-225x300.jpg 225w, https:\/\/razemdlabialoleki.waw.pl\/wp-content\/uploads\/2019\/05\/tramwaj2-83x110.jpg 83w, https:\/\/razemdlabialoleki.waw.pl\/wp-content\/uploads\/2019\/05\/tramwaj2-315x420.jpg 315w, https:\/\/razemdlabialoleki.waw.pl\/wp-content\/uploads\/2019\/05\/tramwaj2-323x430.jpg 323w\" sizes=\"auto, (max-width: 720px) 100vw, 720px\" \/> <img loading=\"lazy\" decoding=\"async\" class=\"aligncenter size-full wp-image-7799\" src=\"http:\/\/razemdlabialoleki.waw.pl\/wp-content\/uploads\/2019\/05\/tramwaj3.jpg\" alt=\"\" width=\"720\" height=\"960\" srcset=\"https:\/\/razemdlabialoleki.waw.pl\/wp-content\/uploads\/2019\/05\/tramwaj3.jpg 720w, https:\/\/razemdlabialoleki.waw.pl\/wp-content\/uploads\/2019\/05\/tramwaj3-225x300.jpg 225w, https:\/\/razemdlabialoleki.waw.pl\/wp-content\/uploads\/2019\/05\/tramwaj3-83x110.jpg 83w, https:\/\/razemdlabialoleki.waw.pl\/wp-content\/uploads\/2019\/05\/tramwaj3-315x420.jpg 315w, https:\/\/razemdlabialoleki.waw.pl\/wp-content\/uploads\/2019\/05\/tramwaj3-323x430.jpg 323w\" sizes=\"auto, (max-width: 720px) 100vw, 720px\" \/> <img loading=\"lazy\" decoding=\"async\" class=\"aligncenter size-full wp-image-7800\" src=\"http:\/\/razemdlabialoleki.waw.pl\/wp-content\/uploads\/2019\/05\/tramwaj4.jpg\" alt=\"\" width=\"720\" height=\"960\" srcset=\"https:\/\/razemdlabialoleki.waw.pl\/wp-content\/uploads\/2019\/05\/tramwaj4.jpg 720w, https:\/\/razemdlabialoleki.waw.pl\/wp-content\/uploads\/2019\/05\/tramwaj4-225x300.jpg 225w, https:\/\/razemdlabialoleki.waw.pl\/wp-content\/uploads\/2019\/05\/tramwaj4-83x110.jpg 83w, https:\/\/razemdlabialoleki.waw.pl\/wp-content\/uploads\/2019\/05\/tramwaj4-315x420.jpg 315w, https:\/\/razemdlabialoleki.waw.pl\/wp-content\/uploads\/2019\/05\/tramwaj4-323x430.jpg 323w\" sizes=\"auto, (max-width: 720px) 100vw, 720px\" \/> <img loading=\"lazy\" decoding=\"async\" class=\"aligncenter size-full wp-image-7801\" src=\"http:\/\/razemdlabialoleki.waw.pl\/wp-content\/uploads\/2019\/05\/tramwaj5.jpg\" alt=\"\" width=\"720\" height=\"960\" srcset=\"https:\/\/razemdlabialoleki.waw.pl\/wp-content\/uploads\/2019\/05\/tramwaj5.jpg 720w, https:\/\/razemdlabialoleki.waw.pl\/wp-content\/uploads\/2019\/05\/tramwaj5-225x300.jpg 225w, https:\/\/razemdlabialoleki.waw.pl\/wp-content\/uploads\/2019\/05\/tramwaj5-83x110.jpg 83w, https:\/\/razemdlabialoleki.waw.pl\/wp-content\/uploads\/2019\/05\/tramwaj5-315x420.jpg 315w, https:\/\/razemdlabialoleki.waw.pl\/wp-content\/uploads\/2019\/05\/tramwaj5-323x430.jpg 323w\" sizes=\"auto, (max-width: 720px) 100vw, 720px\" \/> <img loading=\"lazy\" decoding=\"async\" class=\"aligncenter size-full wp-image-7802\" src=\"http:\/\/razemdlabialoleki.waw.pl\/wp-content\/uploads\/2019\/05\/tramwaj6.jpg\" alt=\"\" width=\"720\" height=\"960\" srcset=\"https:\/\/razemdlabialoleki.waw.pl\/wp-content\/uploads\/2019\/05\/tramwaj6.jpg 720w, https:\/\/razemdlabialoleki.waw.pl\/wp-content\/uploads\/2019\/05\/tramwaj6-225x300.jpg 225w, https:\/\/razemdlabialoleki.waw.pl\/wp-content\/uploads\/2019\/05\/tramwaj6-83x110.jpg 83w, https:\/\/razemdlabialoleki.waw.pl\/wp-content\/uploads\/2019\/05\/tramwaj6-315x420.jpg 315w, https:\/\/razemdlabialoleki.waw.pl\/wp-content\/uploads\/2019\/05\/tramwaj6-323x430.jpg 323w\" sizes=\"auto, (max-width: 720px) 100vw, 720px\" \/> <img loading=\"lazy\" decoding=\"async\" class=\"aligncenter size-full wp-image-7803\" src=\"http:\/\/razemdlabialoleki.waw.pl\/wp-content\/uploads\/2019\/05\/tramwaj7.jpg\" alt=\"\" width=\"680\" height=\"960\" srcset=\"https:\/\/razemdlabialoleki.waw.pl\/wp-content\/uploads\/2019\/05\/tramwaj7.jpg 680w, https:\/\/razemdlabialoleki.waw.pl\/wp-content\/uploads\/2019\/05\/tramwaj7-213x300.jpg 213w, https:\/\/razemdlabialoleki.waw.pl\/wp-content\/uploads\/2019\/05\/tramwaj7-78x110.jpg 78w, https:\/\/razemdlabialoleki.waw.pl\/wp-content\/uploads\/2019\/05\/tramwaj7-298x420.jpg 298w, https:\/\/razemdlabialoleki.waw.pl\/wp-content\/uploads\/2019\/05\/tramwaj7-305x430.jpg 305w\" sizes=\"auto, (max-width: 680px) 100vw, 680px\" \/><\/p>\n<\/div>\n","protected":false},"excerpt":{"rendered":"<p>Przygotowana dokumentacja przez Tramwaje Warszawskie &#8220;Przebudowa uk\u0142adu drogowego na terenie dzielnic Targ\u00f3wek i Bia\u0142o\u0142\u0119ka m.st. Warszawy wraz z budow\u0105 trasy tramwajowej na Zielon\u0105 Bia\u0142o\u0142\u0119k\u0119&#8221; jest studium technicznym trasy tramwajowej wraz ze zmianami w uk\u0142adzie drogowym. W porozumieniu z Zarz\u0105d Miejskich Inwestycji Drogowych powstanie Tramwaj na Zielon\u0105 Bia\u0142o\u0142\u0119k\u0119 wraz z jezdni\u0105. \u0141\u0105czniki pomi\u0119dzy ulicami Skarbka z [&hellip;]<\/p>\n","protected":false},"author":2,"featured_media":7797,"comment_status":"closed","ping_status":"closed","sticky":false,"template":"","format":"standard","meta":{"ngg_post_thumbnail":0,"footnotes":""},"categories":[27],"tags":[],"class_list":["post-7796","post","type-post","status-publish","format-standard","has-post-thumbnail","hentry","category-inwestycje"],"_links":{"self":[{"href":"https:\/\/razemdlabialoleki.waw.pl\/index.php?rest_route=\/wp\/v2\/posts\/7796","targetHints":{"allow":["GET"]}}],"collection":[{"href":"https:\/\/razemdlabialoleki.waw.pl\/index.php?rest_route=\/wp\/v2\/posts"}],"about":[{"href":"https:\/\/razemdlabialoleki.waw.pl\/index.php?rest_route=\/wp\/v2\/types\/post"}],"author":[{"embeddable":true,"href":"https:\/\/razemdlabialoleki.waw.pl\/index.php?rest_route=\/wp\/v2\/users\/2"}],"replies":[{"embeddable":true,"href":"https:\/\/razemdlabialoleki.waw.pl\/index.php?rest_route=%2Fwp%2Fv2%2Fcomments&post=7796"}],"version-history":[{"count":1,"href":"https:\/\/razemdlabialoleki.waw.pl\/index.php?rest_route=\/wp\/v2\/posts\/7796\/revisions"}],"predecessor-version":[{"id":7804,"href":"https:\/\/razemdlabialoleki.waw.pl\/index.php?rest_route=\/wp\/v2\/posts\/7796\/revisions\/7804"}],"wp:featuredmedia":[{"embeddable":true,"href":"https:\/\/razemdlabialoleki.waw.pl\/index.php?rest_route=\/wp\/v2\/media\/7797"}],"wp:attachment":[{"href":"https:\/\/razemdlabialoleki.waw.pl\/index.php?rest_route=%2Fwp%2Fv2%2Fmedia&parent=7796"}],"wp:term":[{"taxonomy":"category","embeddable":true,"href":"https:\/\/razemdlabialoleki.waw.pl\/index.php?rest_route=%2Fwp%2Fv2%2Fcategories&post=7796"},{"taxonomy":"post_tag","embeddable":true,"href":"https:\/\/razemdlabialoleki.waw.pl\/index.php?rest_route=%2Fwp%2Fv2%2Ftags&post=7796"}],"curies":[{"name":"wp","href":"https:\/\/api.w.org\/{rel}","templated":true}]}}