{"id":7782,"date":"2019-04-11T19:59:58","date_gmt":"2019-04-11T18:59:58","guid":{"rendered":"http:\/\/razemdlabialoleki.waw.pl\/?p=7782"},"modified":"2024-01-14T14:26:59","modified_gmt":"2024-01-14T13:26:59","slug":"taksowki-na-bialolece","status":"publish","type":"post","link":"https:\/\/razemdlabialoleki.waw.pl\/?p=7782","title":{"rendered":"Taks\u00f3wki na Bia\u0142o\u0142\u0119ce?"},"content":{"rendered":"<div id=\"js_2kw\" class=\"_5pbx userContent _3576\" data-testid=\"post_message\" data-ft=\"{&quot;tn&quot;:&quot;K&quot;}\">\n<p style=\"text-align: justify;\">Obecna strefa granic TAXI obowi\u0105zuje od 19 marca 2012 r. i wymaga aktualizacji.<\/p>\n<p style=\"text-align: justify;\">Obszary Bia\u0142o\u0142\u0119ki mimo intensywnej zabudowy i lokalizacji m.in. o\u015brodka kultury (filia BOK, Kartograficzna) czy przychodni (Marywilska) znajduj\u0105 si\u0119 poza I stref\u0105 cenow\u0105.<\/p>\n<p style=\"text-align: justify;\">I strefa cenowa na terenie Bia\u0142o\u0142\u0119ki powinna by\u0107 rozszerzona <span class=\"_5mfr\"><span class=\"_6qdm\">\ud83d\ude96<\/span><\/span><\/p>\n<p style=\"text-align: justify;\"><span class=\"_5mfr\"><span class=\"_6qdm\"><img loading=\"lazy\" decoding=\"async\" class=\"aligncenter size-full wp-image-7783\" src=\"http:\/\/razemdlabialoleki.waw.pl\/wp-content\/uploads\/2019\/05\/taxi.jpg\" alt=\"\" width=\"784\" height=\"415\" srcset=\"https:\/\/razemdlabialoleki.waw.pl\/wp-content\/uploads\/2019\/05\/taxi.jpg 784w, https:\/\/razemdlabialoleki.waw.pl\/wp-content\/uploads\/2019\/05\/taxi-300x159.jpg 300w, https:\/\/razemdlabialoleki.waw.pl\/wp-content\/uploads\/2019\/05\/taxi-768x407.jpg 768w, https:\/\/razemdlabialoleki.waw.pl\/wp-content\/uploads\/2019\/05\/taxi-110x58.jpg 110w, https:\/\/razemdlabialoleki.waw.pl\/wp-content\/uploads\/2019\/05\/taxi-420x222.jpg 420w, https:\/\/razemdlabialoleki.waw.pl\/wp-content\/uploads\/2019\/05\/taxi-770x408.jpg 770w\" sizes=\"auto, (max-width: 784px) 100vw, 784px\" \/><\/span><\/span><\/p>\n<p>&nbsp;<\/p>\n<\/div>\n","protected":false},"excerpt":{"rendered":"<p>Obecna strefa granic TAXI obowi\u0105zuje od 19 marca 2012 r. i wymaga aktualizacji. Obszary Bia\u0142o\u0142\u0119ki mimo intensywnej zabudowy i lokalizacji m.in. o\u015brodka kultury (filia BOK, Kartograficzna) czy przychodni (Marywilska) znajduj\u0105 si\u0119 poza I stref\u0105 cenow\u0105. I strefa cenowa na terenie Bia\u0142o\u0142\u0119ki powinna by\u0107 rozszerzona \ud83d\ude96 &nbsp;<\/p>\n","protected":false},"author":2,"featured_media":7783,"comment_status":"closed","ping_status":"closed","sticky":false,"template":"","format":"standard","meta":{"ngg_post_thumbnail":0,"footnotes":""},"categories":[30],"tags":[],"class_list":["post-7782","post","type-post","status-publish","format-standard","has-post-thumbnail","hentry","category-komunikacja"],"_links":{"self":[{"href":"https:\/\/razemdlabialoleki.waw.pl\/index.php?rest_route=\/wp\/v2\/posts\/7782","targetHints":{"allow":["GET"]}}],"collection":[{"href":"https:\/\/razemdlabialoleki.waw.pl\/index.php?rest_route=\/wp\/v2\/posts"}],"about":[{"href":"https:\/\/razemdlabialoleki.waw.pl\/index.php?rest_route=\/wp\/v2\/types\/post"}],"author":[{"embeddable":true,"href":"https:\/\/razemdlabialoleki.waw.pl\/index.php?rest_route=\/wp\/v2\/users\/2"}],"replies":[{"embeddable":true,"href":"https:\/\/razemdlabialoleki.waw.pl\/index.php?rest_route=%2Fwp%2Fv2%2Fcomments&post=7782"}],"version-history":[{"count":1,"href":"https:\/\/razemdlabialoleki.waw.pl\/index.php?rest_route=\/wp\/v2\/posts\/7782\/revisions"}],"predecessor-version":[{"id":7784,"href":"https:\/\/razemdlabialoleki.waw.pl\/index.php?rest_route=\/wp\/v2\/posts\/7782\/revisions\/7784"}],"wp:featuredmedia":[{"embeddable":true,"href":"https:\/\/razemdlabialoleki.waw.pl\/index.php?rest_route=\/wp\/v2\/media\/7783"}],"wp:attachment":[{"href":"https:\/\/razemdlabialoleki.waw.pl\/index.php?rest_route=%2Fwp%2Fv2%2Fmedia&parent=7782"}],"wp:term":[{"taxonomy":"category","embeddable":true,"href":"https:\/\/razemdlabialoleki.waw.pl\/index.php?rest_route=%2Fwp%2Fv2%2Fcategories&post=7782"},{"taxonomy":"post_tag","embeddable":true,"href":"https:\/\/razemdlabialoleki.waw.pl\/index.php?rest_route=%2Fwp%2Fv2%2Ftags&post=7782"}],"curies":[{"name":"wp","href":"https:\/\/api.w.org\/{rel}","templated":true}]}}