{"id":6764,"date":"2018-10-30T20:58:14","date_gmt":"2018-10-30T19:58:14","guid":{"rendered":"http:\/\/razemdlabialoleki.waw.pl\/?p=6764"},"modified":"2024-01-14T14:31:33","modified_gmt":"2024-01-14T13:31:33","slug":"studium-uwarunkowan-i-kierunkow-zagospodarowania-przestrzennego-konsultacje","status":"publish","type":"post","link":"https:\/\/razemdlabialoleki.waw.pl\/?p=6764","title":{"rendered":"Studium Uwarunkowa\u0144 i Kierunk\u00f3w Zagospodarowania Przestrzennego [KONSULTACJE]"},"content":{"rendered":"<p style=\"text-align: justify;\"><span class=\"_5yl5\">We wtorek 6 listopada 2018 roku w godzinach 16.00-20.00 w Urz\u0119dzie Dzielnicy Bia\u0142o\u0142\u0119ka przy ul. Modli\u0144skiej 197 w sali konferencyjnej na 1. pi\u0119trze zorganizowany zostanie punkt konsultacyjny w ramach konsultacji spo\u0142ecznych w pierwszym etapie prac (etap sk\u0142adania wniosk\u00f3w) nad Studium Uwarunkowa\u0144 i Kierunk\u00f3w Zagospodarowania Przestrzennego m.st. Warszawy.<\/p>\n<p>Studium to wa\u017cny dokument decyduj\u0105cy o rozwoju przestrzennym miasta w nadchodz\u0105cych latach.<\/p>\n<p>Przypominamy r\u00f3wnie\u017c o konsultacjach og\u00f3lnomiejskich oraz o spotkaniach planistycznych (warsztatach) dotycz\u0105cych opracowania Studium, kt\u00f3re odb\u0119d\u0105 si\u0119 w Biurze Architektury i Planowania Przestrzennego przy ul. Marsza\u0142kowskiej 77\/79. Na konsultacje zapraszamy w sobot\u0119 10 listopada w godzinach 10:00-14:00 oraz w \u015brod\u0119 14 listopada w godzinach 16:00-20:00. Spotkania planistyczne odb\u0119d\u0105 si\u0119 w soboty 24 listopada oraz 1 grudnia w godzinach 10.30-14.30. Wi\u0119cej informacji znajd\u0105 Pa\u0144stwo na stronie <a href=\"http:\/\/www.konsultacje.um.warszawa.pl\/studium?fbclid=IwAR3a33Ehxw6f3gsWQDI9l2kRVuOUPJ7hJJEbKuJPjaVcgqmbI2Kcn7YuMkc\" target=\"_blank\" rel=\"nofollow noopener\" data-lynx-mode=\"hover\" data-lynx-uri=\"https:\/\/l.facebook.com\/l.php?u=http%3A%2F%2Fwww.konsultacje.um.warszawa.pl%2Fstudium%3Ffbclid%3DIwAR3a33Ehxw6f3gsWQDI9l2kRVuOUPJ7hJJEbKuJPjaVcgqmbI2Kcn7YuMkc&amp;h=AT0QBM3FZaXmbRcnxm4_-ids45Zfn7BVQNas_8g-_u3Aik8I0MZ9O0ePACOD_V77golJnK1Od8P0pVXrK8LV7Jf-0YnNOk8VYOtimtMYJwJ9GPLEE_xsvcJPP4QFc48Ft71wiagRxy5tVtI5rYo\">www.konsultacje.um.warszawa.pl\/studium<\/a>.<\/p>\n<p><img loading=\"lazy\" decoding=\"async\" class=\"aligncenter size-full wp-image-6765\" src=\"http:\/\/razemdlabialoleki.waw.pl\/wp-content\/uploads\/2018\/10\/konsultacje_przestrzen_gw_1484x1794_v5_plakat-1.jpg\" alt=\"\" width=\"1169\" height=\"1413\" srcset=\"https:\/\/razemdlabialoleki.waw.pl\/wp-content\/uploads\/2018\/10\/konsultacje_przestrzen_gw_1484x1794_v5_plakat-1.jpg 1169w, https:\/\/razemdlabialoleki.waw.pl\/wp-content\/uploads\/2018\/10\/konsultacje_przestrzen_gw_1484x1794_v5_plakat-1-248x300.jpg 248w, https:\/\/razemdlabialoleki.waw.pl\/wp-content\/uploads\/2018\/10\/konsultacje_przestrzen_gw_1484x1794_v5_plakat-1-847x1024.jpg 847w, https:\/\/razemdlabialoleki.waw.pl\/wp-content\/uploads\/2018\/10\/konsultacje_przestrzen_gw_1484x1794_v5_plakat-1-768x928.jpg 768w, https:\/\/razemdlabialoleki.waw.pl\/wp-content\/uploads\/2018\/10\/konsultacje_przestrzen_gw_1484x1794_v5_plakat-1-91x110.jpg 91w, https:\/\/razemdlabialoleki.waw.pl\/wp-content\/uploads\/2018\/10\/konsultacje_przestrzen_gw_1484x1794_v5_plakat-1-347x420.jpg 347w, https:\/\/razemdlabialoleki.waw.pl\/wp-content\/uploads\/2018\/10\/konsultacje_przestrzen_gw_1484x1794_v5_plakat-1-356x430.jpg 356w\" sizes=\"auto, (max-width: 1169px) 100vw, 1169px\" \/><br \/>\n<\/span><\/p>\n","protected":false},"excerpt":{"rendered":"<p>We wtorek 6 listopada 2018 roku w godzinach 16.00-20.00 w Urz\u0119dzie Dzielnicy Bia\u0142o\u0142\u0119ka przy ul. Modli\u0144skiej 197 w sali konferencyjnej na 1. pi\u0119trze zorganizowany zostanie punkt konsultacyjny w ramach konsultacji spo\u0142ecznych w pierwszym etapie prac (etap sk\u0142adania wniosk\u00f3w) nad Studium Uwarunkowa\u0144 i Kierunk\u00f3w Zagospodarowania Przestrzennego m.st. Warszawy. Studium to wa\u017cny dokument decyduj\u0105cy o rozwoju przestrzennym [&hellip;]<\/p>\n","protected":false},"author":2,"featured_media":6765,"comment_status":"closed","ping_status":"closed","sticky":false,"template":"","format":"standard","meta":{"ngg_post_thumbnail":0,"footnotes":""},"categories":[147],"tags":[],"class_list":["post-6764","post","type-post","status-publish","format-standard","has-post-thumbnail","hentry","category-planowanie-przestrzenne"],"_links":{"self":[{"href":"https:\/\/razemdlabialoleki.waw.pl\/index.php?rest_route=\/wp\/v2\/posts\/6764","targetHints":{"allow":["GET"]}}],"collection":[{"href":"https:\/\/razemdlabialoleki.waw.pl\/index.php?rest_route=\/wp\/v2\/posts"}],"about":[{"href":"https:\/\/razemdlabialoleki.waw.pl\/index.php?rest_route=\/wp\/v2\/types\/post"}],"author":[{"embeddable":true,"href":"https:\/\/razemdlabialoleki.waw.pl\/index.php?rest_route=\/wp\/v2\/users\/2"}],"replies":[{"embeddable":true,"href":"https:\/\/razemdlabialoleki.waw.pl\/index.php?rest_route=%2Fwp%2Fv2%2Fcomments&post=6764"}],"version-history":[{"count":1,"href":"https:\/\/razemdlabialoleki.waw.pl\/index.php?rest_route=\/wp\/v2\/posts\/6764\/revisions"}],"predecessor-version":[{"id":6766,"href":"https:\/\/razemdlabialoleki.waw.pl\/index.php?rest_route=\/wp\/v2\/posts\/6764\/revisions\/6766"}],"wp:featuredmedia":[{"embeddable":true,"href":"https:\/\/razemdlabialoleki.waw.pl\/index.php?rest_route=\/wp\/v2\/media\/6765"}],"wp:attachment":[{"href":"https:\/\/razemdlabialoleki.waw.pl\/index.php?rest_route=%2Fwp%2Fv2%2Fmedia&parent=6764"}],"wp:term":[{"taxonomy":"category","embeddable":true,"href":"https:\/\/razemdlabialoleki.waw.pl\/index.php?rest_route=%2Fwp%2Fv2%2Fcategories&post=6764"},{"taxonomy":"post_tag","embeddable":true,"href":"https:\/\/razemdlabialoleki.waw.pl\/index.php?rest_route=%2Fwp%2Fv2%2Ftags&post=6764"}],"curies":[{"name":"wp","href":"https:\/\/api.w.org\/{rel}","templated":true}]}}