{"id":6708,"date":"2018-10-26T23:02:53","date_gmt":"2018-10-26T22:02:53","guid":{"rendered":"http:\/\/razemdlabialoleki.waw.pl\/?p=6708"},"modified":"2018-10-26T23:02:53","modified_gmt":"2018-10-26T22:02:53","slug":"tramwaj-na-zielona-bialoleke-4","status":"publish","type":"post","link":"https:\/\/razemdlabialoleki.waw.pl\/?p=6708","title":{"rendered":"Tramwaj na Zielon\u0105 Bia\u0142o\u0142\u0119k\u0119"},"content":{"rendered":"<p>Tramwaje Warszawskie odpowiedzia\u0142y na <a href=\"http:\/\/razemdlabialoleki.waw.pl\/?p=6249\" target=\"_blank\" rel=\"noopener\">wnioski<\/a>, kt\u00f3re z\u0142o\u017cyli\u015bmy do obecnie dost\u0119pnej dokumentacji dla inwestycji: <a href=\"https:\/\/www.facebook.com\/TramwajZielonaBialoleka\/\" target=\"_blank\" rel=\"noopener\">Tramwaj na Zielon\u0105 Bia\u0142o\u0142\u0119k\u0119<\/a>. Projekt linii tramwajowej b\u0119dzie konsultowany z Mieszka\u0144cami.<\/p>\n<p style=\"text-align: justify;\"><strong>Przypominamy, wraz z lini\u0105 tramwajow\u0105 ma powsta\u0107 uk\u0142ad drogowy, tj. jezdnia, chodniki, \u015bcie\u017cki rowerowe.<\/strong><br \/>\nUlice Skarbka z G\u00f3r i G\u0142\u0119bocka zyskaj\u0105 alternatyw\u0119. Szacuje si\u0119, \u017ce prace zako\u0144cz\u0105 si\u0119 w 2023. Czas dojazdu z Berensona&nbsp;do metra ma wynie\u015b\u0107 oko\u0142o 12 minut. Tramwaje do centrum maj\u0105 je\u017adzi\u0107 co 8 minut<strong>, <\/strong>za\u015b do metra co 2 minuty. <strong>Realizacja inwestycji b\u0119dzie rewolucj\u0105 drogow\u0105 na Bia\u0142o\u0142\u0119ce!<\/strong><\/p>\n<p><img loading=\"lazy\" decoding=\"async\" class=\"aligncenter size-full wp-image-6709\" src=\"http:\/\/razemdlabialoleki.waw.pl\/wp-content\/uploads\/2018\/10\/TW1.png\" alt=\"\" width=\"1649\" height=\"2335\" srcset=\"https:\/\/razemdlabialoleki.waw.pl\/wp-content\/uploads\/2018\/10\/TW1.png 1649w, https:\/\/razemdlabialoleki.waw.pl\/wp-content\/uploads\/2018\/10\/TW1-212x300.png 212w, https:\/\/razemdlabialoleki.waw.pl\/wp-content\/uploads\/2018\/10\/TW1-768x1087.png 768w, https:\/\/razemdlabialoleki.waw.pl\/wp-content\/uploads\/2018\/10\/TW1-723x1024.png 723w, https:\/\/razemdlabialoleki.waw.pl\/wp-content\/uploads\/2018\/10\/TW1-78x110.png 78w, https:\/\/razemdlabialoleki.waw.pl\/wp-content\/uploads\/2018\/10\/TW1-297x420.png 297w, https:\/\/razemdlabialoleki.waw.pl\/wp-content\/uploads\/2018\/10\/TW1-304x430.png 304w\" sizes=\"auto, (max-width: 1649px) 100vw, 1649px\" \/><\/p>\n<p><img loading=\"lazy\" decoding=\"async\" class=\"aligncenter size-full wp-image-6710\" src=\"http:\/\/razemdlabialoleki.waw.pl\/wp-content\/uploads\/2018\/10\/TW2.png\" alt=\"\" width=\"1653\" height=\"2338\" srcset=\"https:\/\/razemdlabialoleki.waw.pl\/wp-content\/uploads\/2018\/10\/TW2.png 1653w, https:\/\/razemdlabialoleki.waw.pl\/wp-content\/uploads\/2018\/10\/TW2-212x300.png 212w, https:\/\/razemdlabialoleki.waw.pl\/wp-content\/uploads\/2018\/10\/TW2-768x1086.png 768w, https:\/\/razemdlabialoleki.waw.pl\/wp-content\/uploads\/2018\/10\/TW2-724x1024.png 724w, https:\/\/razemdlabialoleki.waw.pl\/wp-content\/uploads\/2018\/10\/TW2-78x110.png 78w, https:\/\/razemdlabialoleki.waw.pl\/wp-content\/uploads\/2018\/10\/TW2-297x420.png 297w, https:\/\/razemdlabialoleki.waw.pl\/wp-content\/uploads\/2018\/10\/TW2-304x430.png 304w\" sizes=\"auto, (max-width: 1653px) 100vw, 1653px\" \/><br \/>\n<img loading=\"lazy\" decoding=\"async\" class=\"aligncenter size-full wp-image-6250\" src=\"http:\/\/razemdlabialoleki.waw.pl\/wp-content\/uploads\/2018\/09\/tramwaj_trasa.jpg\" alt=\"\" width=\"668\" height=\"789\" srcset=\"https:\/\/razemdlabialoleki.waw.pl\/wp-content\/uploads\/2018\/09\/tramwaj_trasa.jpg 668w, https:\/\/razemdlabialoleki.waw.pl\/wp-content\/uploads\/2018\/09\/tramwaj_trasa-254x300.jpg 254w, https:\/\/razemdlabialoleki.waw.pl\/wp-content\/uploads\/2018\/09\/tramwaj_trasa-93x110.jpg 93w, https:\/\/razemdlabialoleki.waw.pl\/wp-content\/uploads\/2018\/09\/tramwaj_trasa-356x420.jpg 356w, https:\/\/razemdlabialoleki.waw.pl\/wp-content\/uploads\/2018\/09\/tramwaj_trasa-364x430.jpg 364w\" sizes=\"auto, (max-width: 668px) 100vw, 668px\" \/><\/p>\n","protected":false},"excerpt":{"rendered":"<p>Tramwaje Warszawskie odpowiedzia\u0142y na wnioski, kt\u00f3re z\u0142o\u017cyli\u015bmy do obecnie dost\u0119pnej dokumentacji dla inwestycji: Tramwaj na Zielon\u0105 Bia\u0142o\u0142\u0119k\u0119. Projekt linii tramwajowej b\u0119dzie konsultowany z Mieszka\u0144cami. Przypominamy, wraz z lini\u0105 tramwajow\u0105 ma powsta\u0107 uk\u0142ad drogowy, tj. jezdnia, chodniki, \u015bcie\u017cki rowerowe. Ulice Skarbka z G\u00f3r i G\u0142\u0119bocka zyskaj\u0105 alternatyw\u0119. Szacuje si\u0119, \u017ce prace zako\u0144cz\u0105 si\u0119 w 2023. Czas [&hellip;]<\/p>\n","protected":false},"author":2,"featured_media":6250,"comment_status":"closed","ping_status":"closed","sticky":false,"template":"","format":"standard","meta":{"ngg_post_thumbnail":0,"footnotes":""},"categories":[27],"tags":[],"class_list":["post-6708","post","type-post","status-publish","format-standard","has-post-thumbnail","hentry","category-inwestycje"],"_links":{"self":[{"href":"https:\/\/razemdlabialoleki.waw.pl\/index.php?rest_route=\/wp\/v2\/posts\/6708","targetHints":{"allow":["GET"]}}],"collection":[{"href":"https:\/\/razemdlabialoleki.waw.pl\/index.php?rest_route=\/wp\/v2\/posts"}],"about":[{"href":"https:\/\/razemdlabialoleki.waw.pl\/index.php?rest_route=\/wp\/v2\/types\/post"}],"author":[{"embeddable":true,"href":"https:\/\/razemdlabialoleki.waw.pl\/index.php?rest_route=\/wp\/v2\/users\/2"}],"replies":[{"embeddable":true,"href":"https:\/\/razemdlabialoleki.waw.pl\/index.php?rest_route=%2Fwp%2Fv2%2Fcomments&post=6708"}],"version-history":[{"count":1,"href":"https:\/\/razemdlabialoleki.waw.pl\/index.php?rest_route=\/wp\/v2\/posts\/6708\/revisions"}],"predecessor-version":[{"id":6711,"href":"https:\/\/razemdlabialoleki.waw.pl\/index.php?rest_route=\/wp\/v2\/posts\/6708\/revisions\/6711"}],"wp:featuredmedia":[{"embeddable":true,"href":"https:\/\/razemdlabialoleki.waw.pl\/index.php?rest_route=\/wp\/v2\/media\/6250"}],"wp:attachment":[{"href":"https:\/\/razemdlabialoleki.waw.pl\/index.php?rest_route=%2Fwp%2Fv2%2Fmedia&parent=6708"}],"wp:term":[{"taxonomy":"category","embeddable":true,"href":"https:\/\/razemdlabialoleki.waw.pl\/index.php?rest_route=%2Fwp%2Fv2%2Fcategories&post=6708"},{"taxonomy":"post_tag","embeddable":true,"href":"https:\/\/razemdlabialoleki.waw.pl\/index.php?rest_route=%2Fwp%2Fv2%2Ftags&post=6708"}],"curies":[{"name":"wp","href":"https:\/\/api.w.org\/{rel}","templated":true}]}}