{"id":6705,"date":"2018-10-26T22:27:16","date_gmt":"2018-10-26T21:27:16","guid":{"rendered":"http:\/\/razemdlabialoleki.waw.pl\/?p=6705"},"modified":"2018-10-26T22:27:16","modified_gmt":"2018-10-26T21:27:16","slug":"to-bedzie-kadencja-pracy","status":"publish","type":"post","link":"https:\/\/razemdlabialoleki.waw.pl\/?p=6705","title":{"rendered":"\u201eTo b\u0119dzie kadencja pracy!&#8221;"},"content":{"rendered":"<div data-contents=\"true\">\n<div class=\"\" data-block=\"true\" data-editor=\"6fkia\" data-offset-key=\"56pot-0-0\">\n<div class=\"_1mf _1mj\" style=\"text-align: justify;\" data-offset-key=\"56pot-0-0\"><span data-offset-key=\"56pot-0-0\">&#8211; Chc\u0119 poprawi\u0107 sytuacj\u0119 je\u015bli chodzi o komunikacj\u0119 na Bia\u0142o\u0142\u0119ce, na pewno <\/span><span class=\"_247o\" spellcheck=\"false\" data-offset-key=\"56pot-1-0\"><span data-offset-key=\"56pot-1-0\">Tramwaj wzd\u0142u\u017c Modli\u0144skiej<\/span><\/span><span data-offset-key=\"56pot-2-0\">, na pewno <\/span><span class=\"_247o\" spellcheck=\"false\" data-offset-key=\"56pot-3-0\"><span data-offset-key=\"56pot-3-0\">Tramwaj na Zielon\u0105 Bia\u0142o\u0142\u0119k\u0119<\/span><\/span><span data-offset-key=\"56pot-4-0\">, na pewno poprawa je\u015bli chodzi o edukacj\u0119. Nasza dzielnica jest bardzo du\u017ca, a mamy tylko jedno liceum. Musimy poprawia\u0107 standard \u017cycia na Bia\u0142o\u0142\u0119ce, \u017ceby\u015bmy nie byli sypialni\u0105. My chcemy mieszka\u0107 i pracowa\u0107 na Bia\u0142o\u0142\u0119ce &#8211; m\u00f3wi <\/span><span class=\"_247o\" spellcheck=\"false\" data-offset-key=\"56pot-5-0\"><span data-offset-key=\"56pot-5-0\">Jan Mackiewicz<\/span><\/span><span data-offset-key=\"56pot-6-0\">, \u015bwie\u017co upieczony radny dzielnicy Bia\u0142o\u0142\u0119ka ze <\/span><span class=\"_247o\" spellcheck=\"false\" data-offset-key=\"56pot-7-0\"><span data-offset-key=\"56pot-7-0\">Stowarzyszenie Razem dla Bia\u0142o\u0142\u0119ki<\/span><\/span><span data-offset-key=\"56pot-8-0\">.<\/span><\/div>\n<\/div>\n<div class=\"\" data-block=\"true\" data-editor=\"6fkia\" data-offset-key=\"21meg-0-0\">\n<div class=\"_1mf _1mj\" style=\"text-align: justify;\" data-offset-key=\"21meg-0-0\"><span data-offset-key=\"21meg-0-0\">&nbsp;<\/span><\/div>\n<\/div>\n<div class=\"\" data-block=\"true\" data-editor=\"6fkia\" data-offset-key=\"f55b8-0-0\">\n<div class=\"_1mf _1mj\" data-offset-key=\"f55b8-0-0\"><span data-offset-key=\"f55b8-0-0\">Wi\u0119cej w <a href=\"http:\/\/radiokolor.pl\/wiadomosci\/n\/2940\/nowi-radni-dzielnic-i-ich-pomysly-na-samorzad-to-bedzie-kadencja-pracy\" target=\"_blank\" rel=\"noopener\">materiale<\/a> <\/span><span class=\"_247o\" spellcheck=\"false\" data-offset-key=\"f55b8-1-0\"><span data-offset-key=\"f55b8-1-0\">Radio Kolor 103 FM.<\/span><\/span><\/div>\n<div data-offset-key=\"f55b8-0-0\">&nbsp;<\/div>\n<\/div>\n<\/div>\n<p>Fot. UD<\/p>\n","protected":false},"excerpt":{"rendered":"<p>&#8211; Chc\u0119 poprawi\u0107 sytuacj\u0119 je\u015bli chodzi o komunikacj\u0119 na Bia\u0142o\u0142\u0119ce, na pewno Tramwaj wzd\u0142u\u017c Modli\u0144skiej, na pewno Tramwaj na Zielon\u0105 Bia\u0142o\u0142\u0119k\u0119, na pewno poprawa je\u015bli chodzi o edukacj\u0119. Nasza dzielnica jest bardzo du\u017ca, a mamy tylko jedno liceum. Musimy poprawia\u0107 standard \u017cycia na Bia\u0142o\u0142\u0119ce, \u017ceby\u015bmy nie byli sypialni\u0105. My chcemy mieszka\u0107 i pracowa\u0107 na Bia\u0142o\u0142\u0119ce [&hellip;]<\/p>\n","protected":false},"author":2,"featured_media":6706,"comment_status":"closed","ping_status":"closed","sticky":false,"template":"","format":"standard","meta":{"ngg_post_thumbnail":0,"footnotes":""},"categories":[25],"tags":[],"class_list":["post-6705","post","type-post","status-publish","format-standard","has-post-thumbnail","hentry","category-samorzad"],"_links":{"self":[{"href":"https:\/\/razemdlabialoleki.waw.pl\/index.php?rest_route=\/wp\/v2\/posts\/6705","targetHints":{"allow":["GET"]}}],"collection":[{"href":"https:\/\/razemdlabialoleki.waw.pl\/index.php?rest_route=\/wp\/v2\/posts"}],"about":[{"href":"https:\/\/razemdlabialoleki.waw.pl\/index.php?rest_route=\/wp\/v2\/types\/post"}],"author":[{"embeddable":true,"href":"https:\/\/razemdlabialoleki.waw.pl\/index.php?rest_route=\/wp\/v2\/users\/2"}],"replies":[{"embeddable":true,"href":"https:\/\/razemdlabialoleki.waw.pl\/index.php?rest_route=%2Fwp%2Fv2%2Fcomments&post=6705"}],"version-history":[{"count":1,"href":"https:\/\/razemdlabialoleki.waw.pl\/index.php?rest_route=\/wp\/v2\/posts\/6705\/revisions"}],"predecessor-version":[{"id":6707,"href":"https:\/\/razemdlabialoleki.waw.pl\/index.php?rest_route=\/wp\/v2\/posts\/6705\/revisions\/6707"}],"wp:featuredmedia":[{"embeddable":true,"href":"https:\/\/razemdlabialoleki.waw.pl\/index.php?rest_route=\/wp\/v2\/media\/6706"}],"wp:attachment":[{"href":"https:\/\/razemdlabialoleki.waw.pl\/index.php?rest_route=%2Fwp%2Fv2%2Fmedia&parent=6705"}],"wp:term":[{"taxonomy":"category","embeddable":true,"href":"https:\/\/razemdlabialoleki.waw.pl\/index.php?rest_route=%2Fwp%2Fv2%2Fcategories&post=6705"},{"taxonomy":"post_tag","embeddable":true,"href":"https:\/\/razemdlabialoleki.waw.pl\/index.php?rest_route=%2Fwp%2Fv2%2Ftags&post=6705"}],"curies":[{"name":"wp","href":"https:\/\/api.w.org\/{rel}","templated":true}]}}