{"id":6697,"date":"2018-10-26T10:28:54","date_gmt":"2018-10-26T09:28:54","guid":{"rendered":"http:\/\/razemdlabialoleki.waw.pl\/?p=6697"},"modified":"2018-10-26T14:59:42","modified_gmt":"2018-10-26T13:59:42","slug":"zbiorka-na-ratowanie-zabytkowych-nekropolii-na-cmentarzu-tarchominskim-zaczynamy-juz-w-najblizsza-niedziele","status":"publish","type":"post","link":"https:\/\/razemdlabialoleki.waw.pl\/?p=6697","title":{"rendered":"Zbi\u00f3rka na ratowanie zabytkowych nagrobk\u00f3w na Cmentarzu Tarchomi\u0144skim &#8211; zaczynamy ju\u017c w najbli\u017csz\u0105 niedziel\u0119."},"content":{"rendered":"<p>Jest Nam niezmiernie mi\u0142o , \u017ce po raz kolejny spotkamy si\u0119 z Pa\u0144stwem na prze\u0142omie pa\u017adziernika i listopada kiedy to odbywa si\u0119 tradycyjnie ju\u017c organizowana przez nasze stowarzyszenie zbi\u00f3rka na rzecz ratowania zabytkowych nagrobk\u00f3w na Cmentarzu Tarchomi\u0144skim.&nbsp; W ubieg\u0142ym roku brali w niej udzia\u0142 wolontariusze ze Stowarzyszenia Razem dla Bia\u0142o\u0142\u0119ki, Fundacji Ave, UKS Dziki Tarchomin, uczniowie ze Szko\u0142y Podstawowej nr 344 im. Powstania Warszawskiego w Warszawie, harcerze z 64 WDH &#8220;Skaut&#8221; i 64 WWDH &#8220;Fregata&#8221; oraz mieszka\u0144cy naszej dzielnicy. Uda\u0142o nam si\u0119 wsp\u00f3lnie zebra\u0107 blisko 13 ty\u015b z\u0142. Pozwoli\u0142o to na przywr\u00f3cenie blasku kolejnych nagrobk\u00f3w. To co szczeg\u00f3lnie Nas cieszy to fakt, \u017ce z roku na roku przy\u0142\u0105cza si\u0119 do tej jak\u017ce szlachetnej akcji coraz wi\u0119cej uczni\u00f3w bia\u0142o\u0142\u0119ckich szk\u00f3\u0142 &#8211; wida\u0107, \u017ce i najm\u0142odsze pokolenie odczuwa coraz wi\u0119ksz\u0105 potrzeb\u0119 troski o zachowanie tego co stanowi \u015bwiadectwo o minionych czasach i historii Bia\u0142o\u0142\u0119ki. Tegorocznym, naszym wsp\u00f3lnym celem jest pozyskanie \u015brodk\u00f3w na zachowanie ostatnie kwatery osadnik\u00f3w mieszkaj\u0105cych na terenie obecnej Bia\u0142o\u0142\u0119ki, tzw.&nbsp; olendr\u00f3w. Mamy nadziej\u0119, \u017ce i w tym roku wespr\u0105 Pa\u0144stwo dzia\u0142ania lokalnych spo\u0142ecznik\u00f3w, kt\u00f3rym bliska sercu jest troska o zachowanie naszego bia\u0142o\u0142\u0119ckiego dziedzictwa.<\/p>\n<p>W tym roku serdecznie zapraszamy do wzi\u0119cia udzia\u0142u w kwe\u015bcie w nast\u0119puj\u0105cych dniach:<\/p>\n<p><strong>28 pa\u017adziernika <\/strong><\/p>\n<p>&#8211; zbi\u00f3rka przed ko\u015bcio\u0142ami<\/p>\n<ol>\n<li>Parafia \u015aw. Jakuba Aposto\u0142a na Tarchominie (ul. Mehoffera)<\/li>\n<li>Parafia Narodzenia Naj\u015bwi\u0119tszej Maryi Panny w P\u0142udach (ul. Klasyk\u00f3w)<\/li>\n<li>Parafia Naj\u015bwi\u0119tszej Maryi Panny Matki Pi\u0119knej Mi\u0142o\u015bci (ul. \u0106mielowska)<\/li>\n<li>Parafia \u015aw. Franciszka z Asy\u017cu (ul. Strumykowa)<\/li>\n<\/ol>\n<p>&#8211; zbi\u00f3rka na Cmentarzu Tarchomi\u0144skim w godz 9.00-17.00<\/p>\n<p><strong>31 pa\u017adziernika<\/strong><\/p>\n<p>&#8211; zbi\u00f3rka na Cmentarzu Tarchomi\u0144skim w godz 9.00-17.00<\/p>\n<p><strong>01 listopada<\/strong><\/p>\n<p>&#8211; zbi\u00f3rka na Cmentarzu Tarchomi\u0144skim w godz 9.00-17.00<\/p>\n<p>&#8211; wieczorny spacer historyczny po Cmentarzu Tarchomi\u0144skim o godz 19:30<\/p>\n<p><strong>02 listopada<\/strong><\/p>\n<p>&#8211; zbi\u00f3rka na Cmentarzu Tarchomi\u0144skim w godz 9.00-17.00<\/p>\n<p>Ubieg\u0142oroczne spacery cieszy\u0142y si\u0119 ogromnym zainteresowaniem mieszka\u0144c\u00f3w Bia\u0142o\u0142\u0119ki, a o historii naszej dzielnicy i co oczywiste historii cmentarza r\u00f3wnie\u017c w tym roku opowie prezes fundacji Ave Bart\u0142omiej W\u0142odkowski.<\/p>\n<p><img loading=\"lazy\" decoding=\"async\" class=\"aligncenter size-full wp-image-6699\" src=\"http:\/\/razemdlabialoleki.waw.pl\/wp-content\/uploads\/2018\/10\/2.jpg\" alt=\"\" width=\"374\" height=\"531\" srcset=\"https:\/\/razemdlabialoleki.waw.pl\/wp-content\/uploads\/2018\/10\/2.jpg 374w, https:\/\/razemdlabialoleki.waw.pl\/wp-content\/uploads\/2018\/10\/2-211x300.jpg 211w, https:\/\/razemdlabialoleki.waw.pl\/wp-content\/uploads\/2018\/10\/2-77x110.jpg 77w, https:\/\/razemdlabialoleki.waw.pl\/wp-content\/uploads\/2018\/10\/2-296x420.jpg 296w, https:\/\/razemdlabialoleki.waw.pl\/wp-content\/uploads\/2018\/10\/2-303x430.jpg 303w\" sizes=\"auto, (max-width: 374px) 100vw, 374px\" \/><\/p>\n<p><img loading=\"lazy\" decoding=\"async\" class=\"aligncenter size-full wp-image-6700\" src=\"http:\/\/razemdlabialoleki.waw.pl\/wp-content\/uploads\/2018\/10\/3-1.jpg\" alt=\"\" width=\"372\" height=\"529\" srcset=\"https:\/\/razemdlabialoleki.waw.pl\/wp-content\/uploads\/2018\/10\/3-1.jpg 372w, https:\/\/razemdlabialoleki.waw.pl\/wp-content\/uploads\/2018\/10\/3-1-211x300.jpg 211w, https:\/\/razemdlabialoleki.waw.pl\/wp-content\/uploads\/2018\/10\/3-1-77x110.jpg 77w, https:\/\/razemdlabialoleki.waw.pl\/wp-content\/uploads\/2018\/10\/3-1-295x420.jpg 295w, https:\/\/razemdlabialoleki.waw.pl\/wp-content\/uploads\/2018\/10\/3-1-302x430.jpg 302w\" sizes=\"auto, (max-width: 372px) 100vw, 372px\" \/><\/p>\n<p><img loading=\"lazy\" decoding=\"async\" class=\"aligncenter size-full wp-image-6701\" src=\"http:\/\/razemdlabialoleki.waw.pl\/wp-content\/uploads\/2018\/10\/4-1.jpg\" alt=\"\" width=\"372\" height=\"532\" srcset=\"https:\/\/razemdlabialoleki.waw.pl\/wp-content\/uploads\/2018\/10\/4-1.jpg 372w, https:\/\/razemdlabialoleki.waw.pl\/wp-content\/uploads\/2018\/10\/4-1-210x300.jpg 210w, https:\/\/razemdlabialoleki.waw.pl\/wp-content\/uploads\/2018\/10\/4-1-77x110.jpg 77w, https:\/\/razemdlabialoleki.waw.pl\/wp-content\/uploads\/2018\/10\/4-1-294x420.jpg 294w, https:\/\/razemdlabialoleki.waw.pl\/wp-content\/uploads\/2018\/10\/4-1-301x430.jpg 301w\" sizes=\"auto, (max-width: 372px) 100vw, 372px\" \/><\/p>\n","protected":false},"excerpt":{"rendered":"<p>Jest Nam niezmiernie mi\u0142o , \u017ce po raz kolejny spotkamy si\u0119 z Pa\u0144stwem na prze\u0142omie pa\u017adziernika i listopada kiedy to odbywa si\u0119 tradycyjnie ju\u017c organizowana przez nasze stowarzyszenie zbi\u00f3rka na rzecz ratowania zabytkowych nagrobk\u00f3w na Cmentarzu Tarchomi\u0144skim.&nbsp; W ubieg\u0142ym roku brali w niej udzia\u0142 wolontariusze ze Stowarzyszenia Razem dla Bia\u0142o\u0142\u0119ki, Fundacji Ave, UKS Dziki Tarchomin, [&hellip;]<\/p>\n","protected":false},"author":1,"featured_media":6698,"comment_status":"closed","ping_status":"closed","sticky":false,"template":"","format":"standard","meta":{"ngg_post_thumbnail":0,"footnotes":""},"categories":[10],"tags":[],"class_list":["post-6697","post","type-post","status-publish","format-standard","has-post-thumbnail","hentry","category-akcja-spoleczna"],"_links":{"self":[{"href":"https:\/\/razemdlabialoleki.waw.pl\/index.php?rest_route=\/wp\/v2\/posts\/6697","targetHints":{"allow":["GET"]}}],"collection":[{"href":"https:\/\/razemdlabialoleki.waw.pl\/index.php?rest_route=\/wp\/v2\/posts"}],"about":[{"href":"https:\/\/razemdlabialoleki.waw.pl\/index.php?rest_route=\/wp\/v2\/types\/post"}],"author":[{"embeddable":true,"href":"https:\/\/razemdlabialoleki.waw.pl\/index.php?rest_route=\/wp\/v2\/users\/1"}],"replies":[{"embeddable":true,"href":"https:\/\/razemdlabialoleki.waw.pl\/index.php?rest_route=%2Fwp%2Fv2%2Fcomments&post=6697"}],"version-history":[{"count":3,"href":"https:\/\/razemdlabialoleki.waw.pl\/index.php?rest_route=\/wp\/v2\/posts\/6697\/revisions"}],"predecessor-version":[{"id":6704,"href":"https:\/\/razemdlabialoleki.waw.pl\/index.php?rest_route=\/wp\/v2\/posts\/6697\/revisions\/6704"}],"wp:featuredmedia":[{"embeddable":true,"href":"https:\/\/razemdlabialoleki.waw.pl\/index.php?rest_route=\/wp\/v2\/media\/6698"}],"wp:attachment":[{"href":"https:\/\/razemdlabialoleki.waw.pl\/index.php?rest_route=%2Fwp%2Fv2%2Fmedia&parent=6697"}],"wp:term":[{"taxonomy":"category","embeddable":true,"href":"https:\/\/razemdlabialoleki.waw.pl\/index.php?rest_route=%2Fwp%2Fv2%2Fcategories&post=6697"},{"taxonomy":"post_tag","embeddable":true,"href":"https:\/\/razemdlabialoleki.waw.pl\/index.php?rest_route=%2Fwp%2Fv2%2Ftags&post=6697"}],"curies":[{"name":"wp","href":"https:\/\/api.w.org\/{rel}","templated":true}]}}