{"id":6692,"date":"2018-10-23T21:58:26","date_gmt":"2018-10-23T20:58:26","guid":{"rendered":"http:\/\/razemdlabialoleki.waw.pl\/?p=6692"},"modified":"2018-10-25T22:28:07","modified_gmt":"2018-10-25T21:28:07","slug":"bialoleka-wybrala","status":"publish","type":"post","link":"https:\/\/razemdlabialoleki.waw.pl\/?p=6692","title":{"rendered":"Bia\u0142o\u0142\u0119ka wybra\u0142a!"},"content":{"rendered":"<p style=\"text-align: justify;\">Serdecznie Pa\u0144stwu dzi\u0119kujemy za okazane zaufanie.<\/p>\n<p style=\"text-align: justify;\"><strong>12 810 uzyskanych g\u0142os\u00f3w czyli 22.82% to DRUGI wynik w dzielnicy. Tym cenniejszy, \u017ce pierwszy raz startowali\u015bmy w wyborach samorz\u0105dowych ze swoj\u0105 list\u0105 <span class=\"_5mfr\"><span class=\"_6qdm\">\ud83d\udc4d<\/span><\/span><span class=\"_5mfr\"><span class=\"_6qdm\">\ud83d\udc4d<\/span><\/span><span class=\"_5mfr\"><span class=\"_6qdm\">\ud83d\udc4d<\/span><\/span><\/strong><\/p>\n<div class=\"text_exposed_show\">\n<p style=\"text-align: justify;\">Oto nasi przedstawiciele w Radzie Dzielnicy:<br \/>\nokr\u0119g 1 <a class=\"profileLink\" href=\"https:\/\/www.facebook.com\/marcinkorowaj?__tn__=K-R&amp;eid=ARAzATdOioU9fkT8uUe3RcCsHmY68UhLFpwFpBbAqgLRuDS2fKE3gbeKSPCFEKbkzzGidop5fwMJUPZh&amp;fref=mentions&amp;__xts__%5B0%5D=68.ARBKcPPIpVM0fS144XAVzTXqEgFfQh6MUHl3fR-y_sMEqQA8bgVBcpwBY8mdQcAtSCcH8wlyOB672QYFr-80LEutuVpKkqllOFcZjWkUMdfEndq8lY4zotRaj0sJyVRTiEAG1V0jNz4c8ZhaF5-3quENvWN-HTzLXq9zqnb6rnemPNHz970aiFeVMRCpkFBlPYI652TZaQigBLS0wsLI0r8Kf8o\" data-hovercard=\"\/ajax\/hovercard\/user.php?id=683596741&amp;extragetparams=%7B%22__tn__%22%3A%22%2CdK-R-R%22%2C%22eid%22%3A%22ARAzATdOioU9fkT8uUe3RcCsHmY68UhLFpwFpBbAqgLRuDS2fKE3gbeKSPCFEKbkzzGidop5fwMJUPZh%22%2C%22fref%22%3A%22mentions%22%7D\" data-hovercard-prefer-more-content-show=\"1\">Marcin Korowaj<\/a><br \/>\nokr\u0119g 2 <a class=\"profileLink\" href=\"https:\/\/www.facebook.com\/jan.mackiewicz.1?__tn__=K-R&amp;eid=ARBxIgAUvvQrjMz8BiJTG7sgrBWGFWoeGQD6TdSHRMVI_DpSZZY6UFLZsfq-RYYVskkddRH6h7YzVGtl&amp;fref=mentions&amp;__xts__%5B0%5D=68.ARBKcPPIpVM0fS144XAVzTXqEgFfQh6MUHl3fR-y_sMEqQA8bgVBcpwBY8mdQcAtSCcH8wlyOB672QYFr-80LEutuVpKkqllOFcZjWkUMdfEndq8lY4zotRaj0sJyVRTiEAG1V0jNz4c8ZhaF5-3quENvWN-HTzLXq9zqnb6rnemPNHz970aiFeVMRCpkFBlPYI652TZaQigBLS0wsLI0r8Kf8o\" data-hovercard=\"\/ajax\/hovercard\/user.php?id=100001693321069&amp;extragetparams=%7B%22__tn__%22%3A%22%2CdK-R-R%22%2C%22eid%22%3A%22ARBxIgAUvvQrjMz8BiJTG7sgrBWGFWoeGQD6TdSHRMVI_DpSZZY6UFLZsfq-RYYVskkddRH6h7YzVGtl%22%2C%22fref%22%3A%22mentions%22%7D\" data-hovercard-prefer-more-content-show=\"1\">Jan Mackiewicz<\/a><br \/>\nokr\u0119g 3 <a class=\"profileLink\" href=\"https:\/\/www.facebook.com\/piotr.cieszkowski.10?__tn__=K-R&amp;eid=ARCSJjpOWipzwsjQaosJZDk-cOWfN3wM8DzCuODpGUo2lOybGGeMFaYIxHYcE_EUg-NASRonVHOwWZLR&amp;fref=mentions&amp;__xts__%5B0%5D=68.ARBKcPPIpVM0fS144XAVzTXqEgFfQh6MUHl3fR-y_sMEqQA8bgVBcpwBY8mdQcAtSCcH8wlyOB672QYFr-80LEutuVpKkqllOFcZjWkUMdfEndq8lY4zotRaj0sJyVRTiEAG1V0jNz4c8ZhaF5-3quENvWN-HTzLXq9zqnb6rnemPNHz970aiFeVMRCpkFBlPYI652TZaQigBLS0wsLI0r8Kf8o\" data-hovercard=\"\/ajax\/hovercard\/user.php?id=100005320059516&amp;extragetparams=%7B%22__tn__%22%3A%22%2CdK-R-R%22%2C%22eid%22%3A%22ARCSJjpOWipzwsjQaosJZDk-cOWfN3wM8DzCuODpGUo2lOybGGeMFaYIxHYcE_EUg-NASRonVHOwWZLR%22%2C%22fref%22%3A%22mentions%22%7D\" data-hovercard-prefer-more-content-show=\"1\">Piotr Cieszkowski<\/a><br \/>\nokr\u0119g 4 <a class=\"profileLink\" href=\"https:\/\/www.facebook.com\/MariolaAnetaOlszewska?__tn__=K-R&amp;eid=ARAs3sI7iGu3nWECx6GeV6ArrxCEbyYi1uXQsH-tfUw9qoeKcjxIm7pN7o1nxgO4DMMrjDj4CQJEYwUm&amp;fref=mentions&amp;__xts__%5B0%5D=68.ARBKcPPIpVM0fS144XAVzTXqEgFfQh6MUHl3fR-y_sMEqQA8bgVBcpwBY8mdQcAtSCcH8wlyOB672QYFr-80LEutuVpKkqllOFcZjWkUMdfEndq8lY4zotRaj0sJyVRTiEAG1V0jNz4c8ZhaF5-3quENvWN-HTzLXq9zqnb6rnemPNHz970aiFeVMRCpkFBlPYI652TZaQigBLS0wsLI0r8Kf8o\" data-hovercard=\"\/ajax\/hovercard\/user.php?id=100007681097999&amp;extragetparams=%7B%22__tn__%22%3A%22%2CdK-R-R%22%2C%22eid%22%3A%22ARAs3sI7iGu3nWECx6GeV6ArrxCEbyYi1uXQsH-tfUw9qoeKcjxIm7pN7o1nxgO4DMMrjDj4CQJEYwUm%22%2C%22fref%22%3A%22mentions%22%7D\" data-hovercard-prefer-more-content-show=\"1\">Mariola Olszewska<\/a><br \/>\nokr\u0119g 5 <a class=\"profileLink\" href=\"https:\/\/www.facebook.com\/danuta.zaleska.7?__tn__=K-R&amp;eid=ARBJXjxh5eXYuq0lquoNyQVDAK2vEhNwF58hIYvkUIQEuhZJIE71Fx2FLuJmbiXrWhvdLQ8d2rZHrjWi&amp;fref=mentions&amp;__xts__%5B0%5D=68.ARBKcPPIpVM0fS144XAVzTXqEgFfQh6MUHl3fR-y_sMEqQA8bgVBcpwBY8mdQcAtSCcH8wlyOB672QYFr-80LEutuVpKkqllOFcZjWkUMdfEndq8lY4zotRaj0sJyVRTiEAG1V0jNz4c8ZhaF5-3quENvWN-HTzLXq9zqnb6rnemPNHz970aiFeVMRCpkFBlPYI652TZaQigBLS0wsLI0r8Kf8o\" data-hovercard=\"\/ajax\/hovercard\/user.php?id=1682450470&amp;extragetparams=%7B%22__tn__%22%3A%22%2CdK-R-R%22%2C%22eid%22%3A%22ARBJXjxh5eXYuq0lquoNyQVDAK2vEhNwF58hIYvkUIQEuhZJIE71Fx2FLuJmbiXrWhvdLQ8d2rZHrjWi%22%2C%22fref%22%3A%22mentions%22%7D\" data-hovercard-prefer-more-content-show=\"1\">Danuta Zaleska<\/a><\/p>\n<p>Teraz czas do wyt\u0119\u017conej pracy <span class=\"_47e3 _5mfr\" title=\"Emotikon smile\"><img loading=\"lazy\" decoding=\"async\" class=\"img\" role=\"presentation\" src=\"https:\/\/static.xx.fbcdn.net\/images\/emoji.php\/v9\/f4c\/1\/16\/1f642.png\" alt=\"\" width=\"16\" height=\"16\"><\/span><\/p>\n<p style=\"text-align: justify;\">Jeszcze raz dzi\u0119kujemy, \u017ce 21 pa\u017adziernika wybrali\u015bcie Stowarzyszenie Razem dla Bia\u0142o\u0142\u0119ki <span class=\"_47e3 _5mfr\" title=\"Emotikon smile\"><img loading=\"lazy\" decoding=\"async\" class=\"img\" role=\"presentation\" src=\"https:\/\/static.xx.fbcdn.net\/images\/emoji.php\/v9\/f4c\/1\/16\/1f642.png\" alt=\"\" width=\"16\" height=\"16\"><\/span><\/p>\n<p style=\"text-align: justify;\"><strong>Razem dla Bia\u0142o\u0142\u0119ki &#8211; Zawsze z Mieszka\u0144cami. Jednocze\u015bnie zapraszamy do obejrzenia <a href=\"https:\/\/warszawa.tvp.pl\/39593982\/23102018\" target=\"_blank\" rel=\"noopener\">wywiadu<\/a> z prezesem naszego Stowarzyszenia &#8211; Janem Mackiewiczem, materia\u0142 od 21 minuty.<\/strong><\/p>\n<p>&nbsp;<\/p>\n<\/div>\n","protected":false},"excerpt":{"rendered":"<p>Serdecznie Pa\u0144stwu dzi\u0119kujemy za okazane zaufanie. 12 810 uzyskanych g\u0142os\u00f3w czyli 22.82% to DRUGI wynik w dzielnicy. Tym cenniejszy, \u017ce pierwszy raz startowali\u015bmy w wyborach samorz\u0105dowych ze swoj\u0105 list\u0105 \ud83d\udc4d\ud83d\udc4d\ud83d\udc4d Oto nasi przedstawiciele w Radzie Dzielnicy: okr\u0119g 1 Marcin Korowaj okr\u0119g 2 Jan Mackiewicz okr\u0119g 3 Piotr Cieszkowski okr\u0119g 4 Mariola Olszewska okr\u0119g 5 Danuta [&hellip;]<\/p>\n","protected":false},"author":2,"featured_media":6695,"comment_status":"closed","ping_status":"closed","sticky":false,"template":"","format":"standard","meta":{"ngg_post_thumbnail":0,"footnotes":""},"categories":[25],"tags":[],"class_list":["post-6692","post","type-post","status-publish","format-standard","has-post-thumbnail","hentry","category-samorzad"],"_links":{"self":[{"href":"https:\/\/razemdlabialoleki.waw.pl\/index.php?rest_route=\/wp\/v2\/posts\/6692","targetHints":{"allow":["GET"]}}],"collection":[{"href":"https:\/\/razemdlabialoleki.waw.pl\/index.php?rest_route=\/wp\/v2\/posts"}],"about":[{"href":"https:\/\/razemdlabialoleki.waw.pl\/index.php?rest_route=\/wp\/v2\/types\/post"}],"author":[{"embeddable":true,"href":"https:\/\/razemdlabialoleki.waw.pl\/index.php?rest_route=\/wp\/v2\/users\/2"}],"replies":[{"embeddable":true,"href":"https:\/\/razemdlabialoleki.waw.pl\/index.php?rest_route=%2Fwp%2Fv2%2Fcomments&post=6692"}],"version-history":[{"count":1,"href":"https:\/\/razemdlabialoleki.waw.pl\/index.php?rest_route=\/wp\/v2\/posts\/6692\/revisions"}],"predecessor-version":[{"id":6694,"href":"https:\/\/razemdlabialoleki.waw.pl\/index.php?rest_route=\/wp\/v2\/posts\/6692\/revisions\/6694"}],"wp:featuredmedia":[{"embeddable":true,"href":"https:\/\/razemdlabialoleki.waw.pl\/index.php?rest_route=\/wp\/v2\/media\/6695"}],"wp:attachment":[{"href":"https:\/\/razemdlabialoleki.waw.pl\/index.php?rest_route=%2Fwp%2Fv2%2Fmedia&parent=6692"}],"wp:term":[{"taxonomy":"category","embeddable":true,"href":"https:\/\/razemdlabialoleki.waw.pl\/index.php?rest_route=%2Fwp%2Fv2%2Fcategories&post=6692"},{"taxonomy":"post_tag","embeddable":true,"href":"https:\/\/razemdlabialoleki.waw.pl\/index.php?rest_route=%2Fwp%2Fv2%2Ftags&post=6692"}],"curies":[{"name":"wp","href":"https:\/\/api.w.org\/{rel}","templated":true}]}}