{"id":6687,"date":"2018-10-19T15:00:59","date_gmt":"2018-10-19T14:00:59","guid":{"rendered":"http:\/\/razemdlabialoleki.waw.pl\/?p=6687"},"modified":"2024-01-14T14:31:52","modified_gmt":"2024-01-14T13:31:52","slug":"uwaga-dziura","status":"publish","type":"post","link":"https:\/\/razemdlabialoleki.waw.pl\/?p=6687","title":{"rendered":"Uwaga! Dziura!"},"content":{"rendered":"<p style=\"text-align: justify;\">Niecodzienna akcja <a class=\"profileLink\" href=\"https:\/\/www.facebook.com\/AleksandraNaRadna\/?__tn__=K-R&amp;eid=ARD1wYexIK0JDSoP_UkFcBDuneD2qNeZJw-FwqhAXS78DXZUyjBKlTTDT6-4IQvBr801Qs0JGQT9wEWs&amp;fref=mentions&amp;__xts__%5B0%5D=68.ARBX2hs4eT6VZqR-ZuVhzbilmOulXg1rM6ZWMERhKjS_3UzzZ9Co8vqj9EGEbmY-gxManc-A6CX3PO2QPghg60G4GmoxtHT5IFaJsmNBYlOuvVGW8qKpzO5YB3-Jwf3IMhvMem_GDNcVzXISFwgjQF1sQnyOrRUv3B07JOD9d9-YfPHh4VCvFV7KVSfaoGI3s2btyM2INUI\" data-hovercard=\"\/ajax\/hovercard\/page.php?id=2229562667114314&amp;extragetparams=%7B%22__tn__%22%3A%22%2CdK-R-R%22%2C%22eid%22%3A%22ARD1wYexIK0JDSoP_UkFcBDuneD2qNeZJw-FwqhAXS78DXZUyjBKlTTDT6-4IQvBr801Qs0JGQT9wEWs%22%2C%22fref%22%3A%22mentions%22%7D\" data-hovercard-prefer-more-content-show=\"1\">Aleksandry Wnukowskiej<\/a> \u0142atania dziur w rejonie Erazma z Zakroczymia 16-18, maj\u0105ca na celu zwr\u00f3cenie uwagi na niezaradno\u015b\u0107 zarz\u0105dcy.<br \/>\n&#8211; <em>Z uwagi na dotychczasowy brak reakcji na zg\u0142aszany problem postanowili\u015bmy spraw\u0119 wzi\u0105\u0107 w swoje r\u0119ce<\/em> &#8211; komentuj\u0105 razem z Aleksandr\u0105 &#8211; <a class=\"profileLink\" href=\"https:\/\/www.facebook.com\/AnnaAgnieszkaDB?__tn__=K-R&amp;eid=ARDJ70B1F7DXfgGdiwdG6WDYF5bWoQpP4MB8TFOVWGR9Fm49u7RXr9KRaNZAt4muJXKuOcX2pRBqTRQm&amp;fref=mentions&amp;__xts__%5B0%5D=68.ARBX2hs4eT6VZqR-ZuVhzbilmOulXg1rM6ZWMERhKjS_3UzzZ9Co8vqj9EGEbmY-gxManc-A6CX3PO2QPghg60G4GmoxtHT5IFaJsmNBYlOuvVGW8qKpzO5YB3-Jwf3IMhvMem_GDNcVzXISFwgjQF1sQnyOrRUv3B07JOD9d9-YfPHh4VCvFV7KVSfaoGI3s2btyM2INUI\" data-hovercard=\"\/ajax\/hovercard\/user.php?id=1560474506&amp;extragetparams=%7B%22__tn__%22%3A%22%2CdK-R-R%22%2C%22eid%22%3A%22ARDJ70B1F7DXfgGdiwdG6WDYF5bWoQpP4MB8TFOVWGR9Fm49u7RXr9KRaNZAt4muJXKuOcX2pRBqTRQm%22%2C%22fref%22%3A%22mentions%22%7D\" data-hovercard-prefer-more-content-show=\"1\">Anna Dragan-Babraj<\/a> i <a class=\"profileLink\" href=\"https:\/\/www.facebook.com\/piotr.babraj?__tn__=K-R&amp;eid=ARDQgZezSVOrvHg2NVf7qnjCd3m0ZKh1H_6qC3sWSsoGu4stxJ0NgvC7YoEIEV6zMCKn_eQ3I5ZhgUsv&amp;fref=mentions&amp;__xts__%5B0%5D=68.ARBX2hs4eT6VZqR-ZuVhzbilmOulXg1rM6ZWMERhKjS_3UzzZ9Co8vqj9EGEbmY-gxManc-A6CX3PO2QPghg60G4GmoxtHT5IFaJsmNBYlOuvVGW8qKpzO5YB3-Jwf3IMhvMem_GDNcVzXISFwgjQF1sQnyOrRUv3B07JOD9d9-YfPHh4VCvFV7KVSfaoGI3s2btyM2INUI\" data-hovercard=\"\/ajax\/hovercard\/user.php?id=100001301346031&amp;extragetparams=%7B%22__tn__%22%3A%22%2CdK-R-R%22%2C%22eid%22%3A%22ARDQgZezSVOrvHg2NVf7qnjCd3m0ZKh1H_6qC3sWSsoGu4stxJ0NgvC7YoEIEV6zMCKn_eQ3I5ZhgUsv%22%2C%22fref%22%3A%22mentions%22%7D\" data-hovercard-prefer-more-content-show=\"1\">Piotr Babraj<\/a>.<br \/>\nWi\u0119cej wypowiedzi dla <a class=\"profileLink\" href=\"https:\/\/www.facebook.com\/RDC-radio-dla-Ciebie-10100-516238758526130\/?__tn__=K-R&amp;eid=ARBNdHibt_7DxIdzWWUQyyaKNtYTvRV9E9AxwBgDspnvD9JdRFC-IlDLMyR0oDbvegsNk6ga1guj_cmd&amp;fref=mentions&amp;__xts__%5B0%5D=68.ARBX2hs4eT6VZqR-ZuVhzbilmOulXg1rM6ZWMERhKjS_3UzzZ9Co8vqj9EGEbmY-gxManc-A6CX3PO2QPghg60G4GmoxtHT5IFaJsmNBYlOuvVGW8qKpzO5YB3-Jwf3IMhvMem_GDNcVzXISFwgjQF1sQnyOrRUv3B07JOD9d9-YfPHh4VCvFV7KVSfaoGI3s2btyM2INUI\" data-hovercard=\"\/ajax\/hovercard\/page.php?id=516238758526130&amp;extragetparams=%7B%22__tn__%22%3A%22%2CdK-R-R%22%2C%22eid%22%3A%22ARBNdHibt_7DxIdzWWUQyyaKNtYTvRV9E9AxwBgDspnvD9JdRFC-IlDLMyR0oDbvegsNk6ga1guj_cmd%22%2C%22fref%22%3A%22mentions%22%7D\" data-hovercard-prefer-more-content-show=\"1\">RDC radio dla Ciebie 101,00<\/a> udzieli\u0142a nasza cz\u0142onkini Aleksandra, zach\u0119camy do <a href=\"http:\/\/www.rdc.pl\/informacje\/chca-zwrocic-uwage-na-uszkodzona-jezdnie-kwiatki-w-dziurach-na-bialolece-posluchaj\/?fbclid=IwAR2NX_A0uM410wYkpqjjC7gzi2WkIUS5JFQTDtgJjYpwG_EAbj4-bVOkfIc\" target=\"_blank\" rel=\"noopener\">ods\u0142uchania.<\/a><\/p>\n<p><img loading=\"lazy\" decoding=\"async\" class=\"aligncenter size-full wp-image-6689\" src=\"http:\/\/razemdlabialoleki.waw.pl\/wp-content\/uploads\/2018\/10\/44284082_2764326526926831_7570549530500792320_n.jpg\" alt=\"\" width=\"718\" height=\"960\" srcset=\"https:\/\/razemdlabialoleki.waw.pl\/wp-content\/uploads\/2018\/10\/44284082_2764326526926831_7570549530500792320_n.jpg 718w, https:\/\/razemdlabialoleki.waw.pl\/wp-content\/uploads\/2018\/10\/44284082_2764326526926831_7570549530500792320_n-224x300.jpg 224w, https:\/\/razemdlabialoleki.waw.pl\/wp-content\/uploads\/2018\/10\/44284082_2764326526926831_7570549530500792320_n-82x110.jpg 82w, https:\/\/razemdlabialoleki.waw.pl\/wp-content\/uploads\/2018\/10\/44284082_2764326526926831_7570549530500792320_n-314x420.jpg 314w, https:\/\/razemdlabialoleki.waw.pl\/wp-content\/uploads\/2018\/10\/44284082_2764326526926831_7570549530500792320_n-322x430.jpg 322w\" sizes=\"auto, (max-width: 718px) 100vw, 718px\" \/><\/p>\n","protected":false},"excerpt":{"rendered":"<p>Niecodzienna akcja Aleksandry Wnukowskiej \u0142atania dziur w rejonie Erazma z Zakroczymia 16-18, maj\u0105ca na celu zwr\u00f3cenie uwagi na niezaradno\u015b\u0107 zarz\u0105dcy. &#8211; Z uwagi na dotychczasowy brak reakcji na zg\u0142aszany problem postanowili\u015bmy spraw\u0119 wzi\u0105\u0107 w swoje r\u0119ce &#8211; komentuj\u0105 razem z Aleksandr\u0105 &#8211; Anna Dragan-Babraj i Piotr Babraj. Wi\u0119cej wypowiedzi dla RDC radio dla Ciebie 101,00 [&hellip;]<\/p>\n","protected":false},"author":2,"featured_media":6688,"comment_status":"closed","ping_status":"closed","sticky":false,"template":"","format":"standard","meta":{"ngg_post_thumbnail":0,"footnotes":""},"categories":[10],"tags":[],"class_list":["post-6687","post","type-post","status-publish","format-standard","has-post-thumbnail","hentry","category-akcja-spoleczna"],"_links":{"self":[{"href":"https:\/\/razemdlabialoleki.waw.pl\/index.php?rest_route=\/wp\/v2\/posts\/6687","targetHints":{"allow":["GET"]}}],"collection":[{"href":"https:\/\/razemdlabialoleki.waw.pl\/index.php?rest_route=\/wp\/v2\/posts"}],"about":[{"href":"https:\/\/razemdlabialoleki.waw.pl\/index.php?rest_route=\/wp\/v2\/types\/post"}],"author":[{"embeddable":true,"href":"https:\/\/razemdlabialoleki.waw.pl\/index.php?rest_route=\/wp\/v2\/users\/2"}],"replies":[{"embeddable":true,"href":"https:\/\/razemdlabialoleki.waw.pl\/index.php?rest_route=%2Fwp%2Fv2%2Fcomments&post=6687"}],"version-history":[{"count":3,"href":"https:\/\/razemdlabialoleki.waw.pl\/index.php?rest_route=\/wp\/v2\/posts\/6687\/revisions"}],"predecessor-version":[{"id":6763,"href":"https:\/\/razemdlabialoleki.waw.pl\/index.php?rest_route=\/wp\/v2\/posts\/6687\/revisions\/6763"}],"wp:featuredmedia":[{"embeddable":true,"href":"https:\/\/razemdlabialoleki.waw.pl\/index.php?rest_route=\/wp\/v2\/media\/6688"}],"wp:attachment":[{"href":"https:\/\/razemdlabialoleki.waw.pl\/index.php?rest_route=%2Fwp%2Fv2%2Fmedia&parent=6687"}],"wp:term":[{"taxonomy":"category","embeddable":true,"href":"https:\/\/razemdlabialoleki.waw.pl\/index.php?rest_route=%2Fwp%2Fv2%2Fcategories&post=6687"},{"taxonomy":"post_tag","embeddable":true,"href":"https:\/\/razemdlabialoleki.waw.pl\/index.php?rest_route=%2Fwp%2Fv2%2Ftags&post=6687"}],"curies":[{"name":"wp","href":"https:\/\/api.w.org\/{rel}","templated":true}]}}