{"id":6681,"date":"2018-10-17T21:48:52","date_gmt":"2018-10-17T20:48:52","guid":{"rendered":"http:\/\/razemdlabialoleki.waw.pl\/?p=6681"},"modified":"2018-10-17T21:48:52","modified_gmt":"2018-10-17T20:48:52","slug":"banery-wyborcze-pomoga-bezdomnym-zwierzetom","status":"publish","type":"post","link":"https:\/\/razemdlabialoleki.waw.pl\/?p=6681","title":{"rendered":"Banery wyborcze pomog\u0105 bezdomnym zwierz\u0119tom"},"content":{"rendered":"<p style=\"text-align: justify;\"><a href=\"https:\/\/www.facebook.com\/events\/153594012257142\/\" target=\"_blank\" rel=\"noopener\">Zbi\u00f3rka baner\u00f3w powyborczych dla schronisk<\/a> &#8211; wystarczy odrobina dobrej woli, by banery powyborcze nie by\u0142y materia\u0142ami bezu\u017cytecznymi.<\/p>\n<p>&#8211; Drodzy kandydaci do rady dzielnicy i rady miasta. W\u0142\u0105czcie si\u0119 w nasz\u0105 akcj\u0119 zbi\u00f3rki baner\u00f3w powyborczych &#8211; przeka\u017ccie nam swoje banery, a my przeka\u017cemy je do schronisk, pomo\u017cemy zwierz\u0119tom przetrwa\u0107 zim\u0119. Najwa\u017cniejsze, by po wyborach oczy\u015bci\u0107 przestrze\u0144 publiczn\u0105. Kontaktujcie si\u0119 z nami przez Facebooka, a tak\u017ce telefonicznie (694-231-213) &#8211; indywidualnie b\u0119dziemy umawia\u0107 si\u0119 na odbi\u00f3r &#8211; przekonuj\u0105 Anna Dragan Babraj, Piotr Babraj, Anna Soboci\u0144ska i Aleksandra Wnukowska &#8211; cz\u0142onkowie stowarzyszenia Razem dla Bia\u0142o\u0142\u0119ki.<\/p>\n<p>Wi\u0119cej: <a href=\"http:\/\/tustolica.pl\/banery-wyborcze-pomoga-bezdomnym-zwierzetom_78133\" target=\"_blank\" rel=\"noopener\">TuBia\u0142o\u0142\u0119ka<\/a><\/p>\n","protected":false},"excerpt":{"rendered":"<p>Zbi\u00f3rka baner\u00f3w powyborczych dla schronisk &#8211; wystarczy odrobina dobrej woli, by banery powyborcze nie by\u0142y materia\u0142ami bezu\u017cytecznymi. &#8211; Drodzy kandydaci do rady dzielnicy i rady miasta. W\u0142\u0105czcie si\u0119 w nasz\u0105 akcj\u0119 zbi\u00f3rki baner\u00f3w powyborczych &#8211; przeka\u017ccie nam swoje banery, a my przeka\u017cemy je do schronisk, pomo\u017cemy zwierz\u0119tom przetrwa\u0107 zim\u0119. Najwa\u017cniejsze, by po wyborach oczy\u015bci\u0107 przestrze\u0144 [&hellip;]<\/p>\n","protected":false},"author":2,"featured_media":6682,"comment_status":"closed","ping_status":"closed","sticky":false,"template":"","format":"standard","meta":{"ngg_post_thumbnail":0,"footnotes":""},"categories":[10],"tags":[],"class_list":["post-6681","post","type-post","status-publish","format-standard","has-post-thumbnail","hentry","category-akcja-spoleczna"],"_links":{"self":[{"href":"https:\/\/razemdlabialoleki.waw.pl\/index.php?rest_route=\/wp\/v2\/posts\/6681","targetHints":{"allow":["GET"]}}],"collection":[{"href":"https:\/\/razemdlabialoleki.waw.pl\/index.php?rest_route=\/wp\/v2\/posts"}],"about":[{"href":"https:\/\/razemdlabialoleki.waw.pl\/index.php?rest_route=\/wp\/v2\/types\/post"}],"author":[{"embeddable":true,"href":"https:\/\/razemdlabialoleki.waw.pl\/index.php?rest_route=\/wp\/v2\/users\/2"}],"replies":[{"embeddable":true,"href":"https:\/\/razemdlabialoleki.waw.pl\/index.php?rest_route=%2Fwp%2Fv2%2Fcomments&post=6681"}],"version-history":[{"count":1,"href":"https:\/\/razemdlabialoleki.waw.pl\/index.php?rest_route=\/wp\/v2\/posts\/6681\/revisions"}],"predecessor-version":[{"id":6683,"href":"https:\/\/razemdlabialoleki.waw.pl\/index.php?rest_route=\/wp\/v2\/posts\/6681\/revisions\/6683"}],"wp:featuredmedia":[{"embeddable":true,"href":"https:\/\/razemdlabialoleki.waw.pl\/index.php?rest_route=\/wp\/v2\/media\/6682"}],"wp:attachment":[{"href":"https:\/\/razemdlabialoleki.waw.pl\/index.php?rest_route=%2Fwp%2Fv2%2Fmedia&parent=6681"}],"wp:term":[{"taxonomy":"category","embeddable":true,"href":"https:\/\/razemdlabialoleki.waw.pl\/index.php?rest_route=%2Fwp%2Fv2%2Fcategories&post=6681"},{"taxonomy":"post_tag","embeddable":true,"href":"https:\/\/razemdlabialoleki.waw.pl\/index.php?rest_route=%2Fwp%2Fv2%2Ftags&post=6681"}],"curies":[{"name":"wp","href":"https:\/\/api.w.org\/{rel}","templated":true}]}}