{"id":6678,"date":"2018-10-17T21:29:12","date_gmt":"2018-10-17T20:29:12","guid":{"rendered":"http:\/\/razemdlabialoleki.waw.pl\/?p=6678"},"modified":"2024-01-14T14:31:59","modified_gmt":"2024-01-14T13:31:59","slug":"problemy-z-projektantem-wodnego-placu-zabaw-kiedy-powstanie","status":"publish","type":"post","link":"https:\/\/razemdlabialoleki.waw.pl\/?p=6678","title":{"rendered":"Problemy z projektantem wodnego placu zabaw. Kiedy powstanie?"},"content":{"rendered":"<p style=\"text-align: justify;\"><strong>Za nami wyj\u0105tkowy pod wzgl\u0119dem pogody i d\u0142ugo\u015bci sezon letni, kt\u00f3ry utwierdzi\u0142 mnie w przekonaniu, jak atrakcyjn\u0105 i przydatn\u0105 inwestycj\u0105 b\u0119dzie wodny plac zabaw w parku Henrykowskim. Do jego idei uda\u0142o mi si\u0119 przekona\u0107 wielu mieszka\u0144c\u00f3w. Dzi\u0119ki zwyci\u0119stwu w g\u0142osowaniu w bud\u017cecie partycypacyjnym mia\u0142 powsta\u0107 w tym roku. Nie powsta\u0142.<\/strong><\/p>\n<p class=\"par\" style=\"text-align: justify;\">Do ko\u0144ca tego roku nie powstanie. Szansa na terminowe zrealizowanie projektu by\u0142a i to ca\u0142kiem realna. Niestety, jedna niezbyt roztropna decyzja podj\u0119ta w urz\u0119dzie dzielnicy poci\u0105gn\u0119\u0142a za sob\u0105 szereg p\u00f3\u017aniejszych problem\u00f3w.<\/p>\n<p class=\"mid\" style=\"text-align: justify;\"><strong>Co si\u0119 sta\u0142o?<\/strong><\/p>\n<p class=\"par\" style=\"text-align: justify;\">Chodzi mianowicie o wyb\u00f3r firmy, kt\u00f3ra mia\u0142a zaprojektowa\u0107 wodny plac zabaw. Podobno wys\u0142ano kilka zapyta\u0144 ofertowych do paru pracowni architektonicznych i tylko jedna z\u0142o\u017cy\u0142a ofert\u0119, kt\u00f3r\u0105 wybrano. Nie wzbudzi\u0142 urz\u0119dniczej w\u0105tpliwo\u015bci fakt, i\u017c firma ta nie mia\u0142a na swoim koncie \u017cadnej tego typu inwestycji. Przepraszam, mia\u0142a jedn\u0105 troch\u0119 podobn\u0105 &#8211; fontann\u0119. To wystarczy\u0142o.<\/p>\n<p class=\"par\" style=\"text-align: justify;\"><strong>I tak w\u0142a\u015bnie jedn\u0105 z najwa\u017cniejszych i najdro\u017cszych inwestycji na Bia\u0142o\u0142\u0119ce zlecono firmie Grima.<\/strong><\/p>\n<p class=\"par\" style=\"text-align: justify;\">Na pocz\u0105tku marca odby\u0142o si\u0119 spotkanie z szefem owej firmy, na kt\u00f3re zosta\u0142am zaproszona. Pan architekt wy\u0142o\u017cy\u0142 pi\u0119kny rysunek z wizualizacj\u0105 wodnego placu zabaw &#8211; pe\u0142n\u0105 kolorowych tryskaczy o zr\u00f3\u017cnicowanej formie. Wszystko wygl\u0105da\u0142o bardzo \u0142adnie, pad\u0142o nawet zapewnienie o 300 m2 powierzchni, jak\u0105 mia\u0142aby mie\u0107 ta instalacja. Od razu wyrazi\u0142am w\u0105tpliwo\u015bci, \u017ce nie zmie\u015bcimy si\u0119 w kwocie 1 mln z\u0142otych z tak du\u017cym przedsi\u0119wzi\u0119ciem. Moje za\u0142o\u017cenia co do wielko\u015bci placu zak\u0142ada\u0142y bowiem powierzchni\u0119 150-200 m2.<\/p>\n<p class=\"par\" style=\"text-align: justify;\">Chc\u0105c wesprze\u0107 prace projektant\u00f3w, po spotkaniu przes\u0142a\u0142am firmie Grima kilka namiar\u00f3w na firmy specjalizuj\u0105ce si\u0119 w budowie wodnych plac\u00f3w zabaw oraz na polskiego producenta urz\u0105dze\u0144 tryskaj\u0105cych wod\u0105 &#8211; jego ceny by\u0142y znacznie ni\u017csze ni\u017c konkurencji z zagranicy. By\u0142y to dane, kt\u00f3re skrupulatnie zbiera\u0142am na etapie pisania projektu.<\/p>\n<p class=\"par\" style=\"text-align: justify;\">Termin z\u0142o\u017cenia projektu przez pracowni\u0119 zosta\u0142 wyznaczony na koniec maja. W czerwcu us\u0142ysza\u0142am, \u017ce Grima wyst\u0105pi\u0142a o wyd\u0142u\u017cenie go o miesi\u0105c. Po paru tygodniach urz\u0105d otrzyma\u0142 pro\u015bb\u0119 o kolejny dodatkowy miesi\u0105c. Powa\u017cny problem pojawi\u0142 si\u0119 pod koniec lipca. Do ratusza wp\u0142yn\u0119\u0142o pismo, w kt\u00f3rym firma Grima powo\u0142ywa\u0142a si\u0119 na szereg wymog\u00f3w sanepidu co do systemu uzdatniania wody w instalacji. Mia\u0142o to by\u0107 \u017ar\u00f3d\u0142em wielu trudno\u015bci oraz znacznie zawy\u017ca\u0142o koszty inwestycji &#8211; do 1,7 mln z\u0142otych. Pracownia zaproponowa\u0142a dwa rozwi\u0105zania &#8211; budow\u0119 fontanny lub odst\u0105pienie od realizacji. Takie w\u0142a\u015bnie alternatywy przedstawiono mi w gabinecie burmistrza.<\/p>\n<p class=\"mid\" style=\"text-align: justify;\"><strong>Co dalej?<\/strong><\/p>\n<p class=\"par\" style=\"text-align: justify;\">Na kolejnym spotkaniu przed\u0142o\u017cy\u0142am obecnym dwa przyk\u0142adowe kosztorysy gotowych inwestycji oraz swoje uwagi co do wysokich koszt\u00f3w naliczonych przez Grim\u0119. Stanowczo sprzeciwi\u0142am si\u0119 pomys\u0142owi budowy fontanny, bowiem taki obiekt nie nadaje si\u0119 do k\u0105pieli i na co\u015b innego g\u0142osowali mieszka\u0144cy Bia\u0142o\u0142\u0119ki. Pan architekt zobowi\u0105za\u0142 si\u0119 raz jeszcze pochyli\u0107 nad tematem i rozwa\u017cy\u0107 pierwotny kszta\u0142t inwestycji.<\/p>\n<p class=\"par\" style=\"text-align: justify;\">Nast\u0119pne spotkanie przebieg\u0142o w niezbyt mi\u0142ej atmosferze &#8211; przekaza\u0142am bowiem stanowczo i bez ogr\u00f3dek swoje oburzenie prac\u0105 firmy Grima, ich nieprofesjonalnym podej\u015bciem, pi\u0119trzeniem problem\u00f3w i sztucznym zawy\u017caniem koszt\u00f3w. Okaza\u0142o si\u0119, \u017ce podobne problemy z ich strony mia\u0142y miejsce przy innej dzielnicowej i kosztownej inwestycji &#8211; przy ulicy Portowej. Radna, kt\u00f3ra tej inwestycji pilnowa\u0142a, wspar\u0142a mnie w tym trudnym starciu i uda\u0142o si\u0119 wymusi\u0107 na panu architekcie ponown\u0105 prac\u0119, z uwzgl\u0119dnieniem naszych uwag.<\/p>\n<p class=\"par\" style=\"text-align: justify;\">Na kolejnym spotkaniu na pocz\u0105tku wrze\u015bnia zaprezentowa\u0142 ju\u017c now\u0105 koncepcj\u0119, kt\u00f3ra wreszcie by\u0142a zbli\u017cona do tego, do czego od pocz\u0105tku d\u0105\u017cy\u0142am. Czyli jednak by\u0142o to mo\u017cliwe&#8230; Nadal czekamy na finalny projekt, powinien by\u0107 gotowy lada moment.<\/p>\n<p class=\"par\" style=\"text-align: justify;\">Pozostaje mie\u0107 nadziej\u0119, \u017ce ta nieszcz\u0119\u015bliwie wybrana firma wreszcie wywi\u0105\u017ce si\u0119 z umowy z naszym urz\u0119dem dzielnicy, a urz\u0119dnicy dopilnuj\u0105, by kwestia przetargu w celu wy\u0142onienia wykonawcy obiektu nie trwa\u0142a tygodniami.<\/p>\n<p class=\"par\" style=\"text-align: justify;\">A potem ju\u017c tylko b\u0119dzie mo\u017cna marzy\u0107 o kolejnym tak pi\u0119knym i d\u0142ugim lecie&#8230;<\/p>\n<p class=\"mid\" style=\"text-align: justify;\"><strong>Aktualizacja<\/strong><\/p>\n<p class=\"par\" style=\"text-align: justify;\"><strong>Niestety, dotar\u0142y do mnie w\u0142a\u015bnie informacje, kt\u00f3re nie napawaj\u0105 optymizmem &#8211; Urz\u0105d Dzielnicy da\u0142 firmie Grima czas na przygotowanie projektu a\u017c do 15 grudnia. Nie rozumiem tej decyzji, ani spokoju urz\u0119dnik\u00f3w. Mo\u017ce si\u0119 okaza\u0107, \u017ce zamiast wakacyjn\u0105 atrakcj\u0105 wodny plac zabaw b\u0119dzie dla mieszka\u0144c\u00f3w Bia\u0142o\u0142\u0119ki prezentem na Bo\u017ce Narodzenie 2019.<\/strong><\/p>\n<p class=\"autor\" style=\"text-align: justify;\"><b>Dominika Rybarczyk<br \/>\nStowarzyszenie Razem dla Bia\u0142o\u0142\u0119ki<\/b><\/p>\n","protected":false},"excerpt":{"rendered":"<p>Za nami wyj\u0105tkowy pod wzgl\u0119dem pogody i d\u0142ugo\u015bci sezon letni, kt\u00f3ry utwierdzi\u0142 mnie w przekonaniu, jak atrakcyjn\u0105 i przydatn\u0105 inwestycj\u0105 b\u0119dzie wodny plac zabaw w parku Henrykowskim. Do jego idei uda\u0142o mi si\u0119 przekona\u0107 wielu mieszka\u0144c\u00f3w. Dzi\u0119ki zwyci\u0119stwu w g\u0142osowaniu w bud\u017cecie partycypacyjnym mia\u0142 powsta\u0107 w tym roku. Nie powsta\u0142. Do ko\u0144ca tego roku nie [&hellip;]<\/p>\n","protected":false},"author":2,"featured_media":6679,"comment_status":"closed","ping_status":"closed","sticky":false,"template":"","format":"standard","meta":{"ngg_post_thumbnail":0,"footnotes":""},"categories":[27],"tags":[],"class_list":["post-6678","post","type-post","status-publish","format-standard","has-post-thumbnail","hentry","category-inwestycje"],"_links":{"self":[{"href":"https:\/\/razemdlabialoleki.waw.pl\/index.php?rest_route=\/wp\/v2\/posts\/6678","targetHints":{"allow":["GET"]}}],"collection":[{"href":"https:\/\/razemdlabialoleki.waw.pl\/index.php?rest_route=\/wp\/v2\/posts"}],"about":[{"href":"https:\/\/razemdlabialoleki.waw.pl\/index.php?rest_route=\/wp\/v2\/types\/post"}],"author":[{"embeddable":true,"href":"https:\/\/razemdlabialoleki.waw.pl\/index.php?rest_route=\/wp\/v2\/users\/2"}],"replies":[{"embeddable":true,"href":"https:\/\/razemdlabialoleki.waw.pl\/index.php?rest_route=%2Fwp%2Fv2%2Fcomments&post=6678"}],"version-history":[{"count":2,"href":"https:\/\/razemdlabialoleki.waw.pl\/index.php?rest_route=\/wp\/v2\/posts\/6678\/revisions"}],"predecessor-version":[{"id":6684,"href":"https:\/\/razemdlabialoleki.waw.pl\/index.php?rest_route=\/wp\/v2\/posts\/6678\/revisions\/6684"}],"wp:featuredmedia":[{"embeddable":true,"href":"https:\/\/razemdlabialoleki.waw.pl\/index.php?rest_route=\/wp\/v2\/media\/6679"}],"wp:attachment":[{"href":"https:\/\/razemdlabialoleki.waw.pl\/index.php?rest_route=%2Fwp%2Fv2%2Fmedia&parent=6678"}],"wp:term":[{"taxonomy":"category","embeddable":true,"href":"https:\/\/razemdlabialoleki.waw.pl\/index.php?rest_route=%2Fwp%2Fv2%2Fcategories&post=6678"},{"taxonomy":"post_tag","embeddable":true,"href":"https:\/\/razemdlabialoleki.waw.pl\/index.php?rest_route=%2Fwp%2Fv2%2Ftags&post=6678"}],"curies":[{"name":"wp","href":"https:\/\/api.w.org\/{rel}","templated":true}]}}