{"id":6669,"date":"2018-10-15T09:23:50","date_gmt":"2018-10-15T08:23:50","guid":{"rendered":"http:\/\/razemdlabialoleki.waw.pl\/?p=6669"},"modified":"2024-01-14T14:32:13","modified_gmt":"2024-01-14T13:32:13","slug":"zbiorka-na-ratowanie-zabytkowych-nekropolii-na-cmentarzu-tarchominskim-3","status":"publish","type":"post","link":"https:\/\/razemdlabialoleki.waw.pl\/?p=6669","title":{"rendered":"Zbi\u00f3rka na ratowanie zabytkowych nekropolii na Cmentarzu Tarchomi\u0144skim"},"content":{"rendered":"<p>Powoli ko\u0144czymy przygotowania do kolejnej edycji&nbsp;<span class=\"fwn fcg\" style=\"font-size: 16px;\"><span class=\"fwb fcg\" data-ft=\"{&quot;tn&quot;:&quot;k&quot;}\"><a id=\"js_1y7\" href=\"https:\/\/www.facebook.com\/KomitetSpolecznyRazemDlaBialoleki\/?__tn__=kC-R&amp;eid=ARDYrMPGogKy_7EYk3K2DH0rKhzFk18WgmljGlom4jcetkXBtH8Nd8H_aPaz7UIcV_5u_USccCsVrI4B&amp;hc_ref=ARQCyeI-hzKQuZQ3b1ASijEJ_YbrZl0SxjXRL3X_tfWDIcWm1rWSkAZnaioqvKP8HJ0&amp;fref=nf&amp;__xts__%5B0%5D=68.ARDl0k0o8AXZ3ma0_QccMm26PwE7Haxysb3fBemwXK4RZVaFLROTDJEn3Psa5hGjpUNmMY67OMXvUVw4uI1jmgvK-UPzVDE6U24gdQEx45KOn8ZYk7BAP5W1knXvlgOxtSZFqRz5W40ZZyhkxermlTtF8WN4wpvz74OkciXmYfXKdAcC0ONX\" target=\"_blank\" rel=\"noopener\" data-hovercard=\"\/ajax\/hovercard\/page.php?id=225982947744145&amp;extragetparams=%7B%22__tn__%22%3A%22%2CdkC-R-R%22%2C%22eid%22%3A%22ARDYrMPGogKy_7EYk3K2DH0rKhzFk18WgmljGlom4jcetkXBtH8Nd8H_aPaz7UIcV_5u_USccCsVrI4B%22%2C%22hc_ref%22%3A%22ARQCyeI-hzKQuZQ3b1ASijEJ_YbrZl0SxjXRL3X_tfWDIcWm1rWSkAZnaioqvKP8HJ0%22%2C%22fref%22%3A%22nf%22%7D\" data-hovercard-prefer-more-content-show=\"1\" data-hovercard-referer=\"ARQCyeI-hzKQuZQ3b1ASijEJ_YbrZl0SxjXRL3X_tfWDIcWm1rWSkAZnaioqvKP8HJ0\" aria-describedby=\"u_5y_1\" aria-owns=\"js_1x7\">Zbi\u00f3rki na ratowanie zabytkowych nekropolii na Cmentarzu Tarchomi\u0144skim<\/a><\/span><\/span><\/p>\n<div class=\"entry-content\">\n<p>&nbsp;i o tym w\u0142a\u015bnie opowiadamy w materiale <a href=\"https:\/\/warszawa.tvp.pl\/39469228\/14102018\" target=\"_blank\" rel=\"noopener\">Telewizyjnego Kuriera Warszawskiego.<\/a>&nbsp; od 10 minuty.<a href=\"https:\/\/warszawa.tvp.pl\/39469228\/14102018\" target=\"_blank\" rel=\"noopener\"><img loading=\"lazy\" decoding=\"async\" class=\"aligncenter size-full wp-image-6671\" src=\"http:\/\/razemdlabialoleki.waw.pl\/wp-content\/uploads\/2018\/10\/janek2.jpg\" alt=\"\" width=\"1351\" height=\"690\" srcset=\"https:\/\/razemdlabialoleki.waw.pl\/wp-content\/uploads\/2018\/10\/janek2.jpg 1351w, https:\/\/razemdlabialoleki.waw.pl\/wp-content\/uploads\/2018\/10\/janek2-300x153.jpg 300w, https:\/\/razemdlabialoleki.waw.pl\/wp-content\/uploads\/2018\/10\/janek2-768x392.jpg 768w, https:\/\/razemdlabialoleki.waw.pl\/wp-content\/uploads\/2018\/10\/janek2-1024x523.jpg 1024w, https:\/\/razemdlabialoleki.waw.pl\/wp-content\/uploads\/2018\/10\/janek2-110x56.jpg 110w, https:\/\/razemdlabialoleki.waw.pl\/wp-content\/uploads\/2018\/10\/janek2-420x215.jpg 420w, https:\/\/razemdlabialoleki.waw.pl\/wp-content\/uploads\/2018\/10\/janek2-770x393.jpg 770w\" sizes=\"auto, (max-width: 1351px) 100vw, 1351px\" \/><\/a><\/p>\n<p><img loading=\"lazy\" decoding=\"async\" class=\"aligncenter size-full wp-image-6670\" src=\"http:\/\/razemdlabialoleki.waw.pl\/wp-content\/uploads\/2018\/10\/bartek.jpg\" alt=\"\" width=\"1331\" height=\"689\" srcset=\"https:\/\/razemdlabialoleki.waw.pl\/wp-content\/uploads\/2018\/10\/bartek.jpg 1331w, https:\/\/razemdlabialoleki.waw.pl\/wp-content\/uploads\/2018\/10\/bartek-300x155.jpg 300w, https:\/\/razemdlabialoleki.waw.pl\/wp-content\/uploads\/2018\/10\/bartek-768x398.jpg 768w, https:\/\/razemdlabialoleki.waw.pl\/wp-content\/uploads\/2018\/10\/bartek-1024x530.jpg 1024w, https:\/\/razemdlabialoleki.waw.pl\/wp-content\/uploads\/2018\/10\/bartek-110x57.jpg 110w, https:\/\/razemdlabialoleki.waw.pl\/wp-content\/uploads\/2018\/10\/bartek-420x217.jpg 420w, https:\/\/razemdlabialoleki.waw.pl\/wp-content\/uploads\/2018\/10\/bartek-770x399.jpg 770w\" sizes=\"auto, (max-width: 1331px) 100vw, 1331px\" \/><\/p>\n<p>&nbsp;<\/p>\n<p>W tym roku serdecznie zapraszamy do wzi\u0119cia udzia\u0142u w kwe\u015bcie w nast\u0119puj\u0105cych dniach:<\/p>\n<p><strong>28 pa\u017adziernika <\/strong><\/p>\n<p>&#8211; zbi\u00f3rka przed ko\u015bcio\u0142ami<\/p>\n<ol>\n<li>Parafia \u015aw. Jakuba Aposto\u0142a na Tarchominie (ul. Mehoffera)<\/li>\n<li>Parafia Narodzenia Naj\u015bwi\u0119tszej Maryi Panny w P\u0142udach (ul. Klasyk\u00f3w)<\/li>\n<li>Parafia Naj\u015bwi\u0119tszej Maryi Panny Matki Pi\u0119knej Mi\u0142o\u015bci (ul. \u0106mielowska)<\/li>\n<li>Parafia \u015aw. Franciszka z Asy\u017cu (ul. Strumykowa)<\/li>\n<\/ol>\n<p>&#8211; zbi\u00f3rka na Cmentarzu Tarchomi\u0144skim w godz 9.00-17.00<\/p>\n<p><strong>31 pa\u017adziernika<\/strong><\/p>\n<p>&#8211; zbi\u00f3rka na Cmentarzu Tarchomi\u0144skim w godz 9.00-17.00<\/p>\n<p><strong>01 listopada<\/strong><\/p>\n<p>&#8211; zbi\u00f3rka na Cmentarzu Tarchomi\u0144skim w godz 9.00-17.00<\/p>\n<p>&#8211; wieczorny spacer historyczny po Cmentarzu Tarchomi\u0144skim o godz 19:30<\/p>\n<p><strong>02 listopada<\/strong><\/p>\n<p>&#8211; zbi\u00f3rka na Cmentarzu Tarchomi\u0144skim w godz 9.00-17.00<\/p>\n<p>&nbsp;<\/p>\n<p>Ubieg\u0142oroczne spacery cieszy\u0142y si\u0119 ogromnym zainteresowaniem mieszka\u0144c\u00f3w Bia\u0142o\u0142\u0119ki, a o historii naszej dzielnicy i co oczywiste historii cmentarza r\u00f3wnie\u017c w tym roku opowie prezes fundacji Ave Bart\u0142omiej W\u0142odkowski.<\/p>\n<p>Szykujemy dla Pa\u0144stwa pewn\u0105 niespodziank\u0119 &#8211; szczeg\u00f3\u0142y wkr\u00f3tce.<\/p>\n<p>Zapraszam bardzo serdecznie w imieniu organizator\u00f3w<\/p>\n<p>Jan Mackiewicz<\/p>\n<p>Prezes Stowarzyszenia Razem dla Bia\u0142o\u0142\u0119ki<\/p>\n<p>&nbsp;<\/p>\n<\/div>\n","protected":false},"excerpt":{"rendered":"<p>Powoli ko\u0144czymy przygotowania do kolejnej edycji&nbsp;Zbi\u00f3rki na ratowanie zabytkowych nekropolii na Cmentarzu Tarchomi\u0144skim &nbsp;i o tym w\u0142a\u015bnie opowiadamy w materiale Telewizyjnego Kuriera Warszawskiego.&nbsp; od 10 minuty. &nbsp; W tym roku serdecznie zapraszamy do wzi\u0119cia udzia\u0142u w kwe\u015bcie w nast\u0119puj\u0105cych dniach: 28 pa\u017adziernika &#8211; zbi\u00f3rka przed ko\u015bcio\u0142ami Parafia \u015aw. Jakuba Aposto\u0142a na Tarchominie (ul. Mehoffera) Parafia [&hellip;]<\/p>\n","protected":false},"author":1,"featured_media":6672,"comment_status":"closed","ping_status":"closed","sticky":false,"template":"","format":"standard","meta":{"ngg_post_thumbnail":0,"footnotes":""},"categories":[10,53],"tags":[],"class_list":["post-6669","post","type-post","status-publish","format-standard","has-post-thumbnail","hentry","category-akcja-spoleczna","category-zabytki"],"_links":{"self":[{"href":"https:\/\/razemdlabialoleki.waw.pl\/index.php?rest_route=\/wp\/v2\/posts\/6669","targetHints":{"allow":["GET"]}}],"collection":[{"href":"https:\/\/razemdlabialoleki.waw.pl\/index.php?rest_route=\/wp\/v2\/posts"}],"about":[{"href":"https:\/\/razemdlabialoleki.waw.pl\/index.php?rest_route=\/wp\/v2\/types\/post"}],"author":[{"embeddable":true,"href":"https:\/\/razemdlabialoleki.waw.pl\/index.php?rest_route=\/wp\/v2\/users\/1"}],"replies":[{"embeddable":true,"href":"https:\/\/razemdlabialoleki.waw.pl\/index.php?rest_route=%2Fwp%2Fv2%2Fcomments&post=6669"}],"version-history":[{"count":3,"href":"https:\/\/razemdlabialoleki.waw.pl\/index.php?rest_route=\/wp\/v2\/posts\/6669\/revisions"}],"predecessor-version":[{"id":6675,"href":"https:\/\/razemdlabialoleki.waw.pl\/index.php?rest_route=\/wp\/v2\/posts\/6669\/revisions\/6675"}],"wp:featuredmedia":[{"embeddable":true,"href":"https:\/\/razemdlabialoleki.waw.pl\/index.php?rest_route=\/wp\/v2\/media\/6672"}],"wp:attachment":[{"href":"https:\/\/razemdlabialoleki.waw.pl\/index.php?rest_route=%2Fwp%2Fv2%2Fmedia&parent=6669"}],"wp:term":[{"taxonomy":"category","embeddable":true,"href":"https:\/\/razemdlabialoleki.waw.pl\/index.php?rest_route=%2Fwp%2Fv2%2Fcategories&post=6669"},{"taxonomy":"post_tag","embeddable":true,"href":"https:\/\/razemdlabialoleki.waw.pl\/index.php?rest_route=%2Fwp%2Fv2%2Ftags&post=6669"}],"curies":[{"name":"wp","href":"https:\/\/api.w.org\/{rel}","templated":true}]}}