{"id":6614,"date":"2018-10-08T11:43:52","date_gmt":"2018-10-08T10:43:52","guid":{"rendered":"http:\/\/razemdlabialoleki.waw.pl\/?p=6614"},"modified":"2024-01-14T14:32:23","modified_gmt":"2024-01-14T13:32:23","slug":"warsztaty-wizazu-i-stylizacji-pt-odkryj-swoje-piekno-uwierz-w-siebie-zapisy","status":"publish","type":"post","link":"https:\/\/razemdlabialoleki.waw.pl\/?p=6614","title":{"rendered":"Warsztaty wiza\u017cu i stylizacji pt. \u201eOdkryj swoje pi\u0119kno, uwierz w siebie&#8221; &#8211; zapisy"},"content":{"rendered":"<div class=\"freebirdFormviewerViewHeaderDescription\" dir=\"auto\">\n<p>W ramach zadania &#8220;Animacja \u017cycia kulturalnego oraz upowszechnianie kultury w r\u00f3\u017cnych dziedzinach i formach artystycznych, a tak\u017ce popularyzacja historii i dziedzictwa kulturowego wspieraj\u0105ce rozw\u00f3j i integruj\u0105ce \u015brodowisko lokalne Dzielnicy Bia\u0142o\u0142\u0119ka finansowanego ze \u015brodk\u00f3w publicznych&#8221;<\/p>\n<p>Stowarzyszenie Razem dla Bia\u0142o\u0142\u0119ki zaprasza<br \/>\nw dniach 20-21 pa\u017adziernika br.<br \/>\nna warsztaty wiza\u017cu i stylizacji pt. &#8220;Odkryj swoje pi\u0119kno, uwierz w siebie&#8221;.<\/p>\n<p>Zaj\u0119cia b\u0119d\u0105 podzielone na trzy bloki tematyczne:<br \/>\nSOBOTA 20 pa\u017adziernika br.<br \/>\n1. 10:00 &#8211; 13:15 Dob\u00f3r kolor\u00f3w do typu urody &#8211; analiza kolorystyczna (3 godziny);<\/p>\n<p>2. 13:45 &#8211; 17:00 Warsztaty makija\u017cu (3 godziny);<\/p>\n<p>NIEDZIELA 21 pa\u017adziernika br.<br \/>\n3. 10:00 &#8211; 14:30 Analiza sylwetki, dob\u00f3r garderoby, style w ubieraniu si\u0119, kreowanie w\u0142asnego stylu (4 godziny).<\/p>\n<p>Mo\u017cna zapisa\u0107 si\u0119 na ca\u0142y warsztat lub na jedn\u0105 cz\u0119\u015b\u0107.<\/p>\n<p>Zapraszamy do dokonania rezerwacji miejsca poprzez wype\u0142nienie odpowiedzi w za\u0142\u0105czonym poni\u017cej formularzu zg\u0142oszeniowym.<br \/>\nPotwierdzenie udzia\u0142u otrzymaj\u0105 Panie w oddzielnym mailu do dnia 16 pa\u017adziernika br.<\/p>\n<\/div>\n<p><strong><span style=\"color: #ff0000;\">UWAGA &#8211; ZMIANA TERMINU &#8211; WARSZTATY ODB\u0118D\u0104 SI\u0118 27-28 pa\u017adziernika 2018 r.<\/span><\/strong><\/p>\n<p><strong><span style=\"color: #339966;\">-Serdecznie zapraszamy na kolejny termin 10-11 listopada. Zapisy rusz\u0105 29 pa\u017adziernika.<\/span><\/strong><\/p>\n","protected":false},"excerpt":{"rendered":"<p>W ramach zadania &#8220;Animacja \u017cycia kulturalnego oraz upowszechnianie kultury w r\u00f3\u017cnych dziedzinach i formach artystycznych, a tak\u017ce popularyzacja historii i dziedzictwa kulturowego wspieraj\u0105ce rozw\u00f3j i integruj\u0105ce \u015brodowisko lokalne Dzielnicy Bia\u0142o\u0142\u0119ka finansowanego ze \u015brodk\u00f3w publicznych&#8221; Stowarzyszenie Razem dla Bia\u0142o\u0142\u0119ki zaprasza w dniach 20-21 pa\u017adziernika br. na warsztaty wiza\u017cu i stylizacji pt. &#8220;Odkryj swoje pi\u0119kno, uwierz w [&hellip;]<\/p>\n","protected":false},"author":1,"featured_media":5029,"comment_status":"closed","ping_status":"closed","sticky":false,"template":"","format":"standard","meta":{"ngg_post_thumbnail":0,"footnotes":""},"categories":[14],"tags":[],"class_list":["post-6614","post","type-post","status-publish","format-standard","has-post-thumbnail","hentry","category-kobiety-razem-dla-bialoleki"],"_links":{"self":[{"href":"https:\/\/razemdlabialoleki.waw.pl\/index.php?rest_route=\/wp\/v2\/posts\/6614","targetHints":{"allow":["GET"]}}],"collection":[{"href":"https:\/\/razemdlabialoleki.waw.pl\/index.php?rest_route=\/wp\/v2\/posts"}],"about":[{"href":"https:\/\/razemdlabialoleki.waw.pl\/index.php?rest_route=\/wp\/v2\/types\/post"}],"author":[{"embeddable":true,"href":"https:\/\/razemdlabialoleki.waw.pl\/index.php?rest_route=\/wp\/v2\/users\/1"}],"replies":[{"embeddable":true,"href":"https:\/\/razemdlabialoleki.waw.pl\/index.php?rest_route=%2Fwp%2Fv2%2Fcomments&post=6614"}],"version-history":[{"count":5,"href":"https:\/\/razemdlabialoleki.waw.pl\/index.php?rest_route=\/wp\/v2\/posts\/6614\/revisions"}],"predecessor-version":[{"id":6686,"href":"https:\/\/razemdlabialoleki.waw.pl\/index.php?rest_route=\/wp\/v2\/posts\/6614\/revisions\/6686"}],"wp:featuredmedia":[{"embeddable":true,"href":"https:\/\/razemdlabialoleki.waw.pl\/index.php?rest_route=\/wp\/v2\/media\/5029"}],"wp:attachment":[{"href":"https:\/\/razemdlabialoleki.waw.pl\/index.php?rest_route=%2Fwp%2Fv2%2Fmedia&parent=6614"}],"wp:term":[{"taxonomy":"category","embeddable":true,"href":"https:\/\/razemdlabialoleki.waw.pl\/index.php?rest_route=%2Fwp%2Fv2%2Fcategories&post=6614"},{"taxonomy":"post_tag","embeddable":true,"href":"https:\/\/razemdlabialoleki.waw.pl\/index.php?rest_route=%2Fwp%2Fv2%2Ftags&post=6614"}],"curies":[{"name":"wp","href":"https:\/\/api.w.org\/{rel}","templated":true}]}}