{"id":6606,"date":"2018-10-03T10:07:20","date_gmt":"2018-10-03T09:07:20","guid":{"rendered":"http:\/\/razemdlabialoleki.waw.pl\/?p=6606"},"modified":"2018-10-03T10:39:05","modified_gmt":"2018-10-03T09:39:05","slug":"mpzp-dla-wisniewa-w-rejonie-ul-kolacinskiej","status":"publish","type":"post","link":"https:\/\/razemdlabialoleki.waw.pl\/?p=6606","title":{"rendered":"MPZP dla Wi\u015bniewa w rejonie ul. Ko\u0142aci\u0144skiej"},"content":{"rendered":"<p>Tylko do 10 pa\u017adziernika mo\u017cna sk\u0142ada\u0107 wnioski do miejscowego planu zagospodarowania przestrzennego Wi\u015bniewa w rejonie ul. Ko\u0142aci\u0144skiej. To dopiero pocz\u0105tek prac nad tym MPZP, ale warto od pocz\u0105tku uczestniczy\u0107 w tym procesie i mie\u0107 wp\u0142yw na zapisy planu.<br \/>\nNa spotkanie po\u015bwi\u0119cone temu MPZP licznie przybyli mieszka\u0144cy, zg\u0142aszaj\u0105c szereg postulat\u00f3w zwi\u0105zanych zar\u00f3wno z samym planem, procedowaniem plan\u00f3w miejscowych rejonu Wi\u015bniewa oraz lokalnych inwestycji, na czele z remontem ulicy Ko\u0142aci\u0144skiej. Pojawi\u0142y si\u0119 m.in. w\u0105tpliwo\u015bci, jaki wp\u0142yw na realizacj\u0119 tej inwestycji b\u0119dzie mia\u0142o przyst\u0105pienie do sporz\u0105dzania nowego planu, a tak\u017ce jaka b\u0119dzie docelowa kategoria drogi (ZMID zak\u0142ada powstanie drogi kategorii Z &#8211; zbiorcza &#8211; o obustronnych chodnikach \u201ew miar\u0119 mo\u017cliwo\u015bci\u201d, budow\u0119 zatok autobusowych, budow\u0119 o\u015bwietlenia i odwodnienia drogi).<br \/>\nKluczowy postulat w kontek\u015bcie prac nad nowym planem miejscowym stanowi zachowanie dotychczasowego charakteru zabudowy &#8211; jednorodzinnej. Mieszka\u0144cy oczekuj\u0105, i\u017c MPZP nie dopu\u015bci do kolejnych sytuacji, gdzie pomi\u0119dzy domami jednorodzinnymi powstaj\u0105 bloki. W tym kontek\u015bcie zosta\u0142a podniesiona tak\u017ce kwestia d\u0142ugiego czasu procedowania plan\u00f3w miejscowych, m.in. na przyk\u0142adzie MPZP Wi\u015bniewa w rejonie ul. Fleminga, co trwa ju\u017c ponad 4 lata. Przedstawiciele Biura Architektury i Planowania Przestrzennego zapewniali, i\u017c plan zostanie niebawem wy\u0142o\u017cony do publicznego wgl\u0105du.<\/p>\n","protected":false},"excerpt":{"rendered":"<p>Tylko do 10 pa\u017adziernika mo\u017cna sk\u0142ada\u0107 wnioski do miejscowego planu zagospodarowania przestrzennego Wi\u015bniewa w rejonie ul. Ko\u0142aci\u0144skiej. To dopiero pocz\u0105tek prac nad tym MPZP, ale warto od pocz\u0105tku uczestniczy\u0107 w tym procesie i mie\u0107 wp\u0142yw na zapisy planu. Na spotkanie po\u015bwi\u0119cone temu MPZP licznie przybyli mieszka\u0144cy, zg\u0142aszaj\u0105c szereg postulat\u00f3w zwi\u0105zanych zar\u00f3wno z samym planem, procedowaniem [&hellip;]<\/p>\n","protected":false},"author":1,"featured_media":6607,"comment_status":"closed","ping_status":"closed","sticky":false,"template":"","format":"standard","meta":{"ngg_post_thumbnail":0,"footnotes":""},"categories":[25],"tags":[],"class_list":["post-6606","post","type-post","status-publish","format-standard","has-post-thumbnail","hentry","category-samorzad"],"_links":{"self":[{"href":"https:\/\/razemdlabialoleki.waw.pl\/index.php?rest_route=\/wp\/v2\/posts\/6606","targetHints":{"allow":["GET"]}}],"collection":[{"href":"https:\/\/razemdlabialoleki.waw.pl\/index.php?rest_route=\/wp\/v2\/posts"}],"about":[{"href":"https:\/\/razemdlabialoleki.waw.pl\/index.php?rest_route=\/wp\/v2\/types\/post"}],"author":[{"embeddable":true,"href":"https:\/\/razemdlabialoleki.waw.pl\/index.php?rest_route=\/wp\/v2\/users\/1"}],"replies":[{"embeddable":true,"href":"https:\/\/razemdlabialoleki.waw.pl\/index.php?rest_route=%2Fwp%2Fv2%2Fcomments&post=6606"}],"version-history":[{"count":3,"href":"https:\/\/razemdlabialoleki.waw.pl\/index.php?rest_route=\/wp\/v2\/posts\/6606\/revisions"}],"predecessor-version":[{"id":6610,"href":"https:\/\/razemdlabialoleki.waw.pl\/index.php?rest_route=\/wp\/v2\/posts\/6606\/revisions\/6610"}],"wp:featuredmedia":[{"embeddable":true,"href":"https:\/\/razemdlabialoleki.waw.pl\/index.php?rest_route=\/wp\/v2\/media\/6607"}],"wp:attachment":[{"href":"https:\/\/razemdlabialoleki.waw.pl\/index.php?rest_route=%2Fwp%2Fv2%2Fmedia&parent=6606"}],"wp:term":[{"taxonomy":"category","embeddable":true,"href":"https:\/\/razemdlabialoleki.waw.pl\/index.php?rest_route=%2Fwp%2Fv2%2Fcategories&post=6606"},{"taxonomy":"post_tag","embeddable":true,"href":"https:\/\/razemdlabialoleki.waw.pl\/index.php?rest_route=%2Fwp%2Fv2%2Ftags&post=6606"}],"curies":[{"name":"wp","href":"https:\/\/api.w.org\/{rel}","templated":true}]}}