{"id":6353,"date":"2018-09-30T19:29:34","date_gmt":"2018-09-30T18:29:34","guid":{"rendered":"http:\/\/razemdlabialoleki.waw.pl\/?p=6353"},"modified":"2018-09-30T19:29:34","modified_gmt":"2018-09-30T18:29:34","slug":"tramwaj-na-winnice-czyli-pytania-i-watpliwosci-mieszkancow","status":"publish","type":"post","link":"https:\/\/razemdlabialoleki.waw.pl\/?p=6353","title":{"rendered":"Tramwaj na Winnic\u0119 czyli pytania i w\u0105tpliwo\u015bci mieszka\u0144c\u00f3w"},"content":{"rendered":"<div dir=\"auto\" style=\"text-align: justify;\"><strong>Klasyczny niestety przyk\u0142ad szumnych obietnic i przeci\u0105gaj\u0105cej si\u0119 realizacji. Brzmi to mo\u017ce nieco jako przestroga dla tych, kt\u00f3rzy w obecnym czasie s\u0105 bombardowani r\u00f3\u017cnego rodzaju obietnicami, ale wiadomo &#8211; taki mamy czas. Wr\u00f3\u0107my zatem do kwestii tramwaju na Winnic\u0119. Dobrze pami\u0119tamy, \u017ce to forma &#8220;rekompensaty&#8221; za metro, kt\u00f3rego spodziewali\u015bmy si\u0119 przed laty na Nowodworach, a kt\u00f3re &#8220;utkn\u0119\u0142o&#8221; na M\u0142ocinach. Skoro jednak tramwaj obiecany by\u0142 to w ko\u0144cu si\u0119 pojawi\u0142. Trudno nie odnie\u015b\u0107 wra\u017cenia, \u017ce jest inwestycja realizowana taktyk\u0105 &#8220;\u017cabich skok\u00f3w&#8221; &#8211; zapewne dla decydent\u00f3w jest to doskona\u0142a okazja do kolejnego przecinania wst\u0119g i chwaleniem si\u0119 post\u0119pem, ale powoduje to s\u0142uszn\u0105 irytacj\u0119 mieszka\u0144c\u00f3w powtarzaj\u0105cych jak mantr\u0119 pytanie &#8211; kiedy to si\u0119 wreszcie sko\u0144czy?<\/strong><\/div>\n<div dir=\"auto\" style=\"text-align: justify;\"><strong>Ot\u00f3\u017c sko\u0144czy si\u0119 to teoretycznie w 2019 roku, o ile uda si\u0119 wybra\u0107 wykonawc\u0119 w przetargu, kt\u00f3ry ma by\u0107 og\u0142oszony jeszcze w tym roku. Pe\u0142nia szcz\u0119\u015bcia dla mieszka\u0144c\u00f3w Winnicy?<\/strong><\/div>\n<div dir=\"auto\" style=\"text-align: justify;\">&nbsp;<\/div>\n<div dir=\"auto\" style=\"text-align: justify;\">Niestety tramwaj na Winnic\u0119 dojedzie, ale &#8230; Pami\u0119tamy ulubione przez decydent\u00f3w &#8220;\u017cabie skoki&#8221;? Ot\u00f3\u017c tramwaj osi\u0105gnie docelowy przebieg ale p\u0119tli na Winnicy na tym etapie nie b\u0119dzie. B\u0119dzie za to zawrotka taka jaka jest obecnie na Nowodworach. W konsekwencji transport b\u0119dzie si\u0119 odbywa\u0142 z i do Winnicy tylko tramwajami dwukierunkowi. Za to niejako w promocji dostaniemy wybudowany r\u00f3wnolegle przed\u0142u\u017cony do ul. Modli\u0144skiej odcinek ulicy \u015awiatowida &#8211; dwie jezdnie po dwa pasy ruch\u00f3w. Dwa pasy od Modli\u0144skiej do Strumykowej. Po co nam dwa pasy na takim odcinku? Ano tak kto\u015b wymy\u015bli\u0142 bo niby ma by\u0107 taniej na przysz\u0142o\u015b\u0107, a to \u017ce teraz b\u0119dzie to przerost formy nad tre\u015bci\u0105 to jako\u015b nikomu poza mieszka\u0144cami snu z powiek nie sp\u0119dza. My z oczywistych powod\u00f3w woleliby\u015bmy od razu p\u0119tl\u0119 tramwajow\u0105 na Winnicy. P\u0119tla przesiadkowa m.in. dla autobus\u00f3w z Jab\u0142onny i Legionowa powstanie o ile nie b\u0119dzie \u017cadnych op\u00f3\u017anie\u0144 ale dopiero w 2021 roku (&#8220;\u017cabie skoki&#8221;).&nbsp;<\/div>\n<div dir=\"auto\" style=\"text-align: justify;\">&nbsp;<\/div>\n<div dir=\"auto\" style=\"text-align: justify;\"><strong>Tak wi\u0119c przez dwa lata dwukierunkowe tramwaje b\u0119d\u0105 obs\u0142ugiwa\u0142y Winnic\u0119 i Nowodwory, a pami\u0119ta\u0107 musimy \u017ce pojawi si\u0119 dodatkowa rzesza ch\u0119tnych do skorzystania z tramwaju, kt\u00f3rzy mog\u0105 przyjecha\u0107 korzystaj\u0105c z po\u0142\u0105czenia ul. \u015awiatowida z ul. Modli\u0144sk\u0105. Przyjad\u0105 i zostawi\u0105 samochody. No w\u0142a\u015bnie gdzie? Oczywi\u015bcie jak to zwykle bywa pozostawi\u0105 swoje samochody na parkingu P+R. Jedynym problemem jest to, \u017ce ten parking powstanie w roku&#8230; 2023. Niestety to nie liter\u00f3wka tylko ostatni skok naszej &#8220;\u017cabki&#8221;.&nbsp;<\/strong><\/div>\n<div dir=\"auto\" style=\"text-align: justify;\">&nbsp;<\/div>\n<div dir=\"auto\" style=\"text-align: justify;\">Czy tramwaje jad\u0105ce z Winnicy b\u0119d\u0105 w stanie obs\u0142u\u017cy\u0107 mieszka\u0144c\u00f3w Nowodwor\u00f3w do czasu uruchomienia p\u0119tli w 2021? Ju\u017c teraz w godzinach porannych s\u0105 problemy z przepe\u0142nionymi sk\u0142adami na wysoko\u015bci przystanku Stefanika. Jak b\u0119d\u0105 wygl\u0105da\u0142y okolice ul. Winoro\u015bli do czasu uruchomienia P+R? Mieli\u015bmy ju\u017c przyk\u0142ady na problemy z parkowaniem i dro\u017cno\u015bci\u0105 ulic w tym rejonie. Jak zmieni si\u0119 nat\u0119\u017cenie ruchu na ca\u0142ym odcinku \u015awiatowida i czy nie stanie si\u0119 ona dodatkow\u0105 ulic\u0105 tranzytow\u0105 w kierunku Mostu P\u00f3\u0142nocnego? Tu niestety wychodz\u0105 konsekwencj\u0119 prze\u0142o\u017conej w czasie modernizacji ul. Modli\u0144skiej i braku na niej bezkolizyjnych skrzy\u017cowa\u0144.&nbsp;<\/div>\n<div dir=\"auto\" style=\"text-align: justify;\">&nbsp;<\/div>\n<div dir=\"auto\" style=\"text-align: justify;\">Pyta\u0144 i w\u0105tpliwo\u015bci jest wiele &#8211; niekt\u00f3re odpowiedzi poznamy wkr\u00f3tce. Wida\u0107 niestety mo\u017cliwe konsekwencje zaniecha\u0144 (ul. Modli\u0144ska) czy te\u017c nadmiernego etapowania. Mam nadziej\u0119, \u017ce obejdzie si\u0119 bez wi\u0119kszych komplikacji dla mieszka\u0144c\u00f3w cho\u0107 najbli\u017csze trzy lata mog\u0105 okaza\u0107 si\u0119 najtrudniejsze.<\/div>\n<div dir=\"auto\" style=\"text-align: justify;\">&nbsp;<\/div>\n<div dir=\"auto\" style=\"text-align: justify;\">Jan Mackiewicz<\/div>\n<div dir=\"auto\" style=\"text-align: justify;\">Prezes Stowarzyszenia Razem dla Bia\u0142o\u0142\u0119ki<\/div>\n<div dir=\"auto\">&nbsp;<\/div>\n<div dir=\"auto\">Grafika <a href=\"http:\/\/warszawa.tvp.pl\/34700244\/kiedy-mieszkancy-bialoleki-doczekaja-sie-trasy-tramwajowej\" target=\"_blank\" rel=\"noopener\">Kurier Warszawski.<\/a><\/div>\n","protected":false},"excerpt":{"rendered":"<p>Klasyczny niestety przyk\u0142ad szumnych obietnic i przeci\u0105gaj\u0105cej si\u0119 realizacji. Brzmi to mo\u017ce nieco jako przestroga dla tych, kt\u00f3rzy w obecnym czasie s\u0105 bombardowani r\u00f3\u017cnego rodzaju obietnicami, ale wiadomo &#8211; taki mamy czas. Wr\u00f3\u0107my zatem do kwestii tramwaju na Winnic\u0119. Dobrze pami\u0119tamy, \u017ce to forma &#8220;rekompensaty&#8221; za metro, kt\u00f3rego spodziewali\u015bmy si\u0119 przed laty na Nowodworach, a [&hellip;]<\/p>\n","protected":false},"author":2,"featured_media":6354,"comment_status":"closed","ping_status":"closed","sticky":false,"template":"","format":"standard","meta":{"ngg_post_thumbnail":0,"footnotes":""},"categories":[27,26,30,25],"tags":[],"class_list":["post-6353","post","type-post","status-publish","format-standard","has-post-thumbnail","hentry","category-inwestycje","category-klub-radnych","category-komunikacja","category-samorzad"],"_links":{"self":[{"href":"https:\/\/razemdlabialoleki.waw.pl\/index.php?rest_route=\/wp\/v2\/posts\/6353","targetHints":{"allow":["GET"]}}],"collection":[{"href":"https:\/\/razemdlabialoleki.waw.pl\/index.php?rest_route=\/wp\/v2\/posts"}],"about":[{"href":"https:\/\/razemdlabialoleki.waw.pl\/index.php?rest_route=\/wp\/v2\/types\/post"}],"author":[{"embeddable":true,"href":"https:\/\/razemdlabialoleki.waw.pl\/index.php?rest_route=\/wp\/v2\/users\/2"}],"replies":[{"embeddable":true,"href":"https:\/\/razemdlabialoleki.waw.pl\/index.php?rest_route=%2Fwp%2Fv2%2Fcomments&post=6353"}],"version-history":[{"count":1,"href":"https:\/\/razemdlabialoleki.waw.pl\/index.php?rest_route=\/wp\/v2\/posts\/6353\/revisions"}],"predecessor-version":[{"id":6355,"href":"https:\/\/razemdlabialoleki.waw.pl\/index.php?rest_route=\/wp\/v2\/posts\/6353\/revisions\/6355"}],"wp:featuredmedia":[{"embeddable":true,"href":"https:\/\/razemdlabialoleki.waw.pl\/index.php?rest_route=\/wp\/v2\/media\/6354"}],"wp:attachment":[{"href":"https:\/\/razemdlabialoleki.waw.pl\/index.php?rest_route=%2Fwp%2Fv2%2Fmedia&parent=6353"}],"wp:term":[{"taxonomy":"category","embeddable":true,"href":"https:\/\/razemdlabialoleki.waw.pl\/index.php?rest_route=%2Fwp%2Fv2%2Fcategories&post=6353"},{"taxonomy":"post_tag","embeddable":true,"href":"https:\/\/razemdlabialoleki.waw.pl\/index.php?rest_route=%2Fwp%2Fv2%2Ftags&post=6353"}],"curies":[{"name":"wp","href":"https:\/\/api.w.org\/{rel}","templated":true}]}}