{"id":6064,"date":"2018-09-14T12:53:17","date_gmt":"2018-09-14T11:53:17","guid":{"rendered":"http:\/\/razemdlabialoleki.waw.pl\/?p=6064"},"modified":"2018-09-14T13:09:38","modified_gmt":"2018-09-14T12:09:38","slug":"pilne-lista-kandydatow-w-zblizajacych-sie-wyborach-samorzadowych","status":"publish","type":"post","link":"https:\/\/razemdlabialoleki.waw.pl\/?p=6064","title":{"rendered":"PILNE!!! &#8211; lista kandydat\u00f3w w zbli\u017caj\u0105cych si\u0119 wyborach samorz\u0105dowych."},"content":{"rendered":"<p>W dniu dzisiejszym odebrali\u015bmy protoko\u0142y rejestracji listy kandydat\u00f3w z ramienia naszego stowarzyszenia na radnych w zbli\u017caj\u0105cych si\u0119 wyborach samorz\u0105dowych. Poni\u017cej prezentujemy pe\u0142n\u0105 list\u0119 z podzia\u0142em na okr\u0119gi wyborcze, a ju\u017c wkr\u00f3tce bli\u017cej przedstawimy naszych kandydat\u00f3w.<\/p>\n<p>&nbsp;<\/p>\n<p>Okr\u0119g I<\/p>\n<ol>\n<li>Marcin Korowaj<\/li>\n<li>Anna Agnieszka Dragan-Babraj<\/li>\n<li>Mateusz Maciej Senko<\/li>\n<li>Konrad Zbigniew P\u0142odowski<\/li>\n<li>Konrad Piotr Kajma<\/li>\n<li>Honorata Wtorkowska<\/li>\n<li>Justyna Lipi\u0144ska<\/li>\n<\/ol>\n<p>&nbsp;<br \/>\nOkr\u0119g II<\/p>\n<ol>\n<li>Jan S\u0142awomir Mackiewicz<\/li>\n<li>Wojciech Tumasz<\/li>\n<li>Agnieszka Renata Adamowicz<\/li>\n<li>Aleksandra El\u017cbieta Wnukowska<\/li>\n<li>Edyta Pagel<\/li>\n<li>Krzysztof Piotr Nitek<\/li>\n<li>Marlena Dziewit<\/li>\n<\/ol>\n<p>&nbsp;<br \/>\nOkr\u0119g III<\/p>\n<ol>\n<li>Piotr Cieszkowski<\/li>\n<li>Ewa Gajewska<\/li>\n<li>Piotr Tadeusz Babraj<\/li>\n<li>Kinga Lidia Mazurek<\/li>\n<li>Andrzej Jan Chyli\u0144ski<\/li>\n<li>Izabella Ma\u0142gorzata Adamczewska<\/li>\n<li>Dariusz Oskar Staciwa<\/li>\n<\/ol>\n<p>&nbsp;<br \/>\nOkr\u0119g IV<\/p>\n<ol>\n<li>Mariola Aneta Olszewska<\/li>\n<li>Patryk Stanis\u0142aw Kr\u00f3l<\/li>\n<li>Dominika Maria Rybarczyk<\/li>\n<li>Jacek Wojciech Zabylski<\/li>\n<li>Ewa Agata \u0141uniewska-St\u0119pniak<\/li>\n<li>Pawe\u0142 Ludwik Skrzecz<\/li>\n<li>Monika Iwona Szczepa\u0144ska-Duda<\/li>\n<\/ol>\n<p>&nbsp;<br \/>\nOkr\u0119g V<\/p>\n<ol>\n<li>Danuta Zaleska<\/li>\n<li>Anna Danuta Tkaczuk<\/li>\n<li>Robert Artur Zimnicki<\/li>\n<li>Tomasz Seweryn Lisiecki<\/li>\n<li>Sebastian Piotr Skrzecz<\/li>\n<li>Franciszek J\u00f3zef Jaworski<\/li>\n<li>Magda Maria Cieszkowska<\/li>\n<\/ol>\n<p>&nbsp;<\/p>\n<p><img loading=\"lazy\" decoding=\"async\" class=\"aligncenter size-full wp-image-6066\" src=\"http:\/\/razemdlabialoleki.waw.pl\/wp-content\/uploads\/2018\/09\/Bialoleka_okregi_wyborcze.jpg\" alt=\"\" width=\"4724\" height=\"3674\" srcset=\"https:\/\/razemdlabialoleki.waw.pl\/wp-content\/uploads\/2018\/09\/Bialoleka_okregi_wyborcze.jpg 4724w, https:\/\/razemdlabialoleki.waw.pl\/wp-content\/uploads\/2018\/09\/Bialoleka_okregi_wyborcze-300x233.jpg 300w, https:\/\/razemdlabialoleki.waw.pl\/wp-content\/uploads\/2018\/09\/Bialoleka_okregi_wyborcze-768x597.jpg 768w, https:\/\/razemdlabialoleki.waw.pl\/wp-content\/uploads\/2018\/09\/Bialoleka_okregi_wyborcze-1024x796.jpg 1024w, https:\/\/razemdlabialoleki.waw.pl\/wp-content\/uploads\/2018\/09\/Bialoleka_okregi_wyborcze-110x86.jpg 110w, https:\/\/razemdlabialoleki.waw.pl\/wp-content\/uploads\/2018\/09\/Bialoleka_okregi_wyborcze-420x327.jpg 420w, https:\/\/razemdlabialoleki.waw.pl\/wp-content\/uploads\/2018\/09\/Bialoleka_okregi_wyborcze-553x430.jpg 553w\" sizes=\"auto, (max-width: 4724px) 100vw, 4724px\" \/><\/p>\n","protected":false},"excerpt":{"rendered":"<p>W dniu dzisiejszym odebrali\u015bmy protoko\u0142y rejestracji listy kandydat\u00f3w z ramienia naszego stowarzyszenia na radnych w zbli\u017caj\u0105cych si\u0119 wyborach samorz\u0105dowych. Poni\u017cej prezentujemy pe\u0142n\u0105 list\u0119 z podzia\u0142em na okr\u0119gi wyborcze, a ju\u017c wkr\u00f3tce bli\u017cej przedstawimy naszych kandydat\u00f3w. &nbsp; Okr\u0119g I Marcin Korowaj Anna Agnieszka Dragan-Babraj Mateusz Maciej Senko Konrad Zbigniew P\u0142odowski Konrad Piotr Kajma Honorata Wtorkowska Justyna [&hellip;]<\/p>\n","protected":false},"author":1,"featured_media":6065,"comment_status":"closed","ping_status":"closed","sticky":false,"template":"","format":"standard","meta":{"ngg_post_thumbnail":0,"footnotes":""},"categories":[25],"tags":[],"class_list":["post-6064","post","type-post","status-publish","format-standard","has-post-thumbnail","hentry","category-samorzad"],"_links":{"self":[{"href":"https:\/\/razemdlabialoleki.waw.pl\/index.php?rest_route=\/wp\/v2\/posts\/6064","targetHints":{"allow":["GET"]}}],"collection":[{"href":"https:\/\/razemdlabialoleki.waw.pl\/index.php?rest_route=\/wp\/v2\/posts"}],"about":[{"href":"https:\/\/razemdlabialoleki.waw.pl\/index.php?rest_route=\/wp\/v2\/types\/post"}],"author":[{"embeddable":true,"href":"https:\/\/razemdlabialoleki.waw.pl\/index.php?rest_route=\/wp\/v2\/users\/1"}],"replies":[{"embeddable":true,"href":"https:\/\/razemdlabialoleki.waw.pl\/index.php?rest_route=%2Fwp%2Fv2%2Fcomments&post=6064"}],"version-history":[{"count":6,"href":"https:\/\/razemdlabialoleki.waw.pl\/index.php?rest_route=\/wp\/v2\/posts\/6064\/revisions"}],"predecessor-version":[{"id":6072,"href":"https:\/\/razemdlabialoleki.waw.pl\/index.php?rest_route=\/wp\/v2\/posts\/6064\/revisions\/6072"}],"wp:featuredmedia":[{"embeddable":true,"href":"https:\/\/razemdlabialoleki.waw.pl\/index.php?rest_route=\/wp\/v2\/media\/6065"}],"wp:attachment":[{"href":"https:\/\/razemdlabialoleki.waw.pl\/index.php?rest_route=%2Fwp%2Fv2%2Fmedia&parent=6064"}],"wp:term":[{"taxonomy":"category","embeddable":true,"href":"https:\/\/razemdlabialoleki.waw.pl\/index.php?rest_route=%2Fwp%2Fv2%2Fcategories&post=6064"},{"taxonomy":"post_tag","embeddable":true,"href":"https:\/\/razemdlabialoleki.waw.pl\/index.php?rest_route=%2Fwp%2Fv2%2Ftags&post=6064"}],"curies":[{"name":"wp","href":"https:\/\/api.w.org\/{rel}","templated":true}]}}