{"id":470,"date":"2016-07-18T21:03:13","date_gmt":"2016-07-18T21:03:13","guid":{"rendered":"http:\/\/razemdlabialoleki.waw.pl\/?p=470"},"modified":"2024-01-14T15:25:45","modified_gmt":"2024-01-14T14:25:45","slug":"stacja-pkp-zeran","status":"publish","type":"post","link":"https:\/\/razemdlabialoleki.waw.pl\/?p=470","title":{"rendered":"Stacja PKP \u017bera\u0144"},"content":{"rendered":"<p style=\"text-align: justify;\">Gdy ZTM i PKP organizowali stacj\u0119 kolejow\u0105 PKP \u017bera\u0144, chyba nie przysz\u0142o im do g\u0142owy, \u017ce z poci\u0105g\u00f3w chcia\u0142yby skorzysta\u0107 na przyk\u0142ad kobiety z w\u00f3zkami albo osoby niepe\u0142nosprawne. Obecnie jest to praktycznie niemo\u017cliwe, poniewa\u017c przeszkod\u0119 stanowi\u0105 wysokie schody, kt\u00f3rych matki z w\u00f3zkami oraz osoby z niepe\u0142nosprawno\u015bci\u0105 nie s\u0105 w stanie same pokona\u0107.<\/p>\n<p style=\"text-align: justify;\">Gdy mieszka\u0144cy Bia\u0142o\u0142\u0119ki postanowili wzi\u0105\u0107 spraw\u0119 w swoje r\u0119ce i zapytali ZTM, w jaki spos\u00f3b kobieta z w\u00f3zkiem ma si\u0119 dosta\u0107 na stacj\u0119 PKP \u017bera\u0144, od urz\u0119dnik\u00f3w uzyskali nast\u0119puj\u0105c\u0105 odpowied\u017a: \u201eUprzejmie informuj\u0119, \u017ce niestety infrastruktura stacji kolejowej PKP \u017bera\u0144 nie jest przystosowana do w\u0142a\u015bciwej obs\u0142ugi os\u00f3b niepe\u0142nosprawnych oraz os\u00f3b z w\u00f3zkami dzieci\u0119cymi. W celu wniesienia w\u00f3zka na peron proponujemy poprosi\u0107 o udzielenie pomocy innych pasa\u017cer\u00f3w\u201d.<\/p>\n<p style=\"text-align: justify;\">A co je\u015bli w pobli\u017cu nie ma innych pasa\u017cer\u00f3w?<\/p>\n<p style=\"text-align: justify;\">Bia\u0142o\u0142\u0119ckie mamy apeluj\u0105 do w\u0142adz dzielnicy Bia\u0142o\u0142\u0119ka, aby pomog\u0142y przystosowa\u0107 doj\u015bcie do stacji kolejowej dla matek z w\u00f3zkami. Do tej pory uda\u0142o si\u0119 zebra\u0107 pod petycj\u0105 p\u00f3\u0142 tysi\u0105ca podpis\u00f3w.<\/p>\n<p><strong>Marcin Korowaj<\/strong><br \/>\n<strong> Radny Dzielnicy Bia\u0142o\u0142\u0119ka<\/strong><br \/>\n<strong> Stowarzyszenie Razem dla Bia\u0142o\u0142\u0119ki<br \/>\n<\/strong>marcin@korowaj.net<\/p>\n","protected":false},"excerpt":{"rendered":"<p>Gdy ZTM i PKP organizowali stacj\u0119 kolejow\u0105 PKP \u017bera\u0144, chyba nie przysz\u0142o im do g\u0142owy, \u017ce z poci\u0105g\u00f3w chcia\u0142yby skorzysta\u0107 na przyk\u0142ad kobiety z w\u00f3zkami albo osoby niepe\u0142nosprawne. Obecnie jest to praktycznie niemo\u017cliwe, poniewa\u017c przeszkod\u0119 stanowi\u0105 wysokie schody, kt\u00f3rych matki z w\u00f3zkami oraz osoby z niepe\u0142nosprawno\u015bci\u0105 nie s\u0105 w stanie same pokona\u0107. Gdy mieszka\u0144cy Bia\u0142o\u0142\u0119ki [&hellip;]<\/p>\n","protected":false},"author":2,"featured_media":0,"comment_status":"closed","ping_status":"closed","sticky":false,"template":"","format":"standard","meta":{"ngg_post_thumbnail":0,"footnotes":""},"categories":[30],"tags":[],"class_list":["post-470","post","type-post","status-publish","format-standard","hentry","category-komunikacja"],"_links":{"self":[{"href":"https:\/\/razemdlabialoleki.waw.pl\/index.php?rest_route=\/wp\/v2\/posts\/470","targetHints":{"allow":["GET"]}}],"collection":[{"href":"https:\/\/razemdlabialoleki.waw.pl\/index.php?rest_route=\/wp\/v2\/posts"}],"about":[{"href":"https:\/\/razemdlabialoleki.waw.pl\/index.php?rest_route=\/wp\/v2\/types\/post"}],"author":[{"embeddable":true,"href":"https:\/\/razemdlabialoleki.waw.pl\/index.php?rest_route=\/wp\/v2\/users\/2"}],"replies":[{"embeddable":true,"href":"https:\/\/razemdlabialoleki.waw.pl\/index.php?rest_route=%2Fwp%2Fv2%2Fcomments&post=470"}],"version-history":[{"count":3,"href":"https:\/\/razemdlabialoleki.waw.pl\/index.php?rest_route=\/wp\/v2\/posts\/470\/revisions"}],"predecessor-version":[{"id":582,"href":"https:\/\/razemdlabialoleki.waw.pl\/index.php?rest_route=\/wp\/v2\/posts\/470\/revisions\/582"}],"wp:attachment":[{"href":"https:\/\/razemdlabialoleki.waw.pl\/index.php?rest_route=%2Fwp%2Fv2%2Fmedia&parent=470"}],"wp:term":[{"taxonomy":"category","embeddable":true,"href":"https:\/\/razemdlabialoleki.waw.pl\/index.php?rest_route=%2Fwp%2Fv2%2Fcategories&post=470"},{"taxonomy":"post_tag","embeddable":true,"href":"https:\/\/razemdlabialoleki.waw.pl\/index.php?rest_route=%2Fwp%2Fv2%2Ftags&post=470"}],"curies":[{"name":"wp","href":"https:\/\/api.w.org\/{rel}","templated":true}]}}