{"id":4496,"date":"2018-01-16T20:36:28","date_gmt":"2018-01-16T19:36:28","guid":{"rendered":"http:\/\/razemdlabialoleki.waw.pl\/?p=4496"},"modified":"2018-01-16T20:36:28","modified_gmt":"2018-01-16T19:36:28","slug":"smog-problem-ktory-sam-sie-nie-rozwiaze","status":"publish","type":"post","link":"https:\/\/razemdlabialoleki.waw.pl\/?p=4496","title":{"rendered":"Smog &#8211; problem, kt\u00f3ry sam si\u0119 nie rozwi\u0105\u017ce"},"content":{"rendered":"<p style=\"text-align: justify;\"><strong>&nbsp;&nbsp;&nbsp;&nbsp;&nbsp;&nbsp;&nbsp;&nbsp;&nbsp; Zjawisko smogu chc\u0105c nie chc\u0105c staje si\u0119 coraz istotniejszym elementem otaczaj\u0105cej nas rzeczywisto\u015bci. Niemal\u017ce ka\u017cdego dnia docieraj\u0105 do nas informacje o fatalnym stanie powietrza, o zagro\u017ceniach jakie si\u0119 z tym wi\u0105\u017c\u0105 oraz planach co nale\u017ca\u0142oby zrobi\u0107 aby wreszcie zacz\u0105\u0107 realnie walczy\u0107 z tym zjawiskiem. Zastanawiamy si\u0119 nad negatywnym oddzia\u0142ywaniem smogu na \u015brodowisko, a wi\u0119c tak\u017ce i nasze zdrowie. Uwa\u017cam jednak, \u017ce od samego zastanawiania si\u0119 nie zmienimy obecnej sytuacji, a realne zmiany mog\u0105 przynie\u015b\u0107 jedynie zdecydowane dzia\u0142ania oraz \u0142\u0105czenie \u015brodowisk &#8211; zr\u00f3bmy razem krok do przodu.<\/strong><\/p>\n<p style=\"text-align: justify;\">&nbsp;&nbsp;&nbsp;&nbsp;&nbsp;&nbsp;&nbsp;&nbsp;&nbsp; Na co dzie\u0144 co oczywiste najbli\u017csze s\u0105 nam tematy lokalne, bia\u0142o\u0142\u0119ckie. Wszyscy zdajemy sobie jednak spraw\u0119, \u017ce tematy takie jak smog nie znaj\u0105 granic administracyjnych, a walka o czyste powietrze powinna si\u0119 odbywa\u0107 zar\u00f3wno w skali mikro jak i makro. Dlatego z ogromn\u0105 satysfakcj\u0105 przyj\u0119li\u015bmy zaproszenie wicemarsza\u0142ka Sejmu Stanis\u0142awa Tyszki, kt\u00f3ry zaprosi\u0142 nas do udzia\u0142u i wsp\u00f3\u0142pracy podczas konferencji po\u015bwi\u0119conej tematyce smogu i jego wp\u0142ywu na \u017cycie cz\u0142owieka. Wydarzenie to mia\u0142o miejsce 1 grudnia ubieg\u0142ego roku w Sali Kolumnowej w Sejmie i by\u0142o efektem wsp\u00f3\u0142pracy m.in. z Polsk\u0105 Akademi\u0105 Nauk, INSPRO \u2013 Instytutem Spraw Obywatelskich, Instytutem Jagiello\u0144skim oraz samorz\u0105dowcami i aktywistami, g\u0142\u00f3wnie z Warszawy. Cieszymy si\u0119, \u017ce nasze stowarzyszenie wsp\u00f3\u0142tworzy\u0142o to niezwykle wa\u017cne wydarzenie. Wa\u017cne zar\u00f3wno w skali makro, jak i dla nas \u2013 Bia\u0142o\u0142\u0119czan. Patronat nad konferencj\u0105 obj\u0105\u0142 wicemarsza\u0142ek Sejmu&nbsp;Stanis\u0142aw Tyszka.<\/p>\n<p style=\"text-align: justify;\">&nbsp;&nbsp;&nbsp;&nbsp;&nbsp;&nbsp;&nbsp;&nbsp;&nbsp; Prezentacja \u201eOczekiwania strony spo\u0142ecznej w zakresie walki ze smogiem\u201d, kt\u00f3r\u0105 przygotowa\u0142o nasze stowarzyszenie spotka\u0142a si\u0119 z bardzo ciep\u0142ym przyj\u0119ciem uczestnik\u00f3w konferencji. Przedstawili\u015bmy w niej nie tylko to jak postrzegamy zjawisko smogu ale r\u00f3wnie\u017c to czego oczekujemy \u2013 my jako mieszka\u0144cy oraz jako przedstawiciele tych, kt\u00f3rzy si\u0119 do nas zwracaj\u0105. Bia\u0142o\u0142\u0119ka jest bowiem bardzo dobrym przyk\u0142adem na to jak z\u0142e lub op\u00f3\u017anione decyzje mog\u0105 sprawi\u0107, \u017ce warunki \u017cycia mieszka\u0144c\u00f3w zamiast si\u0119 poprawia\u0107 mog\u0105 si\u0119 pogorszy\u0107. Zwr\u00f3cili\u015bmy zatem uwag\u0119 m.in. na konieczno\u015b\u0107 rozbudowy miejskiej sieci ciep\u0142owniczej aby ograniczy\u0107 ilo\u015b\u0107 indywidualnych \u017ar\u00f3de\u0142 emisji (piec\u00f3w), rozbudow\u0119 komunikacji miejskiej ze szczeg\u00f3lnym naciskiem na transport szynowy (metro, tramwaj, SKM), konieczno\u015b\u0107 uchwalania Miejscowych Planowania Zagospodarowania Przestrzennego uwzgl\u0119dniaj\u0105cych zr\u00f3wnowa\u017cony rozw\u00f3j miasta z poszanowaniem teren\u00f3w zielonych oraz stosowanie nasadze\u0144 zast\u0119pczych, kt\u00f3re realnie skompensuj\u0105 straty powsta\u0142e w wyniku wycinki drzew pod kolejne inwestycje. Inny istotny aspekt to programy wymiany piec\u00f3w &#8211; wiemy, \u017ce istniej\u0105 r\u00f3\u017cne dla r\u00f3\u017cnych miast. Niestety w wi\u0119kszo\u015bci przypadk\u00f3w s\u0105 to programy pilota\u017cowe, nie refunduj\u0105ce wszystkich koszt\u00f3w wymiany piec\u00f3w (np 75% zwrotu koszt\u00f3w z limitem do 7.000 z\u0142) czy te\u017c nie kompensuj\u0105cych zwi\u0119kszonych koszt\u00f3w bardziej ekologicznego paliwa. Nie zapominamy te\u017c o koniecznej prowadzonej ju\u017c od najm\u0142odszych lat edukacji proekologicznej &#8211; nie bez kozery m\u00f3wimy przecie\u017c, \u017ce czym skorupka za m\u0142odu nasi\u0105knie&#8230;<\/p>\n<p style=\"text-align: justify;\">&nbsp;&nbsp;&nbsp;&nbsp;&nbsp;&nbsp;&nbsp;&nbsp;&nbsp; Wszystko to sprawia, \u017ce potrzebne s\u0105 rozwi\u0105zania systemowe, kt\u00f3re realnie wespr\u0105 samorz\u0105dy w walce o popraw\u0119 jako\u015bci powietrza. Dlatego cieszy zainteresowanie z jakim si\u0119 spotkali\u015bmy oraz poruszana przez nas problematyka. Wyra\u017camy przekonanie, \u017ce ta konferencja b\u0119dzie jednym z k\u00f3\u0142 nap\u0119dowych zmian jakie musz\u0105 wkr\u00f3tce nast\u0105pi\u0107 w walce ze smogiem w Polsce. Czy pomo\u017ce nam w tym wszystkim obiecywane ju\u017c po konferencji w grudniu powo\u0142anie ministra ds walki ze smogiem? &#8211; trudno powiedzie\u0107. Czekamy jednak na ka\u017cdy krok w kierunku poprawy jako\u015bci powietrza, a wi\u0119c tym samym poprawy jako\u015bci \u017cycia. Na pewno t\u0105 tematyk\u0105 b\u0119dziemy zajmowa\u0107 si\u0119 dalej i jeste\u015bmy gotowi do wsp\u00f3\u0142pracy z tymi \u015brodowiskami, kt\u00f3rym przy\u015bwieca podobny cel. Bo celem jest dobro nie tylko nas, ale przede wszystkim przysz\u0142ych pokole\u0144.<\/p>\n<p style=\"text-align: justify;\"><em>Jan Mackiewicz<\/em><br \/>\n<em>Stowarzyszenie Razem dla Bia\u0142o\u0142\u0119ki<\/em><\/p>\n","protected":false},"excerpt":{"rendered":"<p>&nbsp;&nbsp;&nbsp;&nbsp;&nbsp;&nbsp;&nbsp;&nbsp;&nbsp; Zjawisko smogu chc\u0105c nie chc\u0105c staje si\u0119 coraz istotniejszym elementem otaczaj\u0105cej nas rzeczywisto\u015bci. Niemal\u017ce ka\u017cdego dnia docieraj\u0105 do nas informacje o fatalnym stanie powietrza, o zagro\u017ceniach jakie si\u0119 z tym wi\u0105\u017c\u0105 oraz planach co nale\u017ca\u0142oby zrobi\u0107 aby wreszcie zacz\u0105\u0107 realnie walczy\u0107 z tym zjawiskiem. Zastanawiamy si\u0119 nad negatywnym oddzia\u0142ywaniem smogu na \u015brodowisko, a wi\u0119c [&hellip;]<\/p>\n","protected":false},"author":2,"featured_media":4497,"comment_status":"closed","ping_status":"closed","sticky":false,"template":"","format":"standard","meta":{"ngg_post_thumbnail":0,"footnotes":""},"categories":[10,6],"tags":[],"class_list":["post-4496","post","type-post","status-publish","format-standard","has-post-thumbnail","hentry","category-akcja-spoleczna","category-konferencja"],"_links":{"self":[{"href":"https:\/\/razemdlabialoleki.waw.pl\/index.php?rest_route=\/wp\/v2\/posts\/4496","targetHints":{"allow":["GET"]}}],"collection":[{"href":"https:\/\/razemdlabialoleki.waw.pl\/index.php?rest_route=\/wp\/v2\/posts"}],"about":[{"href":"https:\/\/razemdlabialoleki.waw.pl\/index.php?rest_route=\/wp\/v2\/types\/post"}],"author":[{"embeddable":true,"href":"https:\/\/razemdlabialoleki.waw.pl\/index.php?rest_route=\/wp\/v2\/users\/2"}],"replies":[{"embeddable":true,"href":"https:\/\/razemdlabialoleki.waw.pl\/index.php?rest_route=%2Fwp%2Fv2%2Fcomments&post=4496"}],"version-history":[{"count":3,"href":"https:\/\/razemdlabialoleki.waw.pl\/index.php?rest_route=\/wp\/v2\/posts\/4496\/revisions"}],"predecessor-version":[{"id":4500,"href":"https:\/\/razemdlabialoleki.waw.pl\/index.php?rest_route=\/wp\/v2\/posts\/4496\/revisions\/4500"}],"wp:featuredmedia":[{"embeddable":true,"href":"https:\/\/razemdlabialoleki.waw.pl\/index.php?rest_route=\/wp\/v2\/media\/4497"}],"wp:attachment":[{"href":"https:\/\/razemdlabialoleki.waw.pl\/index.php?rest_route=%2Fwp%2Fv2%2Fmedia&parent=4496"}],"wp:term":[{"taxonomy":"category","embeddable":true,"href":"https:\/\/razemdlabialoleki.waw.pl\/index.php?rest_route=%2Fwp%2Fv2%2Fcategories&post=4496"},{"taxonomy":"post_tag","embeddable":true,"href":"https:\/\/razemdlabialoleki.waw.pl\/index.php?rest_route=%2Fwp%2Fv2%2Ftags&post=4496"}],"curies":[{"name":"wp","href":"https:\/\/api.w.org\/{rel}","templated":true}]}}