{"id":357,"date":"2016-07-06T22:58:04","date_gmt":"2016-07-06T22:58:04","guid":{"rendered":"http:\/\/razemdlabialoleki.waw.pl\/?p=357"},"modified":"2024-01-14T15:26:55","modified_gmt":"2024-01-14T14:26:55","slug":"utworzenie-parku-ogrody-mehoffera","status":"publish","type":"post","link":"https:\/\/razemdlabialoleki.waw.pl\/?p=357","title":{"rendered":"Utworzenie parku &#8220;Ogrody Mehoffera&#8221;"},"content":{"rendered":"<p>Tytaniczna wr\u0119cz praca i ogromne zaanga\u017cowanie w jak\u017ce s\u0142usznej sprawie. To dzi\u0119ki takim osobom jak Micha\u0142 Salamon i Renata Joanna Lewicka wci\u0105\u017c nie tracimy nadziei, \u017ce jest szansa na uratowanie tego co nas otacza. Musimy zadba\u0107 o \u015brodowisko naturalne teraz, dop\u00f3ki jeszcze nie jest za p\u00f3\u017ano.<!--more--><\/p>\n<p>Korzystaj\u0105c z okazji sk\u0142adamy gor\u0105ce podzi\u0119kowania wszystkim tym, kt\u00f3rzy wsparli dzia\u0142ania inicjator\u00f3w akcji zbi\u00f3rki podpis\u00f3w pod petycja w sprawie zachowania zieleni przy ul. Mehoffera oraz zag\u0142osowali na zg\u0142oszony projekt do tegorocznej edycji Bud\u017cetu Partycypacyjnego.<\/p>\n<p>Tematem zainteresowa\u0142y si\u0119 r\u00f3wnie\u017c media za co dzi\u0119kujemy.<br \/>\n<a href=\"http:\/\/www.fakt.pl\/wydarzenia\/polska\/warszawa\/inwestycje-z-budzetu-partycypacyjnego\/66ljdhx\" target=\"_blank\" rel=\"noopener\">http:\/\/www.fakt.pl\/wydarzenia\/polska\/warszawa\/inwestycje-z-budzetu-partycypacyjnego\/66ljdhx<\/a><\/p>\n","protected":false},"excerpt":{"rendered":"<p>Tytaniczna wr\u0119cz praca i ogromne zaanga\u017cowanie w jak\u017ce s\u0142usznej sprawie. To dzi\u0119ki takim osobom jak Micha\u0142 Salamon i Renata Joanna Lewicka wci\u0105\u017c nie tracimy nadziei, \u017ce jest szansa na uratowanie tego co nas otacza. Musimy zadba\u0107 o \u015brodowisko naturalne teraz, dop\u00f3ki jeszcze nie jest za p\u00f3\u017ano.<\/p>\n","protected":false},"author":2,"featured_media":360,"comment_status":"closed","ping_status":"closed","sticky":false,"template":"","format":"standard","meta":{"ngg_post_thumbnail":0,"footnotes":""},"categories":[28],"tags":[],"class_list":["post-357","post","type-post","status-publish","format-standard","has-post-thumbnail","hentry","category-ochrona-srodowiska"],"_links":{"self":[{"href":"https:\/\/razemdlabialoleki.waw.pl\/index.php?rest_route=\/wp\/v2\/posts\/357","targetHints":{"allow":["GET"]}}],"collection":[{"href":"https:\/\/razemdlabialoleki.waw.pl\/index.php?rest_route=\/wp\/v2\/posts"}],"about":[{"href":"https:\/\/razemdlabialoleki.waw.pl\/index.php?rest_route=\/wp\/v2\/types\/post"}],"author":[{"embeddable":true,"href":"https:\/\/razemdlabialoleki.waw.pl\/index.php?rest_route=\/wp\/v2\/users\/2"}],"replies":[{"embeddable":true,"href":"https:\/\/razemdlabialoleki.waw.pl\/index.php?rest_route=%2Fwp%2Fv2%2Fcomments&post=357"}],"version-history":[{"count":5,"href":"https:\/\/razemdlabialoleki.waw.pl\/index.php?rest_route=\/wp\/v2\/posts\/357\/revisions"}],"predecessor-version":[{"id":20608,"href":"https:\/\/razemdlabialoleki.waw.pl\/index.php?rest_route=\/wp\/v2\/posts\/357\/revisions\/20608"}],"wp:featuredmedia":[{"embeddable":true,"href":"https:\/\/razemdlabialoleki.waw.pl\/index.php?rest_route=\/wp\/v2\/media\/360"}],"wp:attachment":[{"href":"https:\/\/razemdlabialoleki.waw.pl\/index.php?rest_route=%2Fwp%2Fv2%2Fmedia&parent=357"}],"wp:term":[{"taxonomy":"category","embeddable":true,"href":"https:\/\/razemdlabialoleki.waw.pl\/index.php?rest_route=%2Fwp%2Fv2%2Fcategories&post=357"},{"taxonomy":"post_tag","embeddable":true,"href":"https:\/\/razemdlabialoleki.waw.pl\/index.php?rest_route=%2Fwp%2Fv2%2Ftags&post=357"}],"curies":[{"name":"wp","href":"https:\/\/api.w.org\/{rel}","templated":true}]}}