{"id":3216,"date":"2017-11-22T09:36:17","date_gmt":"2017-11-22T09:36:17","guid":{"rendered":"http:\/\/razemdlabialoleki.waw.pl\/?p=3216"},"modified":"2017-11-23T12:42:50","modified_gmt":"2017-11-23T12:42:50","slug":"wigilijna-pomoc-sasiedzka-3","status":"publish","type":"post","link":"https:\/\/razemdlabialoleki.waw.pl\/?p=3216","title":{"rendered":"Wigilijna Pomoc S\u0105siedzka"},"content":{"rendered":"<p style=\"text-align: justify;\">Od 24 listopada do 3 grudnia na terenie dw\u00f3ch dzielnic \u2013 Bia\u0142o\u0142\u0119ki i Woli po raz kolejny rusza projekt charytatywny <strong>Wigilijna Pomoc S\u0105siedzka<\/strong>. Zbieramy na rzecz dzieci z 3 bia\u0142o\u0142\u0119ckich dom\u00f3w dziecka oraz rodzin znajduj\u0105cych si\u0119 w trudnej sytuacji materialnej. Na terenie Bia\u0142o\u0142\u0119ki b\u0119d\u0105 mogli Pa\u0144stwo nas spotka\u0107 w nast\u0119puj\u0105cych sklepach:<\/p>\n<p><strong>Auchan<\/strong> Modli\u0144ska<br \/>\n<strong>Biedronka<\/strong> Ordon\u00f3wny<br \/>\n<strong>Biedronka<\/strong> \u015awiatowida<br \/>\n<strong>Biedronka<\/strong> Czarodzieja<br \/>\n<strong>DH Tarchomin<\/strong> Nagodzic\u00f3w<br \/>\n<strong>DH Tarchomin<\/strong> Antalla<br \/>\n<strong>DH Tarchomin<\/strong> Erazma z Zakroczymia<br \/>\n<strong>DH Tarchomin<\/strong> Aluzyjna<br \/>\n<strong>Kaufland<\/strong> Mehoffera<br \/>\n<strong>Simply<\/strong> \u015awiatowida<\/p>\n<p>Zbi\u00f3rka organizowana jest przez Stowarzyszenie Razem dla Bia\u0142o\u0142\u0119ki oraz Spo\u0142eczno\u015b\u0107 Chrze\u015bcija\u0144sk\u0105 P\u00f3\u0142noc, a do wsp\u00f3lnej inicjatywy do\u0142\u0105czy\u0142a si\u0119 Fundacja Chrze\u015bcija\u0144ska Nebo.<\/p>\n<p>Do zobaczenia \ud83d\ude42<\/p>\n<p style=\"text-align: justify;\">Szczeg\u00f3\u0142y <a href=\"http:\/\/razemdlabialoleki.waw.pl\/?p=3137\" target=\"_blank\" rel=\"noopener\">akcji<\/a> i bie\u017c\u0105ce informacje <a href=\"http:\/\/www.fb.com\/WigilijnaPomocSasiedzka\">www.fb.com\/WigilijnaPomocSasiedzka<\/a>.<\/p>\n<p><img loading=\"lazy\" decoding=\"async\" class=\"aligncenter size-full wp-image-3218\" src=\"http:\/\/razemdlabialoleki.waw.pl\/wp-content\/uploads\/2017\/11\/WPS_plakat_2017-1.jpg\" alt=\"\" width=\"3509\" height=\"4962\" srcset=\"https:\/\/razemdlabialoleki.waw.pl\/wp-content\/uploads\/2017\/11\/WPS_plakat_2017-1.jpg 3509w, https:\/\/razemdlabialoleki.waw.pl\/wp-content\/uploads\/2017\/11\/WPS_plakat_2017-1-212x300.jpg 212w, https:\/\/razemdlabialoleki.waw.pl\/wp-content\/uploads\/2017\/11\/WPS_plakat_2017-1-768x1086.jpg 768w, https:\/\/razemdlabialoleki.waw.pl\/wp-content\/uploads\/2017\/11\/WPS_plakat_2017-1-724x1024.jpg 724w, https:\/\/razemdlabialoleki.waw.pl\/wp-content\/uploads\/2017\/11\/WPS_plakat_2017-1-78x110.jpg 78w, https:\/\/razemdlabialoleki.waw.pl\/wp-content\/uploads\/2017\/11\/WPS_plakat_2017-1-297x420.jpg 297w, https:\/\/razemdlabialoleki.waw.pl\/wp-content\/uploads\/2017\/11\/WPS_plakat_2017-1-304x430.jpg 304w\" sizes=\"auto, (max-width: 3509px) 100vw, 3509px\" \/><\/p>\n","protected":false},"excerpt":{"rendered":"<p>Od 24 listopada do 3 grudnia na terenie dw\u00f3ch dzielnic \u2013 Bia\u0142o\u0142\u0119ki i Woli po raz kolejny rusza projekt charytatywny Wigilijna Pomoc S\u0105siedzka. Zbieramy na rzecz dzieci z 3 bia\u0142o\u0142\u0119ckich dom\u00f3w dziecka oraz rodzin znajduj\u0105cych si\u0119 w trudnej sytuacji materialnej. Na terenie Bia\u0142o\u0142\u0119ki b\u0119d\u0105 mogli Pa\u0144stwo nas spotka\u0107 w nast\u0119puj\u0105cych sklepach: Auchan Modli\u0144ska Biedronka Ordon\u00f3wny [&hellip;]<\/p>\n","protected":false},"author":2,"featured_media":3222,"comment_status":"closed","ping_status":"closed","sticky":false,"template":"","format":"standard","meta":{"ngg_post_thumbnail":0,"footnotes":""},"categories":[10],"tags":[],"class_list":["post-3216","post","type-post","status-publish","format-standard","has-post-thumbnail","hentry","category-akcja-spoleczna"],"_links":{"self":[{"href":"https:\/\/razemdlabialoleki.waw.pl\/index.php?rest_route=\/wp\/v2\/posts\/3216","targetHints":{"allow":["GET"]}}],"collection":[{"href":"https:\/\/razemdlabialoleki.waw.pl\/index.php?rest_route=\/wp\/v2\/posts"}],"about":[{"href":"https:\/\/razemdlabialoleki.waw.pl\/index.php?rest_route=\/wp\/v2\/types\/post"}],"author":[{"embeddable":true,"href":"https:\/\/razemdlabialoleki.waw.pl\/index.php?rest_route=\/wp\/v2\/users\/2"}],"replies":[{"embeddable":true,"href":"https:\/\/razemdlabialoleki.waw.pl\/index.php?rest_route=%2Fwp%2Fv2%2Fcomments&post=3216"}],"version-history":[{"count":7,"href":"https:\/\/razemdlabialoleki.waw.pl\/index.php?rest_route=\/wp\/v2\/posts\/3216\/revisions"}],"predecessor-version":[{"id":3226,"href":"https:\/\/razemdlabialoleki.waw.pl\/index.php?rest_route=\/wp\/v2\/posts\/3216\/revisions\/3226"}],"wp:featuredmedia":[{"embeddable":true,"href":"https:\/\/razemdlabialoleki.waw.pl\/index.php?rest_route=\/wp\/v2\/media\/3222"}],"wp:attachment":[{"href":"https:\/\/razemdlabialoleki.waw.pl\/index.php?rest_route=%2Fwp%2Fv2%2Fmedia&parent=3216"}],"wp:term":[{"taxonomy":"category","embeddable":true,"href":"https:\/\/razemdlabialoleki.waw.pl\/index.php?rest_route=%2Fwp%2Fv2%2Fcategories&post=3216"},{"taxonomy":"post_tag","embeddable":true,"href":"https:\/\/razemdlabialoleki.waw.pl\/index.php?rest_route=%2Fwp%2Fv2%2Ftags&post=3216"}],"curies":[{"name":"wp","href":"https:\/\/api.w.org\/{rel}","templated":true}]}}