{"id":3158,"date":"2017-11-20T19:02:08","date_gmt":"2017-11-20T19:02:08","guid":{"rendered":"http:\/\/razemdlabialoleki.waw.pl\/?p=3158"},"modified":"2017-11-20T19:02:08","modified_gmt":"2017-11-20T19:02:08","slug":"miejsca-tylko-dla-rodzica-z-dzieckiem-potrzebne-w-kazdym-autobusie","status":"publish","type":"post","link":"https:\/\/razemdlabialoleki.waw.pl\/?p=3158","title":{"rendered":"Miejsca tylko dla rodzica z dzieckiem? &#8220;Potrzebne w ka\u017cdym autobusie&#8221;"},"content":{"rendered":"<p class=\"par\" style=\"text-align: justify;\">W po\u0142owie pa\u017adziernika radny Piotr Cieszkowski z\u0142o\u017cy\u0142 interpelacj\u0119 w sprawie lepszego oznaczenia miejsc dla rodzic\u00f3w z dzie\u0107mi w autobusach ZTM. &#8220;W imieniu mieszka\u0144c\u00f3w oraz swoim prosz\u0119 o oznakowanie w autobusach poprzez naklejenie naklejek informuj\u0105cych o miejscach siedz\u0105cych przeznaczonych dla rodzic\u00f3w z dzie\u0107mi. W zwi\u0105zku z doje\u017cd\u017caniem rodzic\u00f3w z dzie\u0107mi do przedszkoli w innych dzielnicach, prosz\u0119 o oznaczenie tymi naklejkami wszystkie autobusy linii 186, 509, 518, E7, 527, 120&#8221;.<\/p>\n<p class=\"par\" style=\"text-align: justify;\">&#8211; Dostaj\u0119 sygna\u0142y od wielu mieszka\u0144c\u00f3w, \u017ce s\u0105 zmuszeni doje\u017cd\u017ca\u0107 z dzie\u0107mi do innych dzielnic do \u017c\u0142obk\u00f3w i przedszkoli. Rodzic mo\u017ce sobie posta\u0107, ale dziecko nie za bardzo, gdy\u017c wi\u0105\u017ce si\u0119 to z pewnym ryzykiem. Przecie\u017c jak autobus hamuje, czy ostro skr\u0119ca, to taki trzy- czy czterolatek nie ma si\u0142y utrzyma\u0107 si\u0119 na nogach. I dobrze by by\u0142o wyznaczy\u0107 takie miejsca siedz\u0105ce dla najm\u0142odszych pasa\u017cer\u00f3w w autobusach.<\/p>\n<p>Wi\u0119cej w artykule:<a href=\"http:\/\/tustolica.pl\/miejsca-tylko-dla-rodzica-z-dzieckiem-potrzebne-w-kazdym-autobusie_76334\" target=\"_blank\" rel=\"noopener\"> TU Bia\u0142o\u0142\u0119ka<\/a><\/p>\n<p><em>Piotr Cieszkowski<\/em><br \/>\n<em>Klub Radnych Razem dla Bia\u0142o\u0142\u0119ki<\/p>\n<p>Foto: <a href=\"http:\/\/www.transport-publiczny.pl\/wiadomosci\/pociag-metra-z-nowymi-naklejkami-ztm-ujednolica-informacje-w-calej-komunikacji-54579.html\" rel=\"noopener\" target=\"_blank\">WU<\/a><br \/>\n<\/em><\/p>\n","protected":false},"excerpt":{"rendered":"<p>W po\u0142owie pa\u017adziernika radny Piotr Cieszkowski z\u0142o\u017cy\u0142 interpelacj\u0119 w sprawie lepszego oznaczenia miejsc dla rodzic\u00f3w z dzie\u0107mi w autobusach ZTM. &#8220;W imieniu mieszka\u0144c\u00f3w oraz swoim prosz\u0119 o oznakowanie w autobusach poprzez naklejenie naklejek informuj\u0105cych o miejscach siedz\u0105cych przeznaczonych dla rodzic\u00f3w z dzie\u0107mi. W zwi\u0105zku z doje\u017cd\u017caniem rodzic\u00f3w z dzie\u0107mi do przedszkoli w innych dzielnicach, prosz\u0119 [&hellip;]<\/p>\n","protected":false},"author":2,"featured_media":3159,"comment_status":"closed","ping_status":"closed","sticky":false,"template":"","format":"standard","meta":{"ngg_post_thumbnail":0,"footnotes":""},"categories":[26],"tags":[],"class_list":["post-3158","post","type-post","status-publish","format-standard","has-post-thumbnail","hentry","category-klub-radnych"],"_links":{"self":[{"href":"https:\/\/razemdlabialoleki.waw.pl\/index.php?rest_route=\/wp\/v2\/posts\/3158","targetHints":{"allow":["GET"]}}],"collection":[{"href":"https:\/\/razemdlabialoleki.waw.pl\/index.php?rest_route=\/wp\/v2\/posts"}],"about":[{"href":"https:\/\/razemdlabialoleki.waw.pl\/index.php?rest_route=\/wp\/v2\/types\/post"}],"author":[{"embeddable":true,"href":"https:\/\/razemdlabialoleki.waw.pl\/index.php?rest_route=\/wp\/v2\/users\/2"}],"replies":[{"embeddable":true,"href":"https:\/\/razemdlabialoleki.waw.pl\/index.php?rest_route=%2Fwp%2Fv2%2Fcomments&post=3158"}],"version-history":[{"count":2,"href":"https:\/\/razemdlabialoleki.waw.pl\/index.php?rest_route=\/wp\/v2\/posts\/3158\/revisions"}],"predecessor-version":[{"id":3161,"href":"https:\/\/razemdlabialoleki.waw.pl\/index.php?rest_route=\/wp\/v2\/posts\/3158\/revisions\/3161"}],"wp:featuredmedia":[{"embeddable":true,"href":"https:\/\/razemdlabialoleki.waw.pl\/index.php?rest_route=\/wp\/v2\/media\/3159"}],"wp:attachment":[{"href":"https:\/\/razemdlabialoleki.waw.pl\/index.php?rest_route=%2Fwp%2Fv2%2Fmedia&parent=3158"}],"wp:term":[{"taxonomy":"category","embeddable":true,"href":"https:\/\/razemdlabialoleki.waw.pl\/index.php?rest_route=%2Fwp%2Fv2%2Fcategories&post=3158"},{"taxonomy":"post_tag","embeddable":true,"href":"https:\/\/razemdlabialoleki.waw.pl\/index.php?rest_route=%2Fwp%2Fv2%2Ftags&post=3158"}],"curies":[{"name":"wp","href":"https:\/\/api.w.org\/{rel}","templated":true}]}}