{"id":3154,"date":"2017-11-17T10:06:52","date_gmt":"2017-11-17T10:06:52","guid":{"rendered":"http:\/\/razemdlabialoleki.waw.pl\/?p=3154"},"modified":"2017-11-17T13:10:11","modified_gmt":"2017-11-17T13:10:11","slug":"wiem-czym-oddycham","status":"publish","type":"post","link":"https:\/\/razemdlabialoleki.waw.pl\/?p=3154","title":{"rendered":"Wiem, czym oddycham"},"content":{"rendered":"<p style=\"text-align: justify;\"><b>Fundacja Aviva zaprasza do udzia\u0142u w antysmogowej kampanii spo\u0142eczno-edukacyjnej &#8220;Wiem, czym oddycham&#8221;, w ramach kt\u00f3rej zamontuje 150 zewn\u0119trznych czujnik\u00f3w monitoruj\u0105cych jako\u015b\u0107 powietrza w Polsce. Do 10 grudnia mo\u017cna g\u0142osowa\u0107 na lokalizacje, w kt\u00f3rych zostan\u0105 zamontowane urz\u0105dzenia.<\/b><\/p>\n<p style=\"text-align: justify;\">Inicjatywa &#8220;Wiem, czym oddycham&#8221;, kt\u00f3ra wystartowa\u0142a 14 listopada br. &#8211; w \u015awiatowym Dniu Czystego Powietrza &#8211; ma na celu zwi\u0119kszenie \u015bwiadomo\u015bci dotycz\u0105cej jako\u015bci powietrza w Polsce, problemu smogu oraz mo\u017cliwo\u015bci przeciwdzia\u0142ania jego szkodliwemu wp\u0142ywowi na nasze zdrowie i \u017cycie.<\/p>\n<p style=\"text-align: justify;\">G\u0142\u00f3wn\u0105 cz\u0119\u015bci\u0105 akcji jest konkurs skierowany do lokalnych spo\u0142eczno\u015bci. W jego ramach Fundacja Aviva nieodp\u0142atnie udost\u0119pni 150 zewn\u0119trznych czujnik\u00f3w monitoruj\u0105cych jako\u015b\u0107 powietrza w ca\u0142ej Polsce. Urz\u0105dzenia dzia\u0142aj\u0105ce w sieci Airly &#8220;na \u017cywo&#8221; przesy\u0142aj\u0105 dane dotycz\u0105ce st\u0119\u017cenia zanieczyszcze\u0144 w atmosferze, kt\u00f3re mo\u017cna \u015bledzi\u0107 na komputerze lub smartfonie.<\/p>\n<p style=\"text-align: justify;\"><b>Ka\u017cdy g\u0142os jest wa\u017cny<\/b><\/p>\n<p style=\"text-align: justify;\">Od 14 listopada do 10 grudnia na stronie <a href=\"https:\/\/wiemczymoddycham.pl\/\" target=\"_blank\" rel=\"noopener\">www.wiemczymoddycham.pl<\/a> szko\u0142y, przedszkola, gminy, \u015bwietlice, organizacje pozarz\u0105dowe, sp\u00f3\u0142dzielnie mieszkaniowe, parafie, a tak\u017ce poszczeg\u00f3lni mieszka\u0144cy mog\u0105 zg\u0142asza\u0107 miejsce, w kt\u00f3rych ma zosta\u0107 umieszczony zewn\u0119trzny czujnik.<\/p>\n<p style=\"text-align: justify;\">Jednocze\u015bnie rozpoczyna si\u0119 g\u0142osowanie internetowe, kt\u00f3re te\u017c potrwa do 10 grudnia. 100 czujnik\u00f3w zostanie zamontowanych w lokalizacjach z najwi\u0119ksz\u0105 liczb\u0105 g\u0142os\u00f3w. Dodatkowo, Fundacja Aviva wska\u017ce kolejne 50 lokalizacji z puli zg\u0142oszonych w konkursie, aby uzupe\u0142ni\u0107 luki w sieci czujnik\u00f3w na mapie Polski.<\/p>\n<p style=\"text-align: justify;\">Na stronie <a href=\"https:\/\/wiemczymoddycham.pl\/\" target=\"_blank\" rel=\"noopener\">www.wiemczymoddycham.pl<\/a>, poza formularzem konkursowym, zainteresowane osoby znajd\u0105 r\u00f3wnie\u017c materia\u0142y edukacyjne oraz poradnikowe dotycz\u0105ce zjawiska smogu i praktycznych sposob\u00f3w przeciwdzia\u0142ania jego szkodliwemu wp\u0142ywowi na zdrowie.<\/p>\n<p style=\"text-align: justify;\"><b>Wi\u0119cej informacji:<\/b><br \/>\nKarolina Kanar-Kossobudzka, Fundacja Aviva, tel. +48 606 356 742; e-mail: <a href=\"mailto:wiemczymoddycham@aviva.pl\" target=\"_blank\" rel=\"noopener\">wiemczymoddycham@aviva.pl<\/a><\/p>\n","protected":false},"excerpt":{"rendered":"<p>Fundacja Aviva zaprasza do udzia\u0142u w antysmogowej kampanii spo\u0142eczno-edukacyjnej &#8220;Wiem, czym oddycham&#8221;, w ramach kt\u00f3rej zamontuje 150 zewn\u0119trznych czujnik\u00f3w monitoruj\u0105cych jako\u015b\u0107 powietrza w Polsce. Do 10 grudnia mo\u017cna g\u0142osowa\u0107 na lokalizacje, w kt\u00f3rych zostan\u0105 zamontowane urz\u0105dzenia. Inicjatywa &#8220;Wiem, czym oddycham&#8221;, kt\u00f3ra wystartowa\u0142a 14 listopada br. &#8211; w \u015awiatowym Dniu Czystego Powietrza &#8211; ma na celu [&hellip;]<\/p>\n","protected":false},"author":2,"featured_media":3155,"comment_status":"closed","ping_status":"closed","sticky":false,"template":"","format":"standard","meta":{"ngg_post_thumbnail":0,"footnotes":""},"categories":[10],"tags":[],"class_list":["post-3154","post","type-post","status-publish","format-standard","has-post-thumbnail","hentry","category-akcja-spoleczna"],"_links":{"self":[{"href":"https:\/\/razemdlabialoleki.waw.pl\/index.php?rest_route=\/wp\/v2\/posts\/3154","targetHints":{"allow":["GET"]}}],"collection":[{"href":"https:\/\/razemdlabialoleki.waw.pl\/index.php?rest_route=\/wp\/v2\/posts"}],"about":[{"href":"https:\/\/razemdlabialoleki.waw.pl\/index.php?rest_route=\/wp\/v2\/types\/post"}],"author":[{"embeddable":true,"href":"https:\/\/razemdlabialoleki.waw.pl\/index.php?rest_route=\/wp\/v2\/users\/2"}],"replies":[{"embeddable":true,"href":"https:\/\/razemdlabialoleki.waw.pl\/index.php?rest_route=%2Fwp%2Fv2%2Fcomments&post=3154"}],"version-history":[{"count":1,"href":"https:\/\/razemdlabialoleki.waw.pl\/index.php?rest_route=\/wp\/v2\/posts\/3154\/revisions"}],"predecessor-version":[{"id":3156,"href":"https:\/\/razemdlabialoleki.waw.pl\/index.php?rest_route=\/wp\/v2\/posts\/3154\/revisions\/3156"}],"wp:featuredmedia":[{"embeddable":true,"href":"https:\/\/razemdlabialoleki.waw.pl\/index.php?rest_route=\/wp\/v2\/media\/3155"}],"wp:attachment":[{"href":"https:\/\/razemdlabialoleki.waw.pl\/index.php?rest_route=%2Fwp%2Fv2%2Fmedia&parent=3154"}],"wp:term":[{"taxonomy":"category","embeddable":true,"href":"https:\/\/razemdlabialoleki.waw.pl\/index.php?rest_route=%2Fwp%2Fv2%2Fcategories&post=3154"},{"taxonomy":"post_tag","embeddable":true,"href":"https:\/\/razemdlabialoleki.waw.pl\/index.php?rest_route=%2Fwp%2Fv2%2Ftags&post=3154"}],"curies":[{"name":"wp","href":"https:\/\/api.w.org\/{rel}","templated":true}]}}