{"id":3137,"date":"2017-11-17T13:06:44","date_gmt":"2017-11-17T13:06:44","guid":{"rendered":"http:\/\/razemdlabialoleki.waw.pl\/?p=3137"},"modified":"2017-11-17T13:10:59","modified_gmt":"2017-11-17T13:10:59","slug":"wigilijna-pomoc-sasiedzka-2","status":"publish","type":"post","link":"https:\/\/razemdlabialoleki.waw.pl\/?p=3137","title":{"rendered":"Wigilijna Pomoc S\u0105siedzka"},"content":{"rendered":"<p style=\"text-align: justify;\">Przed nam magiczny czas \u015awi\u0105t Bo\u017cego Narodzenia. To szczeg\u00f3lny czas rado\u015bci i &nbsp;spotka\u0144 z rodzin\u0105. Nie wszyscy jednak maj\u0105 takie szcz\u0119\u015bcie. Obok nas s\u0105 dzieci sp\u0119dzaj\u0105ce ten wyj\u0105tkowy czas w bia\u0142o\u0142\u0119ckich Domach Dziecka. Chcieliby\u015bmy, aby dzi\u0119ki naszej akcji cho\u0107 na chwil\u0119 zago\u015bci\u0142 u\u015bmiech na twarzach ma\u0142ych i du\u017cych, i zrobi\u0142o si\u0119 cieplej na sercu tym, kt\u00f3rzy nie b\u0119d\u0105&nbsp; w\u015br\u00f3d najbli\u017cszych.<\/p>\n<p style=\"text-align: justify;\"><strong>Od&nbsp; 24 listopada do 3 grudnia<\/strong> na terenie 2 dzielnic Bia\u0142o\u0142\u0119ka i &nbsp;Wola rusza po raz kolejny projekt charytatywny Wigilijna Pomoc S\u0105siedzka. Kwesty b\u0119d\u0105 odbywa\u0142y si\u0119 w wyznaczonych sklepach. Zbi\u00f3rka organizowana jest przez Stowarzyszenie Razem dla Bia\u0142o\u0142\u0119ki oraz Spo\u0142eczno\u015b\u0107 Chrze\u015bcija\u0144sk\u0105 P\u00f3\u0142noc, a do wsp\u00f3lnej inicjatywy do\u0142\u0105czy\u0142a si\u0119 Fundacja Chrze\u015bcija\u0144ska Nebo.<\/p>\n<p style=\"text-align: justify;\">Idea akcji uczula mieszka\u0144c\u00f3w na problemy, kt\u00f3re dotykaj\u0105 ich s\u0105siad\u00f3w. Nie zdaj\u0105 oni sobie cz\u0119sto sprawy, \u017ce po\u015br\u00f3d nich znajduj\u0105 si\u0119 osoby potrzebuj\u0105ce pomocy. We wsp\u00f3\u0142pracy z O\u015brodkiem Pomocy Spo\u0142ecznej chcemy &nbsp;&nbsp;wspom\u00f3c rodziny znajduj\u0105ce si\u0119 w trudnej sytuacji. Pomimo r\u00f3\u017cnych przeciwno\u015bci losu postarajmy si\u0119 aby cho\u0107 w okresie \u015bwi\u0105tecznym w ka\u017cdym domu zago\u015bci\u0142a rado\u015b\u0107 a wszystkie troski cho\u0107 na chwil\u0119 odesz\u0142y w zapomnienie.<\/p>\n<p style=\"text-align: justify;\">Jeste\u015bmy cz\u0119\u015bci\u0105 Bia\u0142o\u0142\u0119ki i zale\u017cy nam, by najbardziej potrzebuj\u0105cy mieszka\u0144cy naszej dzielnicy mogli poczu\u0107 w te \u015bwi\u0119ta, \u017ce kto\u015b o nich pami\u0119ta wtedy gdy tak \u0142atwo pomy\u015ble\u0107, \u017ce tak nie jest. Wychodzenie do drugiego cz\u0142owieka jest esencj\u0105 tego kim jeste\u015bmy, w co wierzymy i co praktycznie chcemy realizowa\u0107. WPS jest praktyczna, st\u0105d zach\u0119camy ka\u017cd\u0105 osob\u0119 aby mog\u0142a do\u0142\u0105czy\u0107 si\u0119 do tego dobrego dzie\u0142a &#8211; m\u00f3wi Konrad Krajewski, Pastor ze Spo\u0142eczno\u015bci Chrze\u015bcija\u0144skiej P\u00f3\u0142noc<\/p>\n<p style=\"text-align: justify;\"><strong>Jak mo\u017cna w\u0142\u0105czy\u0107 si\u0119 w akcj\u0119?<\/strong> Ka\u017cdy z mieszka\u0144c\u00f3w mo\u017ce zaanga\u017cowa\u0107 si\u0119 w t\u0119 s\u0105siedzk\u0105 pomoc. W wyznaczonych sklepach, w trakcie zaplanowanych zbi\u00f3rek, wystarczy kupi\u0107 cho\u0107by jeden produkt i w\u0142o\u017cy\u0107 go do oznakowanych koszy. Szczeg\u00f3\u0142owa lista miejsc zbi\u00f3rek b\u0119dzie dost\u0119pna na stronie: <a href=\"http:\/\/www.fb.com\/WigilijnaPomocSasiedzka\">www.fb.com\/WigilijnaPomocSasiedzka<\/a><\/p>\n<p style=\"text-align: justify;\"><strong>Jakie produkty mo\u017cemy ofiarowa\u0107?<\/strong> Artyku\u0142y spo\u017cywcze o przed\u0142u\u017conej dacie wa\u017cno\u015bci (np. konserwy, kakao, herbata, s\u0142odycze), dla dzieci i szkolne (np. myd\u0142o, oliwka, pasta, szczoteczka do z\u0119b\u00f3w, pampersy, zeszyty, kredki, farby) oraz artyku\u0142y chemiczne i \u015brodki czysto\u015bci.<\/p>\n<p style=\"text-align: justify;\"><strong>Zach\u0119camy r\u00f3wnie\u017c szko\u0142y i przedszkola do w\u0142\u0105czenia si\u0119 w t\u0119 akcj\u0119. <\/strong>Zainteresowane plac\u00f3wki prosimy o kontakt przez <a href=\"http:\/\/www.fb.com\/WigilijnaPomocSasiedzka\">www.fb.com\/WigilijnaPomocSasiedzka<\/a>.<\/p>\n<p style=\"text-align: justify;\">Wszyscy partnerzy z wielkim zaanga\u017cowaniem podejmuj\u0105 wyzwanie. Mo\u017cemy odwa\u017cnie i z wielk\u0105 rado\u015bci\u0105 powiedzie\u0107, \u017ce jak co roku liczymy na ogromne zrozumienie, empati\u0119 i hojne wsparcie ze strony mieszka\u0144c\u00f3w. Zadbajmy wszyscy, aby ten \u015bwi\u0105teczny czas by\u0142 mi\u0142y i niezapomniany przez ka\u017cdego.<\/p>\n<p style=\"text-align: justify;\">Z ramienia Stowarzyszenia Razem dla Bia\u0142o\u0142\u0119ki projekt koordynuj\u0105: Agnieszka Adamowicz i Ewa Gajewska.<\/p>\n<p>&nbsp;<\/p>\n<p><em>Agnieszka Adamowicz<br \/>\n<\/em><em>Stowarzyszenie Razem dla Bia\u0142o\u0142\u0119ki<\/p>\n<p><img loading=\"lazy\" decoding=\"async\" class=\"aligncenter size-full wp-image-3151\" src=\"http:\/\/razemdlabialoleki.waw.pl\/wp-content\/uploads\/2017\/11\/WG_10478_tr.png\" alt=\"\" height=\"2550\" width=\"5137\" srcset=\"https:\/\/razemdlabialoleki.waw.pl\/wp-content\/uploads\/2017\/11\/WG_10478_tr.png 5137w, https:\/\/razemdlabialoleki.waw.pl\/wp-content\/uploads\/2017\/11\/WG_10478_tr-300x149.png 300w, https:\/\/razemdlabialoleki.waw.pl\/wp-content\/uploads\/2017\/11\/WG_10478_tr-1024x508.png 1024w, https:\/\/razemdlabialoleki.waw.pl\/wp-content\/uploads\/2017\/11\/WG_10478_tr-768x381.png 768w, https:\/\/razemdlabialoleki.waw.pl\/wp-content\/uploads\/2017\/11\/WG_10478_tr-1536x762.png 1536w, https:\/\/razemdlabialoleki.waw.pl\/wp-content\/uploads\/2017\/11\/WG_10478_tr-2048x1017.png 2048w, https:\/\/razemdlabialoleki.waw.pl\/wp-content\/uploads\/2017\/11\/WG_10478_tr-110x55.png 110w, https:\/\/razemdlabialoleki.waw.pl\/wp-content\/uploads\/2017\/11\/WG_10478_tr-420x208.png 420w, https:\/\/razemdlabialoleki.waw.pl\/wp-content\/uploads\/2017\/11\/WG_10478_tr-770x382.png 770w\" sizes=\"auto, (max-width: 5137px) 100vw, 5137px\" \/><br \/>\n<\/em><\/p>\n","protected":false},"excerpt":{"rendered":"<p>Przed nam magiczny czas \u015awi\u0105t Bo\u017cego Narodzenia. To szczeg\u00f3lny czas rado\u015bci i &nbsp;spotka\u0144 z rodzin\u0105. Nie wszyscy jednak maj\u0105 takie szcz\u0119\u015bcie. Obok nas s\u0105 dzieci sp\u0119dzaj\u0105ce ten wyj\u0105tkowy czas w bia\u0142o\u0142\u0119ckich Domach Dziecka. Chcieliby\u015bmy, aby dzi\u0119ki naszej akcji cho\u0107 na chwil\u0119 zago\u015bci\u0142 u\u015bmiech na twarzach ma\u0142ych i du\u017cych, i zrobi\u0142o si\u0119 cieplej na sercu tym, [&hellip;]<\/p>\n","protected":false},"author":2,"featured_media":3149,"comment_status":"closed","ping_status":"closed","sticky":false,"template":"","format":"standard","meta":{"ngg_post_thumbnail":0,"footnotes":""},"categories":[10],"tags":[],"class_list":["post-3137","post","type-post","status-publish","format-standard","has-post-thumbnail","hentry","category-akcja-spoleczna"],"_links":{"self":[{"href":"https:\/\/razemdlabialoleki.waw.pl\/index.php?rest_route=\/wp\/v2\/posts\/3137","targetHints":{"allow":["GET"]}}],"collection":[{"href":"https:\/\/razemdlabialoleki.waw.pl\/index.php?rest_route=\/wp\/v2\/posts"}],"about":[{"href":"https:\/\/razemdlabialoleki.waw.pl\/index.php?rest_route=\/wp\/v2\/types\/post"}],"author":[{"embeddable":true,"href":"https:\/\/razemdlabialoleki.waw.pl\/index.php?rest_route=\/wp\/v2\/users\/2"}],"replies":[{"embeddable":true,"href":"https:\/\/razemdlabialoleki.waw.pl\/index.php?rest_route=%2Fwp%2Fv2%2Fcomments&post=3137"}],"version-history":[{"count":4,"href":"https:\/\/razemdlabialoleki.waw.pl\/index.php?rest_route=\/wp\/v2\/posts\/3137\/revisions"}],"predecessor-version":[{"id":3152,"href":"https:\/\/razemdlabialoleki.waw.pl\/index.php?rest_route=\/wp\/v2\/posts\/3137\/revisions\/3152"}],"wp:featuredmedia":[{"embeddable":true,"href":"https:\/\/razemdlabialoleki.waw.pl\/index.php?rest_route=\/wp\/v2\/media\/3149"}],"wp:attachment":[{"href":"https:\/\/razemdlabialoleki.waw.pl\/index.php?rest_route=%2Fwp%2Fv2%2Fmedia&parent=3137"}],"wp:term":[{"taxonomy":"category","embeddable":true,"href":"https:\/\/razemdlabialoleki.waw.pl\/index.php?rest_route=%2Fwp%2Fv2%2Fcategories&post=3137"},{"taxonomy":"post_tag","embeddable":true,"href":"https:\/\/razemdlabialoleki.waw.pl\/index.php?rest_route=%2Fwp%2Fv2%2Ftags&post=3137"}],"curies":[{"name":"wp","href":"https:\/\/api.w.org\/{rel}","templated":true}]}}