{"id":3105,"date":"2017-11-19T23:00:06","date_gmt":"2017-11-19T23:00:06","guid":{"rendered":"http:\/\/razemdlabialoleki.waw.pl\/?p=3105"},"modified":"2024-01-14T14:39:24","modified_gmt":"2024-01-14T13:39:24","slug":"odkryj-swoje-piekno-uwierz-w-siebie-8","status":"publish","type":"post","link":"https:\/\/razemdlabialoleki.waw.pl\/?p=3105","title":{"rendered":"Odkryj swoje pi\u0119kno, uwierz w siebie"},"content":{"rendered":"<div class=\"entry-content\">\n<p style=\"text-align: justify;\"><strong>Zapraszamy na warsztaty wiza\u017cu i stylizacji pt.: Odkryj swoje pi\u0119kno, uwierz w siebie, kt\u00f3re odb\u0119d\u0105 si\u0119 w dniach 2-3 grudnia 2017 r.<\/strong><\/p>\n<p style=\"text-align: justify;\"><span id=\"more-2185\"><\/span>Zaj\u0119cia b\u0119d\u0105 podzielone na trzy bloki tematyczne:<\/p>\n<p style=\"text-align: justify;\"><strong>SOBOTA 2 grudnia<br \/>\n<\/strong><\/p>\n<p style=\"text-align: justify;\">1. 10:00 \u2013 13.15 Dob\u00f3r kolor\u00f3w do typu urody \u2013 analiza kolorystyczna (3 godziny);<\/p>\n<p style=\"text-align: justify;\">2. 13:45 \u2013 17.00 Warsztaty makija\u017cu (3 godziny);<\/p>\n<p style=\"text-align: justify;\"><strong>NIEDZIELA 3 grudnia<br \/>\n<\/strong><\/p>\n<p style=\"text-align: justify;\">3. 10:00 \u2013 14:30 Analiza sylwetki, dob\u00f3r garderoby, style w ubieraniu si\u0119, kreowanie w\u0142asnego stylu (4 godziny).<\/p>\n<p style=\"text-align: justify;\"><strong>Miejsce: \u015arodowiskowe Ognisko Wychowawcze TPD, Plac \u015awiatowida 3.<br \/>\n<\/strong><\/p>\n<p>Brak wolnych miejsc.<\/p>\n<p>Dzi\u0119kujemy za tak ogromne zainteresowanie prowadzonymi przez nas warsztatami.<\/p><\/div>\n","protected":false},"excerpt":{"rendered":"<p>Zapraszamy na warsztaty wiza\u017cu i stylizacji pt.: Odkryj swoje pi\u0119kno, uwierz w siebie, kt\u00f3re odb\u0119d\u0105 si\u0119 w dniach 2-3 grudnia 2017 r. Zaj\u0119cia b\u0119d\u0105 podzielone na trzy bloki tematyczne: SOBOTA 2 grudnia 1. 10:00 \u2013 13.15 Dob\u00f3r kolor\u00f3w do typu urody \u2013 analiza kolorystyczna (3 godziny); 2. 13:45 \u2013 17.00 Warsztaty makija\u017cu (3 godziny); NIEDZIELA [&hellip;]<\/p>\n","protected":false},"author":2,"featured_media":2910,"comment_status":"closed","ping_status":"closed","sticky":false,"template":"","format":"standard","meta":{"ngg_post_thumbnail":0,"footnotes":""},"categories":[14],"tags":[],"class_list":["post-3105","post","type-post","status-publish","format-standard","has-post-thumbnail","hentry","category-kobiety-razem-dla-bialoleki"],"_links":{"self":[{"href":"https:\/\/razemdlabialoleki.waw.pl\/index.php?rest_route=\/wp\/v2\/posts\/3105","targetHints":{"allow":["GET"]}}],"collection":[{"href":"https:\/\/razemdlabialoleki.waw.pl\/index.php?rest_route=\/wp\/v2\/posts"}],"about":[{"href":"https:\/\/razemdlabialoleki.waw.pl\/index.php?rest_route=\/wp\/v2\/types\/post"}],"author":[{"embeddable":true,"href":"https:\/\/razemdlabialoleki.waw.pl\/index.php?rest_route=\/wp\/v2\/users\/2"}],"replies":[{"embeddable":true,"href":"https:\/\/razemdlabialoleki.waw.pl\/index.php?rest_route=%2Fwp%2Fv2%2Fcomments&post=3105"}],"version-history":[{"count":3,"href":"https:\/\/razemdlabialoleki.waw.pl\/index.php?rest_route=\/wp\/v2\/posts\/3105\/revisions"}],"predecessor-version":[{"id":3254,"href":"https:\/\/razemdlabialoleki.waw.pl\/index.php?rest_route=\/wp\/v2\/posts\/3105\/revisions\/3254"}],"wp:featuredmedia":[{"embeddable":true,"href":"https:\/\/razemdlabialoleki.waw.pl\/index.php?rest_route=\/wp\/v2\/media\/2910"}],"wp:attachment":[{"href":"https:\/\/razemdlabialoleki.waw.pl\/index.php?rest_route=%2Fwp%2Fv2%2Fmedia&parent=3105"}],"wp:term":[{"taxonomy":"category","embeddable":true,"href":"https:\/\/razemdlabialoleki.waw.pl\/index.php?rest_route=%2Fwp%2Fv2%2Fcategories&post=3105"},{"taxonomy":"post_tag","embeddable":true,"href":"https:\/\/razemdlabialoleki.waw.pl\/index.php?rest_route=%2Fwp%2Fv2%2Ftags&post=3105"}],"curies":[{"name":"wp","href":"https:\/\/api.w.org\/{rel}","templated":true}]}}