{"id":3073,"date":"2017-11-25T21:12:18","date_gmt":"2017-11-25T21:12:18","guid":{"rendered":"http:\/\/razemdlabialoleki.waw.pl\/?p=3073"},"modified":"2024-01-14T14:40:40","modified_gmt":"2024-01-14T13:40:40","slug":"sasiedzkie-mikolajki","status":"publish","type":"post","link":"https:\/\/razemdlabialoleki.waw.pl\/?p=3073","title":{"rendered":"S\u0105siedzkie MIKO\u0141AJKI"},"content":{"rendered":"<p style=\"text-align: justify;\">Mi\u0142o nam podzieli\u0107 si\u0119 z Pa\u0144stwem oficjalnym plakatem S\u0105siedzkich Miko\u0142ajek dla dzieci jakie wsp\u00f3\u0142organizujemy po raz kolejny z <a class=\"profileLink\" href=\"https:\/\/www.facebook.com\/ekofrajdawarszawa\/?fref=mentions\" data-hovercard=\"\/ajax\/hovercard\/page.php?id=686528318116000&amp;extragetparams=%7B%22fref%22%3A%22mentions%22%7D\" data-hovercard-prefer-more-content-show=\"1\">EkoFrajda<\/a>.<br \/>\nObowi\u0105zywa\u0107 b\u0119dzie kolejno\u015b\u0107 zg\u0142osze\u0144 a zg\u0142oszenia (ruszaj\u0105 27 listopada a ko\u0144cz\u0105 si\u0119 1 grudnia) b\u0119dzie przyjmowa\u0107 pomys\u0142odawczyni <a class=\"profileLink\" href=\"https:\/\/www.facebook.com\/AnnaAgnieszkaDB?fref=mentions\" data-hovercard=\"\/ajax\/hovercard\/user.php?id=1560474506&amp;extragetparams=%7B%22fref%22%3A%22mentions%22%7D\" data-hovercard-prefer-more-content-show=\"1\">Anna Dragan-Babraj<\/a><\/p>\n<p style=\"text-align: justify;\"><!--more--><br \/>\nNa dzieci czeka zabawa w sali zabaw EkoFrajda, nast\u0119pnie spotkanie z Miko\u0142ajem, w kt\u00f3rego rol\u0119 wcieli si\u0119 sympatyczny <a class=\"profileLink\" href=\"https:\/\/www.facebook.com\/adrian.lipski.50?fref=mentions\" data-hovercard=\"\/ajax\/hovercard\/user.php?id=100000608267892&amp;extragetparams=%7B%22fref%22%3A%22mentions%22%7D\" data-hovercard-prefer-more-content-show=\"1\">Adrian Lipski<\/a> (<a class=\"profileLink\" href=\"https:\/\/www.facebook.com\/PersonalnyAdrian\/?fref=mentions\" data-hovercard=\"\/ajax\/hovercard\/page.php?id=1462037690782711&amp;extragetparams=%7B%22fref%22%3A%22mentions%22%7D\" data-hovercard-prefer-more-content-show=\"1\">Adrian Lipski &#8211; Trener Oso<span class=\"text_exposed_show\">bisty<\/span><\/a><span class=\"text_exposed_show\">), pami\u0105tk\u0119 zdj\u0119ciow\u0105 z Miko\u0142ajem zapewnia <a class=\"profileLink\" href=\"https:\/\/www.facebook.com\/Fotografia.Mariusz.Kubiak\/?fref=mentions\" data-hovercard=\"\/ajax\/hovercard\/page.php?id=205186296223327&amp;extragetparams=%7B%22fref%22%3A%22mentions%22%7D\" data-hovercard-prefer-more-content-show=\"1\">Fotografia &#8211; Mariusz Kubiak<\/a> (<a class=\"profileLink\" href=\"https:\/\/www.facebook.com\/mariusz.kubiak.121?fref=mentions\" data-hovercard=\"\/ajax\/hovercard\/user.php?id=1789219811&amp;extragetparams=%7B%22fref%22%3A%22mentions%22%7D\" data-hovercard-prefer-more-content-show=\"1\">Mariusz Kubiak<\/a>, <a class=\"profileLink\" href=\"https:\/\/www.facebook.com\/patrycja.kubiak.37017?fref=mentions\" data-hovercard=\"\/ajax\/hovercard\/user.php?id=100004827400927&amp;extragetparams=%7B%22fref%22%3A%22mentions%22%7D\" data-hovercard-prefer-more-content-show=\"1\">Patrycja Kubiak<\/a>)<\/p>\n<p>Upominki Miko\u0142ajowe zapewniaj\u0105 wspaniali Miko\u0142ajkowi Partnerzy:<br \/>\n<a class=\"profileLink\" href=\"https:\/\/www.facebook.com\/Gravitan-Targ\u00f3wek-243070599060371\/?fref=mentions\" data-hovercard=\"\/ajax\/hovercard\/page.php?id=243070599060371&amp;extragetparams=%7B%22fref%22%3A%22mentions%22%7D\" data-hovercard-prefer-more-content-show=\"1\">Gravitan Targ\u00f3wek<\/a>, <a class=\"profileLink\" href=\"https:\/\/www.facebook.com\/drmarchewka\/?fref=mentions\" data-hovercard=\"\/ajax\/hovercard\/page.php?id=1526839667546867&amp;extragetparams=%7B%22fref%22%3A%22mentions%22%7D\" data-hovercard-prefer-more-content-show=\"1\">Doktor Marchewka<\/a>, <a class=\"profileLink\" href=\"https:\/\/www.facebook.com\/NEURON.BIOFEEDACK\/?fref=mentions\" data-hovercard=\"\/ajax\/hovercard\/page.php?id=160247084093625&amp;extragetparams=%7B%22fref%22%3A%22mentions%22%7D\" data-hovercard-prefer-more-content-show=\"1\">Neuron-Biofeedback Terapia i Rozw\u00f3j Dzieci<\/a>, <a class=\"profileLink\" href=\"https:\/\/www.facebook.com\/amico.market.eu\/?fref=mentions\" data-hovercard=\"\/ajax\/hovercard\/page.php?id=127119984012935&amp;extragetparams=%7B%22fref%22%3A%22mentions%22%7D\" data-hovercard-prefer-more-content-show=\"1\">AMICO &#8211; zakupy z u\u015bmiechem<\/a>, <a class=\"profileLink\" href=\"https:\/\/www.facebook.com\/Avon\/?fref=mentions\" data-hovercard=\"\/ajax\/hovercard\/page.php?id=47274846623&amp;extragetparams=%7B%22fref%22%3A%22mentions%22%7D\" data-hovercard-prefer-more-content-show=\"1\">Avon<\/a>, <a class=\"profileLink\" href=\"https:\/\/www.facebook.com\/CentrumMedyczneBialoleka\/?fref=mentions\" data-hovercard=\"\/ajax\/hovercard\/page.php?id=1474987009182084&amp;extragetparams=%7B%22fref%22%3A%22mentions%22%7D\" data-hovercard-prefer-more-content-show=\"1\">Centrum Medyczne Bia\u0142o\u0142\u0119ka<\/a>, <a class=\"profileLink\" href=\"https:\/\/www.facebook.com\/drukujujanka\/?fref=mentions\" data-hovercard=\"\/ajax\/hovercard\/page.php?id=1636729646628035&amp;extragetparams=%7B%22fref%22%3A%22mentions%22%7D\" data-hovercard-prefer-more-content-show=\"1\">drukujujanka.pl<\/a> (plakaty), <a class=\"profileLink\" href=\"https:\/\/www.facebook.com\/mathridersbialoleka\/?fref=mentions\" data-hovercard=\"\/ajax\/hovercard\/page.php?id=299615090202773&amp;extragetparams=%7B%22fref%22%3A%22mentions%22%7D\" data-hovercard-prefer-more-content-show=\"1\">Matematyka MathRiders Bia\u0142o\u0142\u0119ka<\/a>, <a class=\"profileLink\" href=\"https:\/\/www.facebook.com\/ReporterYoungClothing\/?fref=mentions\" data-hovercard=\"\/ajax\/hovercard\/page.php?id=129361137136452&amp;extragetparams=%7B%22fref%22%3A%22mentions%22%7D\" data-hovercard-prefer-more-content-show=\"1\">Reporter Young<\/a>, <a class=\"profileLink\" href=\"https:\/\/www.facebook.com\/iandiSpa\/?fref=mentions\" data-hovercard=\"\/ajax\/hovercard\/page.php?id=260020347768775&amp;extragetparams=%7B%22fref%22%3A%22mentions%22%7D\" data-hovercard-prefer-more-content-show=\"1\">I &amp; I SPA<\/a>, <a class=\"profileLink\" href=\"https:\/\/www.facebook.com\/magiczneprzedszkole\/?fref=mentions\" data-hovercard=\"\/ajax\/hovercard\/page.php?id=1605207699735356&amp;extragetparams=%7B%22fref%22%3A%22mentions%22%7D\" data-hovercard-prefer-more-content-show=\"1\">Magiczny \u015awiat Dziecka Przedszkole<\/a>, <a class=\"profileLink\" href=\"https:\/\/www.facebook.com\/Printing-House-Drukarnia-Studio-Graficzne-199350916748618\/?fref=mentions\" data-hovercard=\"\/ajax\/hovercard\/page.php?id=199350916748618&amp;extragetparams=%7B%22fref%22%3A%22mentions%22%7D\" data-hovercard-prefer-more-content-show=\"1\">Printing House (Drukarnia-Studio Graficzne)<\/a>.<\/p>\n<p>Dzi\u0119ki <a class=\"profileLink\" href=\"https:\/\/www.facebook.com\/tenedsgn\/?fref=mentions\" data-hovercard=\"\/ajax\/hovercard\/page.php?id=486760358066992&amp;extragetparams=%7B%22fref%22%3A%22mentions%22%7D\" data-hovercard-prefer-more-content-show=\"1\">tene design<\/a> powsta\u0142 plakat i ulotka jaka trafi na dniach do Pa\u0144stwa do skrzynek pocztowych. Ulotki powsta\u0142y dzi\u0119ki <a class=\"profileLink\" href=\"https:\/\/www.facebook.com\/CopyZonePL\/?fref=mentions\" data-hovercard=\"\/ajax\/hovercard\/page.php?id=171752259522863&amp;extragetparams=%7B%22fref%22%3A%22mentions%22%7D\" data-hovercard-prefer-more-content-show=\"1\">CopyZone.pl<\/a><\/p>\n<p>Przepi\u0119kny wystr\u00f3j sali Miko\u0142ajowej, balony i girlandy \u015bwi\u0105teczne zapewni <a class=\"profileLink\" href=\"https:\/\/www.facebook.com\/imprezowaWarszawa\/?fref=mentions\" data-hovercard=\"\/ajax\/hovercard\/page.php?id=201270520279188&amp;extragetparams=%7B%22fref%22%3A%22mentions%22%7D\" data-hovercard-prefer-more-content-show=\"1\">GoDan Strefa U\u015bmiechu Warszawa-Bia\u0142o\u0142\u0119ka<\/a><br \/>\nPatronat medialny nad akcj\u0105 spo\u0142ecznych miko\u0142ajek obj\u0105\u0142 portal\/gazeta <a class=\"profileLink\" href=\"https:\/\/www.facebook.com\/TuBialoleka\/?fref=mentions\" data-hovercard=\"\/ajax\/hovercard\/page.php?id=1468585136688702&amp;extragetparams=%7B%22fref%22%3A%22mentions%22%7D\" data-hovercard-prefer-more-content-show=\"1\">Tu Bia\u0142o\u0142\u0119ka<\/a>.<br \/>\nWsparcie medialne zapewnia dodatkowo s\u0105siedzka grupa <a class=\"profileLink\" href=\"https:\/\/www.facebook.com\/BialolekaiTarchomin\/?fref=mentions\" data-hovercard=\"\/ajax\/hovercard\/page.php?id=754894801323282&amp;extragetparams=%7B%22fref%22%3A%22mentions%22%7D\" data-hovercard-prefer-more-content-show=\"1\">Bia\u0142o\u0142\u0119ka &#8211; Platforma S\u0105siedzka<\/a>.<\/span><\/p>\n<p>&nbsp;<\/p>\n<p><strong><span style=\"color: #ff0000;\">UWAGA<\/span><\/strong><br \/>\n<strong> <span style=\"color: #ff0000;\"> Wcze\u015bniejszych zg\u0142osze\u0144 nie bierzemy pod uwag\u0119, czekamy na zg\u0142oszenia od 27 listopada.<\/span><\/strong><\/p>\n<p><img loading=\"lazy\" decoding=\"async\" class=\"aligncenter size-full wp-image-3086\" src=\"http:\/\/razemdlabialoleki.waw.pl\/wp-content\/uploads\/2017\/11\/mikolajki_wysokajaskoc.png\" alt=\"\" height=\"5031\" width=\"3579\" srcset=\"https:\/\/razemdlabialoleki.waw.pl\/wp-content\/uploads\/2017\/11\/mikolajki_wysokajaskoc.png 3579w, https:\/\/razemdlabialoleki.waw.pl\/wp-content\/uploads\/2017\/11\/mikolajki_wysokajaskoc-213x300.png 213w, https:\/\/razemdlabialoleki.waw.pl\/wp-content\/uploads\/2017\/11\/mikolajki_wysokajaskoc-728x1024.png 728w, https:\/\/razemdlabialoleki.waw.pl\/wp-content\/uploads\/2017\/11\/mikolajki_wysokajaskoc-768x1080.png 768w, https:\/\/razemdlabialoleki.waw.pl\/wp-content\/uploads\/2017\/11\/mikolajki_wysokajaskoc-1093x1536.png 1093w, https:\/\/razemdlabialoleki.waw.pl\/wp-content\/uploads\/2017\/11\/mikolajki_wysokajaskoc-1457x2048.png 1457w, https:\/\/razemdlabialoleki.waw.pl\/wp-content\/uploads\/2017\/11\/mikolajki_wysokajaskoc-78x110.png 78w, https:\/\/razemdlabialoleki.waw.pl\/wp-content\/uploads\/2017\/11\/mikolajki_wysokajaskoc-299x420.png 299w, https:\/\/razemdlabialoleki.waw.pl\/wp-content\/uploads\/2017\/11\/mikolajki_wysokajaskoc-306x430.png 306w\" sizes=\"auto, (max-width: 3579px) 100vw, 3579px\" \/><\/p>\n","protected":false},"excerpt":{"rendered":"<p>Mi\u0142o nam podzieli\u0107 si\u0119 z Pa\u0144stwem oficjalnym plakatem S\u0105siedzkich Miko\u0142ajek dla dzieci jakie wsp\u00f3\u0142organizujemy po raz kolejny z EkoFrajda. Obowi\u0105zywa\u0107 b\u0119dzie kolejno\u015b\u0107 zg\u0142osze\u0144 a zg\u0142oszenia (ruszaj\u0105 27 listopada a ko\u0144cz\u0105 si\u0119 1 grudnia) b\u0119dzie przyjmowa\u0107 pomys\u0142odawczyni Anna Dragan-Babraj<\/p>\n","protected":false},"author":2,"featured_media":3086,"comment_status":"closed","ping_status":"closed","sticky":false,"template":"","format":"standard","meta":{"ngg_post_thumbnail":0,"footnotes":""},"categories":[10],"tags":[],"class_list":["post-3073","post","type-post","status-publish","format-standard","has-post-thumbnail","hentry","category-akcja-spoleczna"],"_links":{"self":[{"href":"https:\/\/razemdlabialoleki.waw.pl\/index.php?rest_route=\/wp\/v2\/posts\/3073","targetHints":{"allow":["GET"]}}],"collection":[{"href":"https:\/\/razemdlabialoleki.waw.pl\/index.php?rest_route=\/wp\/v2\/posts"}],"about":[{"href":"https:\/\/razemdlabialoleki.waw.pl\/index.php?rest_route=\/wp\/v2\/types\/post"}],"author":[{"embeddable":true,"href":"https:\/\/razemdlabialoleki.waw.pl\/index.php?rest_route=\/wp\/v2\/users\/2"}],"replies":[{"embeddable":true,"href":"https:\/\/razemdlabialoleki.waw.pl\/index.php?rest_route=%2Fwp%2Fv2%2Fcomments&post=3073"}],"version-history":[{"count":6,"href":"https:\/\/razemdlabialoleki.waw.pl\/index.php?rest_route=\/wp\/v2\/posts\/3073\/revisions"}],"predecessor-version":[{"id":3087,"href":"https:\/\/razemdlabialoleki.waw.pl\/index.php?rest_route=\/wp\/v2\/posts\/3073\/revisions\/3087"}],"wp:featuredmedia":[{"embeddable":true,"href":"https:\/\/razemdlabialoleki.waw.pl\/index.php?rest_route=\/wp\/v2\/media\/3086"}],"wp:attachment":[{"href":"https:\/\/razemdlabialoleki.waw.pl\/index.php?rest_route=%2Fwp%2Fv2%2Fmedia&parent=3073"}],"wp:term":[{"taxonomy":"category","embeddable":true,"href":"https:\/\/razemdlabialoleki.waw.pl\/index.php?rest_route=%2Fwp%2Fv2%2Fcategories&post=3073"},{"taxonomy":"post_tag","embeddable":true,"href":"https:\/\/razemdlabialoleki.waw.pl\/index.php?rest_route=%2Fwp%2Fv2%2Ftags&post=3073"}],"curies":[{"name":"wp","href":"https:\/\/api.w.org\/{rel}","templated":true}]}}