{"id":2909,"date":"2017-10-30T07:50:38","date_gmt":"2017-10-30T07:50:38","guid":{"rendered":"http:\/\/razemdlabialoleki.waw.pl\/?p=2909"},"modified":"2024-01-14T14:41:35","modified_gmt":"2024-01-14T13:41:35","slug":"odkryj-swoje-piekno-uwierz-w-siebie-7","status":"publish","type":"post","link":"https:\/\/razemdlabialoleki.waw.pl\/?p=2909","title":{"rendered":"Odkryj swoje pi\u0119kno, uwierz w siebie"},"content":{"rendered":"<p style=\"text-align: justify;\">Szanowne Panie;<\/p>\n<p style=\"text-align: justify;\">W ramach zadania &#8220;Animacja \u017cycia kulturalnego oraz upowszechnianie kultury w r\u00f3\u017cnych dziedzinach i formach artystycznych, a tak\u017ce popularyzacja historii i dziedzictwa kulturowego wspieraj\u0105ce rozw\u00f3j i integruj\u0105ce \u015brodowisko lokalne Dzielnicy Bia\u0142o\u0142\u0119ka finansowanego ze \u015brodk\u00f3w publicznych&#8221;&nbsp;Stowarzyszenie Razem dla Bia\u0142o\u0142\u0119ki zaprasza<br \/>\nw dniach 11-12 listopada br.&nbsp;na warsztaty wiza\u017cu i stylizacji pt. &#8220;Odkryj swoje pi\u0119kno, uwierz w siebie&#8221;.<\/p>\n<p>Zaj\u0119cia b\u0119d\u0105 podzielone na trzy bloki tematyczne:<\/p>\n<p>SOBOTA 11 listopada br.<br \/>\n1. 10:00 &#8211; 13:15 Dob\u00f3r kolor\u00f3w do typu urody &#8211; analiza kolorystyczna (3 godziny);<\/p>\n<p>2. 13:45 &#8211; 17:00 Warsztaty makija\u017cu (3 godziny);<\/p>\n<p>NIEDZIELA 12 listopada br.<br \/>\n3. 10:00 &#8211; 14:30 Analiza sylwetki, dob\u00f3r garderoby, style w ubieraniu si\u0119, kreowanie w\u0142asnego stylu (4 godziny).<\/p>\n<p style=\"text-align: justify;\">Mo\u017cna zapisa\u0107 si\u0119 na ca\u0142y warsztat lub na jedn\u0105 cz\u0119\u015b\u0107.<\/p>\n<p style=\"text-align: justify;\"><strong>Liczba dost\u0119pnych miejsc na powy\u017cszy termin zosta\u0142a wyczerpana. Dzi\u0119kujemy za wszystkie zg\u0142oszenia<\/strong>.<\/p>\n<p style=\"text-align: justify;\"><span style=\"color: #ff0000;\"><strong>Wkr\u00f3tce rozpoczniemy zapisy na warsztaty w terminie 2 -3 grudnia 2017 r. \u2013 zach\u0119camy do obserwowania naszej strony internetowej i profilu FB.<\/strong><\/span><\/p>\n","protected":false},"excerpt":{"rendered":"<p>Szanowne Panie; W ramach zadania &#8220;Animacja \u017cycia kulturalnego oraz upowszechnianie kultury w r\u00f3\u017cnych dziedzinach i formach artystycznych, a tak\u017ce popularyzacja historii i dziedzictwa kulturowego wspieraj\u0105ce rozw\u00f3j i integruj\u0105ce \u015brodowisko lokalne Dzielnicy Bia\u0142o\u0142\u0119ka finansowanego ze \u015brodk\u00f3w publicznych&#8221;&nbsp;Stowarzyszenie Razem dla Bia\u0142o\u0142\u0119ki zaprasza w dniach 11-12 listopada br.&nbsp;na warsztaty wiza\u017cu i stylizacji pt. &#8220;Odkryj swoje pi\u0119kno, uwierz w [&hellip;]<\/p>\n","protected":false},"author":1,"featured_media":2910,"comment_status":"closed","ping_status":"closed","sticky":false,"template":"","format":"standard","meta":{"ngg_post_thumbnail":0,"footnotes":""},"categories":[14],"tags":[],"class_list":["post-2909","post","type-post","status-publish","format-standard","has-post-thumbnail","hentry","category-kobiety-razem-dla-bialoleki"],"_links":{"self":[{"href":"https:\/\/razemdlabialoleki.waw.pl\/index.php?rest_route=\/wp\/v2\/posts\/2909","targetHints":{"allow":["GET"]}}],"collection":[{"href":"https:\/\/razemdlabialoleki.waw.pl\/index.php?rest_route=\/wp\/v2\/posts"}],"about":[{"href":"https:\/\/razemdlabialoleki.waw.pl\/index.php?rest_route=\/wp\/v2\/types\/post"}],"author":[{"embeddable":true,"href":"https:\/\/razemdlabialoleki.waw.pl\/index.php?rest_route=\/wp\/v2\/users\/1"}],"replies":[{"embeddable":true,"href":"https:\/\/razemdlabialoleki.waw.pl\/index.php?rest_route=%2Fwp%2Fv2%2Fcomments&post=2909"}],"version-history":[{"count":5,"href":"https:\/\/razemdlabialoleki.waw.pl\/index.php?rest_route=\/wp\/v2\/posts\/2909\/revisions"}],"predecessor-version":[{"id":3062,"href":"https:\/\/razemdlabialoleki.waw.pl\/index.php?rest_route=\/wp\/v2\/posts\/2909\/revisions\/3062"}],"wp:featuredmedia":[{"embeddable":true,"href":"https:\/\/razemdlabialoleki.waw.pl\/index.php?rest_route=\/wp\/v2\/media\/2910"}],"wp:attachment":[{"href":"https:\/\/razemdlabialoleki.waw.pl\/index.php?rest_route=%2Fwp%2Fv2%2Fmedia&parent=2909"}],"wp:term":[{"taxonomy":"category","embeddable":true,"href":"https:\/\/razemdlabialoleki.waw.pl\/index.php?rest_route=%2Fwp%2Fv2%2Fcategories&post=2909"},{"taxonomy":"post_tag","embeddable":true,"href":"https:\/\/razemdlabialoleki.waw.pl\/index.php?rest_route=%2Fwp%2Fv2%2Ftags&post=2909"}],"curies":[{"name":"wp","href":"https:\/\/api.w.org\/{rel}","templated":true}]}}