{"id":2745,"date":"2017-10-10T15:59:12","date_gmt":"2017-10-10T15:59:12","guid":{"rendered":"http:\/\/razemdlabialoleki.waw.pl\/?p=2745"},"modified":"2024-01-14T14:43:21","modified_gmt":"2024-01-14T13:43:21","slug":"zaplanujmy-tereny-nad-kanalem-zeranskim-geoankieta","status":"publish","type":"post","link":"https:\/\/razemdlabialoleki.waw.pl\/?p=2745","title":{"rendered":"Zaplanujmy tereny nad Kana\u0142em \u017bera\u0144skim &#8211; geoankieta"},"content":{"rendered":"<p>Geoankieta dotycz\u0105ca renowacji terenu pasa monta\u017cowego po budowie gazoci\u0105gu wysokiego ci\u015bnienia.<\/p>\n<p>Na stronie www.kanalzeranski.pl dost\u0119pna jest geoankieta dotycz\u0105ca renowacji terenu pasa monta\u017cowego po budowie gazoci\u0105gu wysokiego ci\u015bnienia relacji T\u0142ocznia Rembelszczyzna \u2013 Elektrociep\u0142ownia \u017bera\u0144 wzd\u0142u\u017c Kana\u0142u \u017bera\u0144skiego.<\/p>\n<p>Geoankieta jest po\u0142\u0105czeniem ankiety internetowej i interaktywnej mapy, na kt\u00f3rej mo\u017cna zaznacza\u0107 odpowiedzi na poszczeg\u00f3lne pytania. To narz\u0119dzie wykorzystywane jest w celu zbadania opinii oraz potrzeb mieszka\u0144c\u00f3w i u\u017cytkownik\u00f3w teren\u00f3w nad Kana\u0142em \u017bera\u0144skim. Ankieta jest w pe\u0142ni anonimowa, a jej wype\u0142nienie zajmie nie wi\u0119cej ni\u017c 15 minut.<\/p>\n<p><strong>Zaprezentowana geoankieta jest wynikiem przekazanych uwag i wniosk\u00f3w do wersji projektowej. Geoankieta b\u0119dzie dost\u0119pna do 24 pa\u017adziernika 2017 r. Ankiet\u0119 mo\u017cna wype\u0142ni\u0107 klikaj\u0105c w <\/strong><a href=\"https:\/\/app.maptionnaire.com\/pl\/3311\" target=\"_blank\" rel=\"noopener\"><strong>link.<\/strong><\/a><\/p>\n<p>Ka\u017cda opinia jest wa\u017cna, dlatego zach\u0119camy do wzi\u0119cia udzia\u0142u w badaniu.<\/p>\n<p><em>Foto: <a href=\"https:\/\/www.facebook.com\/KanalZeranski\/\" target=\"_blank\" rel=\"noopener\">Ocalmy tereny nad Kana\u0142em \u017bera\u0144skim<\/a><\/em><\/p>\n","protected":false},"excerpt":{"rendered":"<p>Geoankieta dotycz\u0105ca renowacji terenu pasa monta\u017cowego po budowie gazoci\u0105gu wysokiego ci\u015bnienia. Na stronie www.kanalzeranski.pl dost\u0119pna jest geoankieta dotycz\u0105ca renowacji terenu pasa monta\u017cowego po budowie gazoci\u0105gu wysokiego ci\u015bnienia relacji T\u0142ocznia Rembelszczyzna \u2013 Elektrociep\u0142ownia \u017bera\u0144 wzd\u0142u\u017c Kana\u0142u \u017bera\u0144skiego. Geoankieta jest po\u0142\u0105czeniem ankiety internetowej i interaktywnej mapy, na kt\u00f3rej mo\u017cna zaznacza\u0107 odpowiedzi na poszczeg\u00f3lne pytania. To narz\u0119dzie wykorzystywane [&hellip;]<\/p>\n","protected":false},"author":2,"featured_media":0,"comment_status":"closed","ping_status":"closed","sticky":false,"template":"","format":"standard","meta":{"ngg_post_thumbnail":0,"footnotes":""},"categories":[28],"tags":[],"class_list":["post-2745","post","type-post","status-publish","format-standard","hentry","category-ochrona-srodowiska"],"_links":{"self":[{"href":"https:\/\/razemdlabialoleki.waw.pl\/index.php?rest_route=\/wp\/v2\/posts\/2745","targetHints":{"allow":["GET"]}}],"collection":[{"href":"https:\/\/razemdlabialoleki.waw.pl\/index.php?rest_route=\/wp\/v2\/posts"}],"about":[{"href":"https:\/\/razemdlabialoleki.waw.pl\/index.php?rest_route=\/wp\/v2\/types\/post"}],"author":[{"embeddable":true,"href":"https:\/\/razemdlabialoleki.waw.pl\/index.php?rest_route=\/wp\/v2\/users\/2"}],"replies":[{"embeddable":true,"href":"https:\/\/razemdlabialoleki.waw.pl\/index.php?rest_route=%2Fwp%2Fv2%2Fcomments&post=2745"}],"version-history":[{"count":6,"href":"https:\/\/razemdlabialoleki.waw.pl\/index.php?rest_route=\/wp\/v2\/posts\/2745\/revisions"}],"predecessor-version":[{"id":2752,"href":"https:\/\/razemdlabialoleki.waw.pl\/index.php?rest_route=\/wp\/v2\/posts\/2745\/revisions\/2752"}],"wp:attachment":[{"href":"https:\/\/razemdlabialoleki.waw.pl\/index.php?rest_route=%2Fwp%2Fv2%2Fmedia&parent=2745"}],"wp:term":[{"taxonomy":"category","embeddable":true,"href":"https:\/\/razemdlabialoleki.waw.pl\/index.php?rest_route=%2Fwp%2Fv2%2Fcategories&post=2745"},{"taxonomy":"post_tag","embeddable":true,"href":"https:\/\/razemdlabialoleki.waw.pl\/index.php?rest_route=%2Fwp%2Fv2%2Ftags&post=2745"}],"curies":[{"name":"wp","href":"https:\/\/api.w.org\/{rel}","templated":true}]}}