{"id":2741,"date":"2017-10-09T19:08:00","date_gmt":"2017-10-09T19:08:00","guid":{"rendered":"http:\/\/razemdlabialoleki.waw.pl\/?p=2741"},"modified":"2024-01-14T14:43:29","modified_gmt":"2024-01-14T13:43:29","slug":"inwestycje-na-bialolece-projekt-budzetu-na-2018-r","status":"publish","type":"post","link":"https:\/\/razemdlabialoleki.waw.pl\/?p=2741","title":{"rendered":"Inwestycje na Bia\u0142o\u0142\u0119ce &#8211; projekt bud\u017cetu na 2018 r."},"content":{"rendered":"<p style=\"text-align: justify;\">Przedstawiono projekt bud\u017cetu na rok 2018 dla Dzielnicy Bia\u0142o\u0142\u0119ka. Na inwestycje maj\u0105tkowe w naszej dzielnicy m. st. Warszawa zamierza przeznaczy\u0107 niespe\u0142na 80 mln PLN. Czy uda si\u0119 pozyska\u0107 \u015brodki na dodatkowe inwestycje? Czy limit wydatk\u00f3w dla Bia\u0142o\u0142\u0119ki wzro\u015bnie? O tym przekonamy si\u0119 w grudniu na sesji bud\u017cetowej Rady m. st. Warszawy, a tymczasem przekazujemy wykaz uj\u0119tych w projekcie inwestycji:<\/p>\n<p><strong>Infrastruktura drogowa:<\/strong><\/p>\n<p style=\"text-align: justify;\"><strong>Nabycie gruntu pod budow\u0119 ul. Kroczewskiej &#8211; rozliczenie z deweloperem<\/strong><\/p>\n<p style=\"text-align: justify;\">Zakres zadania obejmuje wyp\u0142at\u0119 odszkodowa\u0144 za nieruchomo\u015bci wyw\u0142aszczone pod budow\u0119 ul. Kroczewskiej na podstawie decyzji o zezwoleniu na realizacj\u0119 inwestycji drogowej. W 2018 r. planuje si\u0119 wyp\u0142at\u0119 odszkodowa\u0144 (w przypadku je\u015bli Wojewoda Mazowiecki odm\u00f3wi komunalizacji nieruchomo\u015bci na rzecz Miasta).<\/p>\n<p style=\"text-align: justify;\"><strong>Modernizacja ul. Zdziarskiej<\/strong><\/p>\n<p style=\"text-align: justify;\">Zakres zadania obejmuje modernizacj\u0119 ulicy polegaj\u0105c\u0105 na poszerzeniu jezdni i budowie chodnik\u00f3w, \u015bcie\u017cki rowerowej, zatok autobusowych oraz rozbi\u00f3rk\u0119 obecnej przeprawy, budow\u0119 nowego obiektu mostowego w ulicy Zdziarskiej, przebudow\u0119 skrzy\u017cowania z ul. K\u0105ty Grodziskie poprzez budow\u0119 ronda, budow\u0119 odwodnienia, usuni\u0119cie kolizji oraz wyp\u0142at\u0119 odszkodowa\u0144 za nieruchomo\u015bci przej\u0119te pod budow\u0119 ulicy. W 2018 r. planuje si\u0119 realizacj\u0119 prac budowlanych, nabycie nieruchomo\u015bci oraz wyp\u0142at\u0119 odszkodowa\u0144 za nieruchomo\u015bci przej\u0119te pod budow\u0119 ulicy.<\/p>\n<p style=\"text-align: justify;\"><strong>Budowa ul. Siecznej (wiemy ju\u017c, \u017ce ten plan jest nieaktualny)<\/strong><\/p>\n<p style=\"text-align: justify;\">Zakres zadania obejmuje budow\u0119 ulicy dostosowanej do ruchu komunikacji miejskiej, o d\u0142ugo\u015bci 830 m, z chodnikiem, \u015bcie\u017ck\u0105 rowerow\u0105, o\u015bwietleniem, odwodnieniem i przebudow\u0105 przepustu drogowego oraz wykupem grunt\u00f3w. W 2018 r. planuje si\u0119 uzyskanie decyzji o zezwoleniu na realizacj\u0119 inwestycji drogowej, rozpocz\u0119cie rob\u00f3t budowlanych oraz wyp\u0142at\u0119 odszkodowa\u0144 za nieruchomo\u015bci przej\u0119te pod budow\u0119 ulicy.&nbsp;<\/p>\n<p style=\"text-align: justify;\"><strong>Budowa przed\u0142u\u017cenia ul. Hemara i ul. Projektowanej 2 KDD&nbsp;<\/strong><\/p>\n<p style=\"text-align: justify;\">Zakres zadania obejmuje budow\u0119 przed\u0142u\u017cenia istniej\u0105cej i budow\u0119 nowej ulicy o \u0142\u0105cznej d\u0142ugo\u015bci ok. 570 m oraz przebudow\u0119 cz\u0119\u015bci istniej\u0105cego odcinka ul. Hemara o d\u0142ugo\u015bci ok. 630 m dla ruchu KR3, z jednostronnym chodnikiem, o\u015bwietleniem, odwodnieniem oraz budow\u0105 mostu przez Kana\u0142 Br\u00f3dnowski i wykupem grunt\u00f3w. W 2018 r. planuje si\u0119 zako\u0144czenie prac budowlanych.&nbsp;<\/p>\n<p style=\"text-align: justify;\"><strong>Budowa chodnika w ul. S\u0142onecznego Poranka wraz z regulacj\u0105 stanu prawnego grunt\u00f3w&nbsp;<\/strong><\/p>\n<p style=\"text-align: justify;\">Zakres zadania obejmuje pozyskanie grunt\u00f3w w liniach rozgraniczaj\u0105cych ulicy S\u0142onecznego Poranka oraz budow\u0119 jednostronnego chodnika na d\u0142ugo\u015bci ok. 800 m. W 2018 r. planuje si\u0119 rozpocz\u0119cie procesu wyp\u0142aty odszkodowa\u0144 za nieruchomo\u015bci przeznaczone pod budow\u0119 chodnika.&nbsp;<\/p>\n<p style=\"text-align: justify;\"><strong>Budowa ul. Geometrycznej&nbsp;<\/strong><\/p>\n<p style=\"text-align: justify;\">Zakres zadania obejmuje budow\u0119 drogi dostosowanej do ruchu komunikacji miejskiej wraz z odwodnieniem, jednostronnym chodnikiem i o\u015bwietleniem oraz wyp\u0142at\u0105 odszkodowa\u0144 za grunty przej\u0119te pod budow\u0119 ulicy. Prace maj\u0105 przebiega\u0107 w dw\u00f3ch etapach: I etap (odcinek jezdni od ul. Kartograficznej na po\u0142udnie do istniej\u0105cej jezdni o d\u0142ugo\u015bci 198 m do granicy dzia\u0142ki ew. 3\/97) oraz II etap (odcinek od dzia\u0142ki 3\/97 do ul. Siecznej o d\u0142ugo\u015bci 226 m). W 2018 r. planuje si\u0119 wyp\u0142at\u0119 odszkodowa\u0144 za nieruchomo\u015bci przej\u0119te pod budow\u0119 ulicy.&nbsp;<\/p>\n<p style=\"text-align: justify;\"><strong>Budowa ulicy wzd\u0142u\u017c dzia\u0142ki 112\/5 od ul. Gladioli do ul. Aluzyjnej oraz budowa odcinka ul. Aluzyjnej<\/strong><\/p>\n<p style=\"text-align: justify;\">Zakres zadania obejmuje budow\u0119 ulicy na odcinku o d\u0142ugo\u015bci 533 m, dostosowanej do ruchu komunikacji miejskiej wraz z jednostronnym chodnikiem i o\u015bwietleniem oraz wyp\u0142at\u0119 odszkodowa\u0144 za nieruchomo\u015bci przej\u0119te pod budow\u0119 ulicy. W 2018 r. planuje si\u0119 uzyskanie decyzji o zezwoleniu na realizacj\u0119 inwestycji drogowej oraz rozpocz\u0119cie prac budowlanych.&nbsp;<\/p>\n<p style=\"text-align: justify;\"><strong>Budowa ul. Projektowanej 14KL od ul. Berensona do ul. Ostr\u00f3dzkiej<\/strong><\/p>\n<p style=\"text-align: justify;\">Zakres zadania obejmuje budow\u0119 odcinka ulicy o d\u0142ugo\u015bci ok. 240 m od ul. Berensona do ul. Ostr\u00f3dzkiej wraz z jednostronnym chodnikiem, o\u015bwietleniem i odwodnieniem oraz wyp\u0142at\u0119 odszkodowa\u0144 za nieruchomo\u015bci przej\u0119te pod budow\u0119 ulicy. W 2018 r. planuje si\u0119 uzyskanie decyzji o zezwoleniu na realizacj\u0119 inwestycji drogowej, wykonanie prac budowlanych oraz wyp\u0142at\u0119 odszkodowa\u0144 za nieruchomo\u015bci przej\u0119te pod budow\u0119 ulicy.&nbsp;<\/p>\n<p style=\"text-align: justify;\"><strong>Budowa ul. Chudoby<\/strong><\/p>\n<p style=\"text-align: justify;\">Zakres zadania obejmuje budow\u0119 ul. Chudoby na odcinku ok. 370 m wraz z jednostronnym chodnikiem, o\u015bwietleniem, p\u0119tl\u0105 autobusow\u0105 oraz pozyskaniem nieruchomo\u015bci pod budow\u0119 ulicy. W 2018 r. planuje si\u0119 realizacj\u0119 prac budowlanych oraz wyp\u0142at\u0119 odszkodowa\u0144 za wyw\u0142aszczone nieruchomo\u015bci.&nbsp;<\/p>\n<p style=\"text-align: justify;\"><strong>Budowa ul. Liczyd\u0142o<\/strong><\/p>\n<p style=\"text-align: justify;\">W ramach zadania planowana jest budowa jezdni na odcinku od ul. Ekspresowej do szko\u0142y przy ul. Liczyd\u0142o o d\u0142ugo\u015bci ok. 140 m wraz z jednostronnym chodnikiem, o\u015bwietleniem, usuni\u0119ciem kolizji oraz wykupem grunt\u00f3w. W 2018 r. planuje si\u0119 uzyskanie decyzji o zezwoleniu na realizacj\u0119 inwestycji drogowej, wykonanie prac budowlanych oraz wyp\u0142at\u0119 odszkodowa\u0144 za nieruchomo\u015bci przej\u0119te pod budow\u0119 ulicy.&nbsp;<\/p>\n<p style=\"text-align: justify;\"><strong>Budowa drogi dojazdowej do ul. Orneckiej<\/strong><\/p>\n<p style=\"text-align: justify;\">Zakres zadania obejmuje budow\u0119 drogi dojazdowej od ko\u0144ca zabudowy do ul. Orneckiej o d\u0142ugo\u015bci ok. 50 m wraz z jednostronnym chodnikiem, o\u015bwietleniem oraz usuni\u0119cie kolizji i wykup grunt\u00f3w. W 2018 r. planuje si\u0119 wyp\u0142at\u0119 odszkodowa\u0144 za nieruchomo\u015bci wyw\u0142aszczone pod budow\u0119 drogi.&nbsp;<\/p>\n<p style=\"text-align: justify;\"><strong>Budowa ul. Projektowanej 5KD od granicy miasta w kierunku ul. Berensona<\/strong><\/p>\n<p style=\"text-align: justify;\">W ramach zadania planowana jest budowa ul. Projektowanej 5KD od granicy miasta w kierunku ul. Berensona (odcinek o d\u0142ugo\u015bci ok. 420 m) z jednostronnym chodnikiem, o\u015bwietleniem i odwodnieniem na pobocze oraz wykup grunt\u00f3w. W 2018 r. planuje si\u0119 zako\u0144czenie prac projektowych.&nbsp;<\/p>\n<p style=\"text-align: justify;\"><strong>Budowa ul. Por\u0119by<\/strong><\/p>\n<p style=\"text-align: justify;\">W ramach zadania planuje si\u0119 budow\u0119 ul. Por\u0119by na odcinku ok. 140 m z jednostronnym chodnikiem, o\u015bwietleniem, odwodnieniem i przepustem oraz wykup grunt\u00f3w. W 2018 r. planuje si\u0119 zako\u0144czenie prac projektowych, uzyskanie decyzji o zezwoleniu na realizacj\u0119 inwestycji drogowej, wyb\u00f3r wykonawcy oraz wykonanie rob\u00f3t budowlanych i wyp\u0142at\u0119 odszkodowa\u0144 za nieruchomo\u015bci wyw\u0142aszczone pod budow\u0119 ulicy.&nbsp;<\/p>\n<p style=\"text-align: justify;\"><strong>Budowa ul. Brzezi\u0144skiej<\/strong><\/p>\n<p style=\"text-align: justify;\">Zakres zadania obejmuje budow\u0119 ulicy na odcinku ok. 340 m, od skrzy\u017cowania z ul. Szamotulsk\u0105 do skrzy\u017cowania z ul. Mehoffera, z jednostronnym chodnikiem, o\u015bwietleniem oraz zjazdami na posesje. W 2018 r. planuje si\u0119 zako\u0144czenie rob\u00f3t budowlanych oraz wyp\u0142at\u0119 odszkodowa\u0144 za nieruchomo\u015bci przej\u0119te pod budow\u0119 ulicy.&nbsp;<\/p>\n<p style=\"text-align: justify;\"><strong>Budowa ul. Zyndrama z Maszkowic&nbsp;<\/strong><\/p>\n<p style=\"text-align: justify;\">Zakres zadania obejmuje budow\u0119 ulicy na odcinku ok. 700 m, stanowi\u0105cym po\u0142\u0105czenie ul. Czo\u0142owej i ul. Walig\u00f3ry, z jednostronnym chodnikiem, o\u015bwietleniem oraz odwodnieniem. W 2018 r. planuje si\u0119 zako\u0144czenie rob\u00f3t budowlanych oraz wyp\u0142at\u0119 odszkodowa\u0144 za nieruchomo\u015bci wyw\u0142aszczone pod budow\u0119 ulicy.&nbsp;<\/p>\n<p style=\"text-align: justify;\"><strong>Budowa ul. Projektowanej KL18 na odcinku od istniej\u0105cej ul. Astrowej do ul. Ostr\u00f3dzkiej&nbsp;<\/strong><\/p>\n<p style=\"text-align: justify;\">W ramach zadania planowana jest budowa jezdni o d\u0142ugo\u015bci ok. 410 m z jednostronnym chodnikiem, o\u015bwietleniem, odwodnieniem, oznakowaniem oraz przepustem drogowym. W 2018 r. planuje si\u0119 zako\u0144czenie prac budowlanych oraz wyp\u0142at\u0119 odszkodowa\u0144 za nieruchomo\u015bci wyw\u0142aszczone pod budow\u0119 ulicy.&nbsp;<\/p>\n<p style=\"text-align: justify;\"><strong>Budowa ul. Tapetowej na odcinku od ul. Mehoffera do ul. Wyganowskiej&nbsp;<\/strong><\/p>\n<p style=\"text-align: justify;\">W ramach zadania planowana jest przebudowa ulicy dla potrzeb komunikacji miejskiej, na odcinku o d\u0142ugo\u015bci 210 m z jednostronnym chodnikiem, zjazdami na posesje oraz o\u015bwietleniem i odwodnieniem. W 2018 r. planuje si\u0119 kontynuacj\u0119 i zako\u0144czenie prac budowlanych oraz wyp\u0142at\u0119 odszkodowa\u0144 za nieruchomo\u015bci wyw\u0142aszczone pod budow\u0119 ulicy.&nbsp;<\/p>\n<p style=\"text-align: justify;\"><strong>Nabycie ul. Projektowanej 5 KD od ul. Oknickiej &#8211; rozliczenie z deweloperem&nbsp;<\/strong><\/p>\n<p style=\"text-align: justify;\">Zakres zadania obejmuje nabycie nieruchomo\u015bci przeznaczonych pod budow\u0119 ul. Projektowanej 5 KD w kierunku wschodnim od ul. Oknickiej oraz pokrycie koszt\u00f3w wieczysto-ksi\u0119gowych. W 2018 r. planuje si\u0119 wyp\u0142at\u0119 odszkodowa\u0144 oraz z\u0142o\u017cenie wniosk\u00f3w do s\u0105du wieczysto &#8211; ksi\u0119gowego.&nbsp;<\/p>\n<p style=\"text-align: justify;\"><strong>Realizacja projektu: &#8220;Po ludzku na tramwaj &#8211; budowa chodnika od ul. Strumykowej do p\u0119tli tramwajowej&#8221; <\/strong><\/p>\n<p style=\"text-align: justify;\">Zakres zadania obejmuje budow\u0119, w miejscu przedept\u00f3w, chodnika o d\u0142ugo\u015bci 250 m i szeroko\u015bci 1,5 m na odcinku od ul. Strumykowej do p\u0119tli tramwajowej Tarchomin Ko\u015bcielny.<\/p>\n<p style=\"text-align: justify;\"><strong>Budowa o\u015bwietlenia ul. Brzozowy Zagajnik<\/strong><\/p>\n<p style=\"text-align: justify;\">W ramach zadania planowana jest budowa o\u015bwietlenia ul. Brzozowy Zagajnik na odcinku o d\u0142ugo\u015bci ok. 590 m. W 2018 r. planuje si\u0119 ustawienie 24 latarni wolnostoj\u0105cych, zasilanych kablem ziemnym.<\/p>\n<div class=\"text_exposed_show\" style=\"text-align: justify;\">\n<p><strong>Budowa o\u015bwietlenia ul. Dziatwy na odcinku od skrzy\u017cowania z ul. Marcho\u0142ta do skrzy\u017cowania z ul. Uczniowsk\u0105<\/strong><\/p>\n<p>W ramach zadania planowana jest budowa o\u015bwietlenia ul. Dziatwy na odcinku od skrzy\u017cowania z ul. Marcho\u0142ta do skrzy\u017cowania z ul. Uczniowsk\u0105, na odcinku o d\u0142ugo\u015bci ok. 60 m. W 2018 r. planuje si\u0119 ustawienie 3 latarni wolnostoj\u0105cych zasilanych kablem ziemnym.<\/p>\n<p><strong>Budowa o\u015bwietlenia ul. Magicznej<\/strong><\/p>\n<p>W ramach zadania planowana jest budowa o\u015bwietlenia ul. Magicznej na odcinku o d\u0142ugo\u015bci ok. 430 m. W 2018 r. planuje si\u0119 ustawienie 18 latarni wolnostoj\u0105cych zasilanych kablem ziemnym (lub miejscowo kablem napowietrznym).<\/p>\n<p><strong>Budowa o\u015bwietlenia ul. Wadowickiej na odcinku ul. Henrykowska &#8211; ul. Tapetowa<\/strong><\/p>\n<p>W ramach zadania planowana jest budowa o\u015bwietlenia ul. Wadowickiej na odcinku ul. Henrykowska &#8211; ul. Tapetowa na odcinku o d\u0142ugo\u015bci ok. 250 m. W 2018 r. planuje si\u0119 ustawienie 10 latarni wolnostoj\u0105cych zasilanych kablem ziemnym.<\/p>\n<p><strong>Budowa o\u015bwietlenia ul. Walig\u00f3ry na odcinku ul. Morwowa &#8211; ul. Strunowa<\/strong><\/p>\n<p>W ramach zadania planowana jest budowa o\u015bwietlenia ul. Walig\u00f3ry na odcinku ul. Morwowa &#8211; ul. Strunowa (ok. 430 m). W 2018 r. planuje si\u0119 ustawienie 20 latarni wolnostoj\u0105cych zasilanych kablem ziemnym.<\/p>\n<p><strong>Budowa o\u015bwietlenia ul. Warzelniczej od ul. Ostr\u00f3dzkiej<\/strong><\/p>\n<p>W ramach zadania planowana jest budowa o\u015bwietlenia ul. Warzelniczej od ul. Ostr\u00f3dzkiej na odcinku o d\u0142ugo\u015bci ok. 355 m. W 2018 r. planuje si\u0119 ustawienie 13 latarni wolnostoj\u0105cych zasilanych kablem ziemnym.<\/p>\n<\/div>\n<p style=\"text-align: justify;\"><strong>\u0141ad przestrzenny:<\/strong><\/p>\n<p style=\"text-align: justify;\"><strong>Rozbudowa placu zabaw przy ul. Portowej<\/strong><\/p>\n<p style=\"text-align: justify;\">W ramach zadania planuje si\u0119 rozbudow\u0119 placu zabaw, w tym budow\u0119 fontanny, zainstalowanie o\u015bwietlenia, ogrodzenie terenu, wykonanie nasadze\u0144 drzew i krzew\u00f3w ozdobnych, za\u0142o\u017cenie kwietnik\u00f3w i trawnika, wykonanie dr\u00f3g wewn\u0119trznych oraz drogi dojazdowej od ul. Portowej i ul. Modli\u0144skiej. W 2018 r. przewiduje si\u0119 przeprowadzenie post\u0119powania przetargowego na wyb\u00f3r wykonawcy rob\u00f3t oraz realizacj\u0119 prac budowlanych.<\/p>\n<p style=\"text-align: justify;\"><strong>Budowa wodnego placu zabaw przy ul. \u0106mielowskiej<\/strong><\/p>\n<p style=\"text-align: justify;\">W ramach zadania planowana jest budowa wodnego placu zabaw o pow. ok. 400 m\u00b2, wraz z budow\u0105 zaplecza technicznego i kontenerowego zaplecza szatniowo \u2013 sanitarnego, budow\u0105 natrysk\u00f3w otwartych, o\u015bwietleniem terenu lampami oraz iluminacj\u0105 wodnego placu zabaw, wykonanie monitoringu i kolektor\u00f3w s\u0142onecznych do podgrzewania wody. Planowane jest wykonanie cz\u0119\u015bci parkowej z alejkami, ma\u0142\u0105 architektur\u0105, nasadzeniami drzew, krzew\u00f3w, bylin i kwiat\u00f3w. W 2018 r. planuje si\u0119 pozyskanie nieruchomo\u015bci niezb\u0119dnych pod budow\u0119 placu.<\/p>\n<p style=\"text-align: justify;\"><strong>Budowa terenu sportowo-rekreacyjnego przy ul. Kupieckiej<\/strong><\/p>\n<p style=\"text-align: justify;\">W ramach zadania planuje si\u0119 budow\u0119 placu zabaw z wydzielonymi cz\u0119\u015bciami dla dzieci m\u0142odszych w wieku do 3 lat i starszych w wieku od 4 do 12 lat, wyposa\u017conego w urz\u0105dzenia zabawowe dostosowane do wieku dzieci oraz \u0142awki, kosze na \u015bmieci, zagospodarowanie zieleni, budow\u0119 dr\u00f3g wewn\u0119trznych i ogrodzenie ca\u0142o\u015bci terenu. Planuje si\u0119 wyposa\u017cenie terenu sportowo-rekreacyjnego w nowoczesne urz\u0105dzenia zabawowe oraz budow\u0119 boiska wielofunkcyjnego i si\u0142owni plenerowej. W 2018 r. przewiduje si\u0119 przeprowadzenie post\u0119powania przetargowego na wyb\u00f3r wykonawcy rob\u00f3t oraz realizacj\u0119 prac budowlanych.<\/p>\n<p style=\"text-align: justify;\"><strong>Realizacja projektu: &#8220;Park Henrykowski dzieciom!\u201d \u2013 doposa\u017cenie parku w du\u017cy zestaw zabawowy&#8221;<\/strong><\/p>\n<p style=\"text-align: justify;\">Zakres zadania obejmuje doposa\u017cenie Parku Henrykowskiego w du\u017cy zestaw zabawowy dla dzieci w r\u00f3\u017cnym wieku oraz wykonanie bezpiecznej nawierzchni.<\/p>\n<p style=\"text-align: justify;\"><strong>Realizacja projektu: &#8220;Wodny plac zabaw dla Bia\u0142o\u0142\u0119ki&#8221;<\/strong><\/p>\n<p style=\"text-align: justify;\">Zakres zadania obejmuje utworzenie w Parku Henrykowskim wodnego placu zabaw, sk\u0142adaj\u0105cego si\u0119 z pod\u0142o\u017ca i p\u0142ytkiej niecki z bezpieczn\u0105 nawierzchni\u0105 oraz brodzika z prysznicem i urz\u0105dze\u0144 tryskaj\u0105cych wod\u0105. Planuje si\u0119 tak\u017ce budow\u0119 toalety wraz z przebieralniami, pod\u015bwietlenie cz\u0119\u015bci instalacji, monta\u017c \u0142awek, koszy na \u015bmieci, ogrodzenia oraz zagospodarowanie otoczenia.<\/p>\n<p style=\"text-align: justify;\"><strong>Realizacja projektu: &#8220;Ska\u0142ka wspinaczkowa&#8221;<\/strong><\/p>\n<p style=\"text-align: justify;\">Zakres zadania obejmuje budow\u0119 na placu zabaw przy ul. Brzezi\u0144skiej wolnostoj\u0105cej \u015bcianki wspinaczkowej, imituj\u0105cej ska\u0142\u0119 wraz z wykonaniem nawierzchni amortyzuj\u0105cej upadki.<\/p>\n<p style=\"text-align: justify;\"><strong>Realizacja projektu\u201d Hamak miejski\u201d \u2013 Park Piccassa, Park Henrykowski, Park Magiczna.<\/strong><\/p>\n<p style=\"text-align: justify;\"><strong>Realizacja projektu: &#8220;Alejka i zielony skwerek przy Parku Magiczna&#8221;<\/strong><\/p>\n<p style=\"text-align: justify;\">Zakres zadania obejmuje utworzenie przy Parku Magiczna zielonego skwerku z \u0142awkami, koszem na \u015bmieci i o\u015bwietleniem (lampy solarne) oraz zagospodarowanie terenu zieleni\u0105. Planowane jest tak\u017ce wykonanie alejki spacerowej wraz z nasadzeniem drzew ozdobnych i krzew\u00f3w.<\/p>\n<p style=\"text-align: justify;\"><strong>Realizacja projektu: &#8220;Z g\u00f3rki na pazurki &#8211; budowa g\u00f3rki saneczkowej w Parku Magiczna&#8221;<\/strong><\/p>\n<p style=\"text-align: justify;\">Zakres zadania obejmuje budow\u0119 ma\u0142ej g\u00f3rki saneczkowej o wysoko\u015bci do 2,5 m, zlokalizowanej w p\u00f3\u0142nocno-wschodniej cz\u0119\u015bci terenu rekreacyjnego po\u0142o\u017conego w Parku Magiczna.<\/p>\n<p style=\"text-align: justify;\"><strong>Realizacja projektu: &#8220;Miejsce spotka\u0144 przy Ostr\u00f3dzkiej&#8221;<\/strong><\/p>\n<p style=\"text-align: justify;\">Zakres zadania obejmuje utworzenie miejsca spotka\u0144 przy ul. Ostr\u00f3dzkiej 172. Planuje si\u0119 budow\u0119 wiaty piknikowej dla ok. 40-50 os\u00f3b wraz z \u0142awosto\u0142ami, grillem i koszami na \u015bmieci.<\/p>\n<p><strong>Edukacja, kultura i sport:<\/strong><\/p>\n<p style=\"text-align: justify;\"><strong>Budowa zespo\u0142u szkolno-przedszkolnego przy ul. My\u015bliborskiej wraz z dojazdem<\/strong><\/p>\n<p style=\"text-align: justify;\">Zakres zadania obejmuje budow\u0119 20 &#8211; oddzia\u0142owej szko\u0142y podstawowej dla oko\u0142o 625 dzieci oraz 6 &#8211; oddzia\u0142owego przedszkola dla 125 dzieci w wieku 3-5 lat, wraz zapleczem \u015bwietlicowym, parkingiem, boiskami sportowymi, placem zabaw, zagospodarowaniem terenu, doj\u015bciem i dojazdem. W 2018 r. p<span class=\"text_exposed_show\">lanuje si\u0119 zako\u0144czenie prac budowlanych, wyposa\u017ceniem obiekt\u00f3w oraz oddanie do u\u017cytkowania szko\u0142y i przedszkola.<\/span><\/p>\n<div class=\"text_exposed_show\" style=\"text-align: justify;\">\n<p><strong>Budowa szko\u0142y podstawowej przy ul. Warzelniczej<\/strong><\/p>\n<p>Zakres zadania obejmuje budow\u0119 37 &#8211; oddzia\u0142owej szko\u0142y podstawowej dla oko\u0142o 1.110 dzieci wraz z zapleczem \u015bwietlicowym, parkingiem, boiskami sportowymi, placem zabaw, zagospodarowaniem terenu, doj\u015bciem i dojazdem. W 2018 r. planuje si\u0119 zako\u0144czenie prac budowlanych, wyposa\u017cenie obiektu oraz oddanie do u\u017cytkowania.<\/p>\n<p><strong>Budowa szko\u0142y podstawowej przy ul. Gerberowej (K\u0119pa Tarchomi\u0144ska)<\/strong><\/p>\n<p>Zakres zadania obejmuje budow\u0119 30-oddzia\u0142owej szko\u0142y podstawowej dla 800 dzieci wraz z boiskami sportowymi, placem zabaw i zagospodarowaniem terenu. W 2018 r. planuje si\u0119 przeprowadzenie przetargu na wy\u0142onienie wykonawcy prac budowlanych oraz rozpocz\u0119cie budowy obiektu.<\/p>\n<p><strong>Budowa przedszkola przy ul. My\u015bliborskiej<\/strong><\/p>\n<p>Zakres zadania obejmuje budow\u0119 12 &#8211; oddzia\u0142owego przedszkola wraz z zapleczem kuchennym i placem zabaw dla ok. 300 dzieci. W 2018 r. planuje si\u0119 zako\u0144czenie rob\u00f3t budowlanych, wyposa\u017cenie obiektu oraz oddanie do u\u017cytkowania.<\/p>\n<p><strong>Budowa szko\u0142y podstawowej w rejonie ul. Ruskowy Br\u00f3d i ul. Verdiego<\/strong><\/p>\n<p>Zakres zadania obejmuje wybudowanie 37 &#8211; oddzia\u0142owej szko\u0142y podstawowej dla 1.110 dzieci wraz z zapleczem \u015bwietlicowym, parkingiem, boiskami sportowymi, placem zabaw, zagospodarowaniem terenu, doj\u015bciem i dojazdem. W 2018 r. planuje si\u0119 realizacj\u0119 prac budowlanych.<\/p>\n<p><strong>Budowa basenu przy ul. Ostr\u00f3dzkiej<\/strong><\/p>\n<p>W ramach zadania planuje si\u0119 budow\u0119 p\u0142ywalni sportowej, w tym: sze\u015bciotorow\u0105 nieck\u0119 basenu sportowego, basen rekreacyjny, wann\u0119 z hydromasa\u017cem, zje\u017cd\u017calni\u0119 \u015blimakow\u0105, saun\u0119, widowni\u0119, pomieszczenia administracyjne oraz parkingi i zagospodarowanie terenu. W 2018 r. planuje si\u0119 rozpocz\u0119cie prac projektowych.<\/p>\n<p><strong>Modernizacja obiektu Bia\u0142o\u0142\u0119ckiego O\u015brodka Sportu przy ul. Strumykowej<\/strong><\/p>\n<p>W ramach zadania planowana jest modernizacja obiektu przy ul. Strumykowej obejmuj\u0105ca wybudowanie demontowanej hali pneumatycznej o wymiarach oko\u0142o 100 x 63 m, przykrywaj\u0105cej istniej\u0105ce boisko do pi\u0142ki no\u017cnej, wraz z infrastruktur\u0105 (magazyn, kot\u0142ownia na olej opa\u0142owy, pomieszczenie dla urz\u0105dze\u0144 zasilania awaryjnego) oraz wykonaniem przy\u0142\u0105cza energetycznego. W 2018 r. planowane jest wykonanie prac budowlanych.<\/p>\n<\/div>\n<p style=\"text-align: justify;\"><em>Foto:<\/em> <a href=\"https:\/\/www.facebook.com\/InformatorDzielnicaBialoleka\" rel=\"noopener\" target=\"_blank\">Informator Dzielnicy Bia\u0142o\u0142\u0119ka<\/a><\/p>\n","protected":false},"excerpt":{"rendered":"<p>Przedstawiono projekt bud\u017cetu na rok 2018 dla Dzielnicy Bia\u0142o\u0142\u0119ka. Na inwestycje maj\u0105tkowe w naszej dzielnicy m. st. Warszawa zamierza przeznaczy\u0107 niespe\u0142na 80 mln PLN. Czy uda si\u0119 pozyska\u0107 \u015brodki na dodatkowe inwestycje? Czy limit wydatk\u00f3w dla Bia\u0142o\u0142\u0119ki wzro\u015bnie? O tym przekonamy si\u0119 w grudniu na sesji bud\u017cetowej Rady m. st. Warszawy, a tymczasem przekazujemy wykaz [&hellip;]<\/p>\n","protected":false},"author":2,"featured_media":2742,"comment_status":"closed","ping_status":"closed","sticky":false,"template":"","format":"standard","meta":{"ngg_post_thumbnail":0,"footnotes":""},"categories":[27,25],"tags":[],"class_list":["post-2741","post","type-post","status-publish","format-standard","has-post-thumbnail","hentry","category-inwestycje","category-samorzad"],"_links":{"self":[{"href":"https:\/\/razemdlabialoleki.waw.pl\/index.php?rest_route=\/wp\/v2\/posts\/2741","targetHints":{"allow":["GET"]}}],"collection":[{"href":"https:\/\/razemdlabialoleki.waw.pl\/index.php?rest_route=\/wp\/v2\/posts"}],"about":[{"href":"https:\/\/razemdlabialoleki.waw.pl\/index.php?rest_route=\/wp\/v2\/types\/post"}],"author":[{"embeddable":true,"href":"https:\/\/razemdlabialoleki.waw.pl\/index.php?rest_route=\/wp\/v2\/users\/2"}],"replies":[{"embeddable":true,"href":"https:\/\/razemdlabialoleki.waw.pl\/index.php?rest_route=%2Fwp%2Fv2%2Fcomments&post=2741"}],"version-history":[{"count":2,"href":"https:\/\/razemdlabialoleki.waw.pl\/index.php?rest_route=\/wp\/v2\/posts\/2741\/revisions"}],"predecessor-version":[{"id":2744,"href":"https:\/\/razemdlabialoleki.waw.pl\/index.php?rest_route=\/wp\/v2\/posts\/2741\/revisions\/2744"}],"wp:featuredmedia":[{"embeddable":true,"href":"https:\/\/razemdlabialoleki.waw.pl\/index.php?rest_route=\/wp\/v2\/media\/2742"}],"wp:attachment":[{"href":"https:\/\/razemdlabialoleki.waw.pl\/index.php?rest_route=%2Fwp%2Fv2%2Fmedia&parent=2741"}],"wp:term":[{"taxonomy":"category","embeddable":true,"href":"https:\/\/razemdlabialoleki.waw.pl\/index.php?rest_route=%2Fwp%2Fv2%2Fcategories&post=2741"},{"taxonomy":"post_tag","embeddable":true,"href":"https:\/\/razemdlabialoleki.waw.pl\/index.php?rest_route=%2Fwp%2Fv2%2Ftags&post=2741"}],"curies":[{"name":"wp","href":"https:\/\/api.w.org\/{rel}","templated":true}]}}