{"id":2729,"date":"2017-10-07T17:21:38","date_gmt":"2017-10-07T17:21:38","guid":{"rendered":"http:\/\/razemdlabialoleki.waw.pl\/?p=2729"},"modified":"2024-01-14T14:43:38","modified_gmt":"2024-01-14T13:43:38","slug":"konsultacje-spoleczne-kanal-zeranski","status":"publish","type":"post","link":"https:\/\/razemdlabialoleki.waw.pl\/?p=2729","title":{"rendered":"Konsultacje spo\u0142eczne &#8211; Kana\u0142 \u017bera\u0144ski"},"content":{"rendered":"<p style=\"text-align: justify;\">Przekazujemy zaproszenie na konsultacje spo\u0142eczne kt\u00f3rych tematem jest <strong>renowacja terenu pasa monta\u017cowego po budowie gazoci\u0105gu wysokiego ci\u015bnienia relacji T\u0142ocznia Rembelszczyzna &#8211; Elektrociep\u0142ownia \u017bera\u0144 wzd\u0142u\u017c Kana\u0142u \u017bera\u0144skiego.<\/strong><\/p>\n<p>Terminy spotka\u0144 i warsztat\u00f3w:<\/p>\n<p><strong>Dla odcinka I (od EC \u017bera\u0144 do mostu na ul. Marywilskiej)<\/strong><\/p>\n<p><strong>Warsztat:<\/strong> 13.10.2017 r. (pi\u0105tek), godz. 18:00-20:00, \u017b\u0142obek Miejski nr 58, ul. Krzy\u017c\u00f3wki 24<br \/>\n<strong>Spacer badawczy:<\/strong> 15.10.2017 r. (niedziela), godz. 10:00-12:00, punkt zbi\u00f3rki: r\u00f3g ul. Krzy\u017c\u00f3wki i Anastazego Kowalczyka (zbi\u00f3rka na parkingu)<\/p>\n<p><strong>Dla odcinka II (od mostu na ul. Marywilskiej do mostu na ul. Bia\u0142o\u0142\u0119ckiej)<\/strong><\/p>\n<p><strong>Warsztat:<\/strong> 14.10.2017 r. (sobota) godz. 10:00 &#8211; 12:00 \u2013 Szko\u0142a Podstawowa nr 231, ul. Juranda ze Spychowa 10<br \/>\n<strong>Spacer badawczy:<\/strong> 15.10.2017 r. (niedziela) godz. 14:00-16:00, punkt zbi\u00f3rki: zej\u015bcie z mostu na ul. Bia\u0142o\u0142\u0119ckiej (przy ul. P\u0142ochoci\u0144skiej).<\/p>\n<p><strong>Dla odcinka III (od mostu na ul. Bia\u0142o\u0142\u0119ckiej do mostu na ul. Kobia\u0142ka)<\/strong><\/p>\n<p><strong>Warsztat:<\/strong> 14.10.2017 r. (sobota) godz. 14:00 &#8211; 16:00 \u2013 Szko\u0142a Podstawowa nr 31 im. Kardyna\u0142a Stefana Wyszy\u0144skiego, ul. Kobia\u0142ka 49.<br \/>\n<strong>Spacer badawczy:<\/strong> 15.10.2017 r. (niedziela) godz. 14:00-16:00, punkt zbi\u00f3rki: zej\u015bcie z mostu na ul. Bia\u0142o\u0142\u0119ckiej (przy ul. P\u0142ochoci\u0144skiej).<\/p>\n<p><strong>Dla odcinka IV (od mostu na ul. Kobia\u0142ka do T\u0142oczni Gazu Rembelszczyzna)<\/strong><\/p>\n<p><strong>Warsztat:<\/strong> 14.10.2017 r. (sobota) godz. 14:00 &#8211; 16:00 \u2013 Szko\u0142a Podstawowa nr 31 im. Kardyna\u0142a Stefana Wyszy\u0144skiego, ul. Kobia\u0142ka 49.<br \/>\n<strong>Spacer badawczy:<\/strong> 15.10.2017 r. (niedziela) godz. 10:00-12:00, punkt zbi\u00f3rki: zej\u015bcie z mostu na ul. Kobia\u0142ka (w stron\u0119 ul. P\u0142ochoci\u0144skiej).<\/p>\n<p>Szczeg\u00f3\u0142owe informacje na temat projektu oraz formularz rejestracyjny na powy\u017csze wydarzenia dost\u0119pne s\u0105 na stronie www.kanalzeranski.pl.<strong><br \/>\n<\/strong><\/p>\n<p>Tre\u015b\u0107 <a href=\"http:\/\/razemdlabialoleki.waw.pl\/wp-content\/uploads\/2017\/10\/Pismo_SRDB.pdf\" target=\"_blank\" rel=\"noopener\">zaproszenia.<\/a><\/p>\n","protected":false},"excerpt":{"rendered":"<p>Przekazujemy zaproszenie na konsultacje spo\u0142eczne kt\u00f3rych tematem jest renowacja terenu pasa monta\u017cowego po budowie gazoci\u0105gu wysokiego ci\u015bnienia relacji T\u0142ocznia Rembelszczyzna &#8211; Elektrociep\u0142ownia \u017bera\u0144 wzd\u0142u\u017c Kana\u0142u \u017bera\u0144skiego. Terminy spotka\u0144 i warsztat\u00f3w: Dla odcinka I (od EC \u017bera\u0144 do mostu na ul. Marywilskiej) Warsztat: 13.10.2017 r. (pi\u0105tek), godz. 18:00-20:00, \u017b\u0142obek Miejski nr 58, ul. Krzy\u017c\u00f3wki 24 Spacer [&hellip;]<\/p>\n","protected":false},"author":2,"featured_media":2731,"comment_status":"closed","ping_status":"closed","sticky":false,"template":"","format":"standard","meta":{"ngg_post_thumbnail":0,"footnotes":""},"categories":[28],"tags":[],"class_list":["post-2729","post","type-post","status-publish","format-standard","has-post-thumbnail","hentry","category-ochrona-srodowiska"],"_links":{"self":[{"href":"https:\/\/razemdlabialoleki.waw.pl\/index.php?rest_route=\/wp\/v2\/posts\/2729","targetHints":{"allow":["GET"]}}],"collection":[{"href":"https:\/\/razemdlabialoleki.waw.pl\/index.php?rest_route=\/wp\/v2\/posts"}],"about":[{"href":"https:\/\/razemdlabialoleki.waw.pl\/index.php?rest_route=\/wp\/v2\/types\/post"}],"author":[{"embeddable":true,"href":"https:\/\/razemdlabialoleki.waw.pl\/index.php?rest_route=\/wp\/v2\/users\/2"}],"replies":[{"embeddable":true,"href":"https:\/\/razemdlabialoleki.waw.pl\/index.php?rest_route=%2Fwp%2Fv2%2Fcomments&post=2729"}],"version-history":[{"count":3,"href":"https:\/\/razemdlabialoleki.waw.pl\/index.php?rest_route=\/wp\/v2\/posts\/2729\/revisions"}],"predecessor-version":[{"id":2734,"href":"https:\/\/razemdlabialoleki.waw.pl\/index.php?rest_route=\/wp\/v2\/posts\/2729\/revisions\/2734"}],"wp:featuredmedia":[{"embeddable":true,"href":"https:\/\/razemdlabialoleki.waw.pl\/index.php?rest_route=\/wp\/v2\/media\/2731"}],"wp:attachment":[{"href":"https:\/\/razemdlabialoleki.waw.pl\/index.php?rest_route=%2Fwp%2Fv2%2Fmedia&parent=2729"}],"wp:term":[{"taxonomy":"category","embeddable":true,"href":"https:\/\/razemdlabialoleki.waw.pl\/index.php?rest_route=%2Fwp%2Fv2%2Fcategories&post=2729"},{"taxonomy":"post_tag","embeddable":true,"href":"https:\/\/razemdlabialoleki.waw.pl\/index.php?rest_route=%2Fwp%2Fv2%2Ftags&post=2729"}],"curies":[{"name":"wp","href":"https:\/\/api.w.org\/{rel}","templated":true}]}}