{"id":2725,"date":"2017-10-07T08:43:28","date_gmt":"2017-10-07T08:43:28","guid":{"rendered":"http:\/\/razemdlabialoleki.waw.pl\/?p=2725"},"modified":"2024-01-14T14:43:48","modified_gmt":"2024-01-14T13:43:48","slug":"ogromna-wycinka-drzew-nad-kanalem-zeranskim","status":"publish","type":"post","link":"https:\/\/razemdlabialoleki.waw.pl\/?p=2725","title":{"rendered":"Ogromna wycinka drzew nad Kana\u0142em \u017bera\u0144skim"},"content":{"rendered":"<p style=\"text-align: justify;\">Cofni\u0119to upowa\u017cnienia dla naczelnika Wydzia\u0142u Konserwacji i \u015arodowiska w Urz\u0119dzie Dzielnicy Bia\u0142o\u0142\u0119ka. Trwa wewn\u0119trzny audyt w urz\u0119dzie oraz toczy si\u0119 sprawa w prokuraturze po wycince drzew przy ulicy Modli\u0144skiej.<\/p>\n<p style=\"text-align: justify;\">Wi\u0119cej w materiale <a href=\"https:\/\/warszawa.tvp.pl\/34292313\/sprawa-wycinki-drzew-przy-modlinskiej\" target=\"_blank\" rel=\"noopener\">Telewizyjnego Kuriera Warszawskiego.<\/a><\/p>\n","protected":false},"excerpt":{"rendered":"<p>Cofni\u0119to upowa\u017cnienia dla naczelnika Wydzia\u0142u Konserwacji i \u015arodowiska w Urz\u0119dzie Dzielnicy Bia\u0142o\u0142\u0119ka. Trwa wewn\u0119trzny audyt w urz\u0119dzie oraz toczy si\u0119 sprawa w prokuraturze po wycince drzew przy ulicy Modli\u0144skiej. Wi\u0119cej w materiale Telewizyjnego Kuriera Warszawskiego.<\/p>\n","protected":false},"author":2,"featured_media":2726,"comment_status":"closed","ping_status":"closed","sticky":false,"template":"","format":"standard","meta":{"ngg_post_thumbnail":0,"footnotes":""},"categories":[28],"tags":[],"class_list":["post-2725","post","type-post","status-publish","format-standard","has-post-thumbnail","hentry","category-ochrona-srodowiska"],"_links":{"self":[{"href":"https:\/\/razemdlabialoleki.waw.pl\/index.php?rest_route=\/wp\/v2\/posts\/2725","targetHints":{"allow":["GET"]}}],"collection":[{"href":"https:\/\/razemdlabialoleki.waw.pl\/index.php?rest_route=\/wp\/v2\/posts"}],"about":[{"href":"https:\/\/razemdlabialoleki.waw.pl\/index.php?rest_route=\/wp\/v2\/types\/post"}],"author":[{"embeddable":true,"href":"https:\/\/razemdlabialoleki.waw.pl\/index.php?rest_route=\/wp\/v2\/users\/2"}],"replies":[{"embeddable":true,"href":"https:\/\/razemdlabialoleki.waw.pl\/index.php?rest_route=%2Fwp%2Fv2%2Fcomments&post=2725"}],"version-history":[{"count":2,"href":"https:\/\/razemdlabialoleki.waw.pl\/index.php?rest_route=\/wp\/v2\/posts\/2725\/revisions"}],"predecessor-version":[{"id":2728,"href":"https:\/\/razemdlabialoleki.waw.pl\/index.php?rest_route=\/wp\/v2\/posts\/2725\/revisions\/2728"}],"wp:featuredmedia":[{"embeddable":true,"href":"https:\/\/razemdlabialoleki.waw.pl\/index.php?rest_route=\/wp\/v2\/media\/2726"}],"wp:attachment":[{"href":"https:\/\/razemdlabialoleki.waw.pl\/index.php?rest_route=%2Fwp%2Fv2%2Fmedia&parent=2725"}],"wp:term":[{"taxonomy":"category","embeddable":true,"href":"https:\/\/razemdlabialoleki.waw.pl\/index.php?rest_route=%2Fwp%2Fv2%2Fcategories&post=2725"},{"taxonomy":"post_tag","embeddable":true,"href":"https:\/\/razemdlabialoleki.waw.pl\/index.php?rest_route=%2Fwp%2Fv2%2Ftags&post=2725"}],"curies":[{"name":"wp","href":"https:\/\/api.w.org\/{rel}","templated":true}]}}