{"id":256,"date":"2016-07-07T19:44:13","date_gmt":"2016-07-07T19:44:13","guid":{"rendered":"http:\/\/razemdlabialoleki.waw.pl\/?p=256"},"modified":"2024-01-14T15:26:37","modified_gmt":"2024-01-14T14:26:37","slug":"101-na-mysliborskiej-jedyna-szansa-na-uratowanie-linii","status":"publish","type":"post","link":"https:\/\/razemdlabialoleki.waw.pl\/?p=256","title":{"rendered":"101 na My\u015bliborskiej. Jedyna szansa na uratowanie linii? Petycja."},"content":{"rendered":"<p style=\"text-align: justify;\">Z chwil\u0105 podj\u0119cia decyzji o budowie tramwaju na Tarchomin i do Winnicy los linii autobusowych dowo\u017c\u0105cych mieszka\u0144c\u00f3w do metra zosta\u0142 przes\u0105dzony. Linie te ulegn\u0105 likwidacji. Dlatego nasze stowarzyszenie zbiera podpisy pod petycj\u0105 \u017ceby uratowa\u0107 lini\u0119 101.<!--more-->Urz\u0119dnicy Zarz\u0105du Transportu Miejskiego niech\u0119tnie m\u00f3wili o tym fakcie na pocz\u0105tku inwestycji, ale z biegiem czasu, gdy tramwaj na Tarchomin by\u0142 budowany, coraz cz\u0119\u015bciej przekazywane by\u0142y takie informacje. Po oddaniu do u\u017cytku trasy M\u0142ociny &#8211; Tarchomin Ko\u015bcielny zlikwidowano lini\u0119 E-4, a w kolejnych miesi\u0105cach rozrzedzono kursowanie linii 101 i przy okazji do jej obs\u0142ugi skierowano kr\u00f3tkie autobusy. Linia E-8 kursowa\u0142a w miar\u0119 bez zmian. Rozpocz\u0119te przed\u0142u\u017cenie tor\u00f3w tramwajowych do Nowodwor\u00f3w spowodowa\u0142o, \u017ce kwesti\u0105 czasu jest likwidacja E-8 oraz prawdopodobnie 101, jako \u017ce obecne trasy tych autobus\u00f3w pokryj\u0105 si\u0119 z tras\u0105 tramwaju.<\/p>\n<p class=\"par\" style=\"text-align: justify;\">Jest jednak szansa na uratowanie linii 101 przed likwidacj\u0105. Pierwszy argument, to przystanek Prozy na \u017c\u0105danie, kt\u00f3rego nie ma tramwaj. Z przystanku tego korzystaj\u0105 pasa\u017cerowie, cho\u0107 jest ich niewielka liczba. Drugi argument to mo\u017cliwo\u015b\u0107 zmiany trasy linii 101.<\/p>\n<p class=\"par\" style=\"text-align: justify;\">Ju\u017c podczas budowy, gdy zamkni\u0119te b\u0119d\u0105 skrzy\u017cowania ul. \u015awiatowida z ulicami Stefanika i Ordon\u00f3wny, linie autobusowe z p\u0119tli Nowodwory do metra (E-8 i 101) b\u0119d\u0105 je\u017adzi\u0107 ulicami \u015awiatowida, Dzierzgo\u0144sk\u0105, Odkryt\u0105, Mehoffera i dalej \u015awiatowida do metra. Tak zapewne b\u0119d\u0105 je\u017adzi\u0107 i inne linie: 126, 186, 509 i 518. Linia 211 prawdopodobnie b\u0119dzie je\u017adzi\u0107 ul. Strumykow\u0105 przy budynkach z adresem Strumykowa 40.<\/p>\n<p class=\"par\" style=\"text-align: justify;\">Po zako\u0144czeniu przebudowy skrzy\u017cowa\u0144 autobusy wr\u00f3c\u0105 na swoje podstawowe trasy, w tym 101, dla kt\u00f3rej do ZTM wnioskowa\u0142em ju\u017c o zmian\u0119 trasy z trasy wzd\u0142u\u017c ul. \u015awiatowida na tras\u0119: Nowodwory &#8211; \u015awiatowida &#8211; Dzierzgo\u0144ska &#8211; Odkryta &#8211; Stefanika &#8211; Strumykowa &#8211; My\u015bliborska &#8211; \u0106mielowska &#8211; Milenijna &#8211; \u015awiatowida &#8211; Modli\u0144ska &#8211; Trasa Mostu P\u00f3\u0142nocnej &#8211; metro M\u0142ociny. W mojej ocenie taka trasa wzmocni\u0142aby obecn\u0105 obs\u0142ug\u0119 autobusow\u0105 na ul. Odkrytej, wprowadzi\u0142a autobus na ulice Strumykow\u0105 &#8211; My\u015bliborsk\u0105, przy kt\u00f3rej w ci\u0105gu ostatnich sze\u015bciu lat pobudowane zosta\u0142y nowe budynki i mieszka\u0144cy maj\u0105 daleko do komunikacji miejskiej. Ponadto nowe 101 zapewni\u0142oby bezpo\u015brednie po\u0142\u0105czenie z metrem dla rejonu ulic \u0106mielowskiej i Milenijnej oraz dow\u00f3z uczni\u00f3w z okolic ul. Strumykowej do szko\u0142y przy ul. Ceramicznej (zabudowa po\u0142udniowej cz\u0119\u015bci ul. Strumykowej ma rejon szkolny na Ceramicznej). Taka trasa, nie dubluj\u0105ca trasy tramwaju, pozwoli\u0142aby zachowa\u0107 lini\u0119 101 od likwidacji.<\/p>\n<p class=\"par\" style=\"text-align: justify;\">Dla linii ekspresowej, kt\u00f3ra ma z za\u0142o\u017cenia \u0142\u0105czy\u0107 osiedla mieszkaniowe jak najkr\u00f3tsz\u0105 tras\u0105 do metra, taka zmiana by\u0142aby bardzo trudna do przeprowadzenia i tym samym jej dni s\u0105 policzone.<\/p>\n<p class=\"par\" style=\"text-align: justify;\">Zach\u0119cam do wyra\u017cania w\u0142asnych opinii dotycz\u0105cych funkcjonowania komunikacji autobusowej po przed\u0142u\u017ceniu tramwaju do Nowodwor\u00f3w.<\/p>\n<p class=\"par\" style=\"text-align: justify;\"><strong>Poni\u017cej link do petycji ws utrzymania linii 101 wraz ze zmian\u0105 jej przebiegu.<\/strong><\/p>\n<p style=\"text-align: justify;\"><strong><a href=\"http:\/\/www.petycjeonline.com\/zmiana_przebiegu_linii_autobusowej_101\">http:\/\/www.petycjeonline.com\/zmiana_przebiegu_linii_autobusowej_101<\/a><\/strong><\/p>\n<p class=\"par\"><strong>Wojciech Tumasz<\/strong><br \/>\n<strong> Radny Dzielnicy Bia\u0142o\u0142\u0119ka<\/strong><br \/>\n<strong> Stowarzyszenie Razem dla Bia\u0142o\u0142\u0119ki<\/strong><br \/>\nwojtum@gazeta.pl<\/p>\n","protected":false},"excerpt":{"rendered":"<p>Z chwil\u0105 podj\u0119cia decyzji o budowie tramwaju na Tarchomin i do Winnicy los linii autobusowych dowo\u017c\u0105cych mieszka\u0144c\u00f3w do metra zosta\u0142 przes\u0105dzony. Linie te ulegn\u0105 likwidacji. Dlatego nasze stowarzyszenie zbiera podpisy pod petycj\u0105 \u017ceby uratowa\u0107 lini\u0119 101.<\/p>\n","protected":false},"author":2,"featured_media":259,"comment_status":"closed","ping_status":"closed","sticky":false,"template":"","format":"standard","meta":{"ngg_post_thumbnail":0,"footnotes":""},"categories":[10,30],"tags":[],"class_list":["post-256","post","type-post","status-publish","format-standard","has-post-thumbnail","hentry","category-akcja-spoleczna","category-komunikacja"],"_links":{"self":[{"href":"https:\/\/razemdlabialoleki.waw.pl\/index.php?rest_route=\/wp\/v2\/posts\/256","targetHints":{"allow":["GET"]}}],"collection":[{"href":"https:\/\/razemdlabialoleki.waw.pl\/index.php?rest_route=\/wp\/v2\/posts"}],"about":[{"href":"https:\/\/razemdlabialoleki.waw.pl\/index.php?rest_route=\/wp\/v2\/types\/post"}],"author":[{"embeddable":true,"href":"https:\/\/razemdlabialoleki.waw.pl\/index.php?rest_route=\/wp\/v2\/users\/2"}],"replies":[{"embeddable":true,"href":"https:\/\/razemdlabialoleki.waw.pl\/index.php?rest_route=%2Fwp%2Fv2%2Fcomments&post=256"}],"version-history":[{"count":6,"href":"https:\/\/razemdlabialoleki.waw.pl\/index.php?rest_route=\/wp\/v2\/posts\/256\/revisions"}],"predecessor-version":[{"id":583,"href":"https:\/\/razemdlabialoleki.waw.pl\/index.php?rest_route=\/wp\/v2\/posts\/256\/revisions\/583"}],"wp:featuredmedia":[{"embeddable":true,"href":"https:\/\/razemdlabialoleki.waw.pl\/index.php?rest_route=\/wp\/v2\/media\/259"}],"wp:attachment":[{"href":"https:\/\/razemdlabialoleki.waw.pl\/index.php?rest_route=%2Fwp%2Fv2%2Fmedia&parent=256"}],"wp:term":[{"taxonomy":"category","embeddable":true,"href":"https:\/\/razemdlabialoleki.waw.pl\/index.php?rest_route=%2Fwp%2Fv2%2Fcategories&post=256"},{"taxonomy":"post_tag","embeddable":true,"href":"https:\/\/razemdlabialoleki.waw.pl\/index.php?rest_route=%2Fwp%2Fv2%2Ftags&post=256"}],"curies":[{"name":"wp","href":"https:\/\/api.w.org\/{rel}","templated":true}]}}