{"id":2540,"date":"2017-08-10T20:25:52","date_gmt":"2017-08-10T20:25:52","guid":{"rendered":"http:\/\/razemdlabialoleki.waw.pl\/?p=2540"},"modified":"2024-01-14T14:48:24","modified_gmt":"2024-01-14T13:48:24","slug":"port-zeranski","status":"publish","type":"post","link":"https:\/\/razemdlabialoleki.waw.pl\/?p=2540","title":{"rendered":"Port \u017bera\u0144ski"},"content":{"rendered":"<p><strong>Podczas dzia\u0142a\u0144 proekologicznych, maj\u0105cych doprowadzi\u0107 do zachowania zielonego klimatu Bia\u0142o\u0142\u0119ki, pojawia si\u0119 kolejny du\u017cy problem \u2013 zanieczyszczenia w Porcie \u017bera\u0144skim. O tym do tej pory, poza mieszka\u0144cami, nikt g\u0142o\u015bno nie m\u00f3wi\u0142\u2026<\/strong><!--more--><\/p>\n<p>Od lat w Porcie \u017bera\u0144skim funkcjonuj\u0105 dwie firmy, kt\u00f3re zajmuj\u0105 si\u0119 m.in. z\u0142omem i materia\u0142ami odpadowymi, a jedna z nich sprzedaje tak\u017ce paliwa do pojazd\u00f3w silnikowych. Takie informacje znajdziemy w KRS. Firmy te dzia\u0142aj\u0105 zgodnie z prawem, maj\u0105 wszelkie potrzebne pozwolenia i decyzje.<\/p>\n<p>Niestety, obok terenu obu zak\u0142ad\u00f3w, pojawi\u0142y si\u0119 dzikie wysypiska, a co gorsze, zdaniem mieszka\u0144c\u00f3w, powsta\u0142a prawdziwa zlewnia zu\u017cytego oleju silnikowego.<\/p>\n<p><em>&#8211; Wielokrotnie problem zg\u0142aszali\u015bmy do stra\u017cy miejskiej czy policji. Do tej pory jednak nie uda\u0142o si\u0119 nikomu udowodni\u0107, \u017ce to te dwie firmy doprowadzaj\u0105 do degradacji \u015brodowiska w Porcie \u017bera\u0144skim. Biuro Ochrony \u015arodowiska po kontroli potwierdzi\u0142o, \u017ce tren wok\u00f3\u0142 dzia\u0142ki nr 29 sukcesywnie zape\u0142nia si\u0119 pryzmami gruzu, odpad\u00f3w budowlanych i komunalnych, kt\u00f3re wr\u0119cz przesypuj\u0105 si\u0119 przez ogrodzenie <\/em>\u2013 m\u00f3wi mieszkaniec \u017berania.<\/p>\n<p>Podkre\u015bla, te\u017c \u017ce zwa\u0142y odpad\u00f3w to nie wszystko. Katastrofalne w skutkach mo\u017ce si\u0119 okaza\u0107 zlewanie zu\u017cytego oleju do gruntu.<\/p>\n<p><em>&#8211; Przed wjazdem n ten teren funkcjonuje dzika zlewnia oleju w formie pozosta\u0142o\u015bci po kanale do serwisowania samochod\u00f3w, gdzie znaczne ilo\u015bci przepracowanego oleju trafiaj\u0105 do gleby.<\/em><\/p>\n<p><em>Podobnie jest na dzia\u0142ce nieopodal. To, jak nie trudno si\u0119 domy\u015bli\u0107, mo\u017ce doprowadzi\u0107 za jaki\u015b czas do katastrofy ekologicznej w tym rejonie.<\/em><\/p>\n<p>Poniewa\u017c kontrole urz\u0119dnik\u00f3w nie wykaza\u0142y wszelkich narusze\u0144 prawa, pojawi\u0142 si\u0119 inny pomys\u0142 rozwi\u0105zania problemu \u2013 badanie ska\u017cenia gruntu, kt\u00f3re potwierdzi lub jednoznacznie rozwieje w\u0105tpliwo\u015bci, czy problem jest, czy mieszka\u0144cy go wyolbrzymiaj\u0105.<\/p>\n<p>O przeprowadzenie takich bada\u0144 wyst\u0105pi\u0142o Stowarzyszenie Razem dla Bia\u0142o\u0142\u0119ki, kt\u00f3re w podobny spos\u00f3b pr\u00f3buje upora\u0107 si\u0119 z patow\u0105 sytuacj\u0105 na Zarzeczu. Niezorientowanym w temacie przypominamy: Zarzecze to uliczka biegn\u0105ca przy Kanale \u017bera\u0144skim. Tam jedna po drugiej otwieraj\u0105 si\u0119 firmy zajmuj\u0105ce si\u0119 przetwarzaniem odpad\u00f3w. Potworny smr\u00f3d z tych zak\u0142ad\u00f3w uniemo\u017cliwia \u017cycie mieszka\u0144com.<\/p>\n<p><em>&#8211; Mamy ju\u017c decyzj\u0119 WIO\u015a o przeprowadzeniu bada\u0144 wody i gruntu. Niestety, jeste\u015bmy pewnie, \u017ce wyniki nie b\u0119d\u0105 zadowalaj\u0105ce. To jednak da nam mo\u017cliwo\u015bci walki o popraw\u0119 jako\u015bci \u017cycia mieszka\u0144c\u00f3w Zarzecza. Do tej pory kontrole (oczywi\u015bcie zapowiadane \u2013 zgodnie z przepisami) nie wykazywa\u0142y \u017cadnych nieprawid\u0142owo\u015bci. Mamy nadziej\u0119, \u017ce podobnie jak w sprawie Zarzecza i w przypadku Portu \u017bera\u0144skiego Inspektorat przychyli si\u0119 do naszego wniosku<\/em> \u2013 m\u00f3wi dzielnicowa radna Mariola Olszewska ze Stowarzyszenia Razem dla Bia\u0142o\u0142\u0119ki i podkre\u015bla, \u017ce przy powstaj\u0105cych, jak grzyby po deszczu, blokowiskach wszyscy powinni walczy\u0107 o ka\u017cdy zielony zak\u0105tek w mie\u015bcie.<\/p>\n<p>Link do <a href=\"http:\/\/mieszkaniec.pl\/Archiwum\/PDF\/2017\/15.pdf\" target=\"_blank\" rel=\"noopener\">tekstu.<\/a><\/p>\n<p><img loading=\"lazy\" decoding=\"async\" src=\"http:\/\/razemdlabialoleki.waw.pl\/wp-content\/uploads\/2017\/08\/1.jpg\" alt=\"\" width=\"813\" height=\"155\" class=\"aligncenter size-full wp-image-2541\" srcset=\"https:\/\/razemdlabialoleki.waw.pl\/wp-content\/uploads\/2017\/08\/1.jpg 813w, https:\/\/razemdlabialoleki.waw.pl\/wp-content\/uploads\/2017\/08\/1-300x57.jpg 300w, https:\/\/razemdlabialoleki.waw.pl\/wp-content\/uploads\/2017\/08\/1-768x146.jpg 768w\" sizes=\"auto, (max-width: 813px) 100vw, 813px\" \/><\/p>\n<p><img loading=\"lazy\" decoding=\"async\" src=\"http:\/\/razemdlabialoleki.waw.pl\/wp-content\/uploads\/2017\/08\/2.jpg\" alt=\"\" width=\"392\" height=\"574\" class=\"aligncenter size-full wp-image-2542\" srcset=\"https:\/\/razemdlabialoleki.waw.pl\/wp-content\/uploads\/2017\/08\/2.jpg 392w, https:\/\/razemdlabialoleki.waw.pl\/wp-content\/uploads\/2017\/08\/2-205x300.jpg 205w\" sizes=\"auto, (max-width: 392px) 100vw, 392px\" \/><\/p>\n","protected":false},"excerpt":{"rendered":"<p>Podczas dzia\u0142a\u0144 proekologicznych, maj\u0105cych doprowadzi\u0107 do zachowania zielonego klimatu Bia\u0142o\u0142\u0119ki, pojawia si\u0119 kolejny du\u017cy problem \u2013 zanieczyszczenia w Porcie \u017bera\u0144skim. O tym do tej pory, poza mieszka\u0144cami, nikt g\u0142o\u015bno nie m\u00f3wi\u0142\u2026<\/p>\n","protected":false},"author":2,"featured_media":2541,"comment_status":"closed","ping_status":"closed","sticky":false,"template":"","format":"standard","meta":{"ngg_post_thumbnail":0,"footnotes":""},"categories":[28],"tags":[],"class_list":["post-2540","post","type-post","status-publish","format-standard","has-post-thumbnail","hentry","category-ochrona-srodowiska"],"_links":{"self":[{"href":"https:\/\/razemdlabialoleki.waw.pl\/index.php?rest_route=\/wp\/v2\/posts\/2540","targetHints":{"allow":["GET"]}}],"collection":[{"href":"https:\/\/razemdlabialoleki.waw.pl\/index.php?rest_route=\/wp\/v2\/posts"}],"about":[{"href":"https:\/\/razemdlabialoleki.waw.pl\/index.php?rest_route=\/wp\/v2\/types\/post"}],"author":[{"embeddable":true,"href":"https:\/\/razemdlabialoleki.waw.pl\/index.php?rest_route=\/wp\/v2\/users\/2"}],"replies":[{"embeddable":true,"href":"https:\/\/razemdlabialoleki.waw.pl\/index.php?rest_route=%2Fwp%2Fv2%2Fcomments&post=2540"}],"version-history":[{"count":4,"href":"https:\/\/razemdlabialoleki.waw.pl\/index.php?rest_route=\/wp\/v2\/posts\/2540\/revisions"}],"predecessor-version":[{"id":20491,"href":"https:\/\/razemdlabialoleki.waw.pl\/index.php?rest_route=\/wp\/v2\/posts\/2540\/revisions\/20491"}],"wp:featuredmedia":[{"embeddable":true,"href":"https:\/\/razemdlabialoleki.waw.pl\/index.php?rest_route=\/wp\/v2\/media\/2541"}],"wp:attachment":[{"href":"https:\/\/razemdlabialoleki.waw.pl\/index.php?rest_route=%2Fwp%2Fv2%2Fmedia&parent=2540"}],"wp:term":[{"taxonomy":"category","embeddable":true,"href":"https:\/\/razemdlabialoleki.waw.pl\/index.php?rest_route=%2Fwp%2Fv2%2Fcategories&post=2540"},{"taxonomy":"post_tag","embeddable":true,"href":"https:\/\/razemdlabialoleki.waw.pl\/index.php?rest_route=%2Fwp%2Fv2%2Ftags&post=2540"}],"curies":[{"name":"wp","href":"https:\/\/api.w.org\/{rel}","templated":true}]}}