{"id":2514,"date":"2017-08-01T17:58:43","date_gmt":"2017-08-01T17:58:43","guid":{"rendered":"http:\/\/razemdlabialoleki.waw.pl\/?p=2514"},"modified":"2024-01-14T14:48:58","modified_gmt":"2024-01-14T13:48:58","slug":"godzina-w","status":"publish","type":"post","link":"https:\/\/razemdlabialoleki.waw.pl\/?p=2514","title":{"rendered":"Godzina &#8220;W&#8221;"},"content":{"rendered":"<p style=\"text-align: justify;\"><strong>W tym szczeg\u00f3lnym momencie cz\u0142onkowie naszego stowarzyszenia oddali cze\u015b\u0107 wszystkim uczestnikom Powstania Warszawskiego oraz z\u0142o\u017cyli wieniec na powsta\u0144czej kwaterze znajduj\u0105cej si\u0119 na Cmentarzu Tarchomi\u0144skim.<\/strong><\/p>\n<p style=\"text-align: justify;\"><strong>Cze\u015b\u0107 i Chwa\u0142a Bohaterom<\/strong><\/p>\n<p><img loading=\"lazy\" decoding=\"async\" src=\"http:\/\/razemdlabialoleki.waw.pl\/wp-content\/uploads\/2017\/08\/aaa.jpg\" alt=\"\" width=\"720\" height=\"960\" class=\"aligncenter size-full wp-image-2515\" srcset=\"https:\/\/razemdlabialoleki.waw.pl\/wp-content\/uploads\/2017\/08\/aaa.jpg 720w, https:\/\/razemdlabialoleki.waw.pl\/wp-content\/uploads\/2017\/08\/aaa-225x300.jpg 225w\" sizes=\"auto, (max-width: 720px) 100vw, 720px\" \/><\/p>\n<p><img loading=\"lazy\" decoding=\"async\" src=\"http:\/\/razemdlabialoleki.waw.pl\/wp-content\/uploads\/2017\/08\/aaaa.jpg\" alt=\"\" width=\"960\" height=\"720\" class=\"aligncenter size-full wp-image-2516\" srcset=\"https:\/\/razemdlabialoleki.waw.pl\/wp-content\/uploads\/2017\/08\/aaaa.jpg 960w, https:\/\/razemdlabialoleki.waw.pl\/wp-content\/uploads\/2017\/08\/aaaa-300x225.jpg 300w, https:\/\/razemdlabialoleki.waw.pl\/wp-content\/uploads\/2017\/08\/aaaa-768x576.jpg 768w\" sizes=\"auto, (max-width: 960px) 100vw, 960px\" \/><\/p>\n<p><img loading=\"lazy\" decoding=\"async\" src=\"http:\/\/razemdlabialoleki.waw.pl\/wp-content\/uploads\/2017\/08\/aaaaa.jpg\" alt=\"\" width=\"960\" height=\"720\" class=\"aligncenter size-full wp-image-2517\" srcset=\"https:\/\/razemdlabialoleki.waw.pl\/wp-content\/uploads\/2017\/08\/aaaaa.jpg 960w, https:\/\/razemdlabialoleki.waw.pl\/wp-content\/uploads\/2017\/08\/aaaaa-300x225.jpg 300w, https:\/\/razemdlabialoleki.waw.pl\/wp-content\/uploads\/2017\/08\/aaaaa-768x576.jpg 768w\" sizes=\"auto, (max-width: 960px) 100vw, 960px\" \/><\/p>\n<p><img loading=\"lazy\" decoding=\"async\" src=\"http:\/\/razemdlabialoleki.waw.pl\/wp-content\/uploads\/2017\/08\/aaaaaa.jpg\" alt=\"\" width=\"720\" height=\"960\" class=\"aligncenter size-full wp-image-2518\" srcset=\"https:\/\/razemdlabialoleki.waw.pl\/wp-content\/uploads\/2017\/08\/aaaaaa.jpg 720w, https:\/\/razemdlabialoleki.waw.pl\/wp-content\/uploads\/2017\/08\/aaaaaa-225x300.jpg 225w\" sizes=\"auto, (max-width: 720px) 100vw, 720px\" \/><\/p>\n","protected":false},"excerpt":{"rendered":"<p>W tym szczeg\u00f3lnym momencie cz\u0142onkowie naszego stowarzyszenia oddali cze\u015b\u0107 wszystkim uczestnikom Powstania Warszawskiego oraz z\u0142o\u017cyli wieniec na powsta\u0144czej kwaterze znajduj\u0105cej si\u0119 na Cmentarzu Tarchomi\u0144skim. Cze\u015b\u0107 i Chwa\u0142a Bohaterom<\/p>\n","protected":false},"author":2,"featured_media":2515,"comment_status":"closed","ping_status":"closed","sticky":false,"template":"","format":"standard","meta":{"ngg_post_thumbnail":0,"footnotes":""},"categories":[69],"tags":[],"class_list":["post-2514","post","type-post","status-publish","format-standard","has-post-thumbnail","hentry","category-historia"],"_links":{"self":[{"href":"https:\/\/razemdlabialoleki.waw.pl\/index.php?rest_route=\/wp\/v2\/posts\/2514","targetHints":{"allow":["GET"]}}],"collection":[{"href":"https:\/\/razemdlabialoleki.waw.pl\/index.php?rest_route=\/wp\/v2\/posts"}],"about":[{"href":"https:\/\/razemdlabialoleki.waw.pl\/index.php?rest_route=\/wp\/v2\/types\/post"}],"author":[{"embeddable":true,"href":"https:\/\/razemdlabialoleki.waw.pl\/index.php?rest_route=\/wp\/v2\/users\/2"}],"replies":[{"embeddable":true,"href":"https:\/\/razemdlabialoleki.waw.pl\/index.php?rest_route=%2Fwp%2Fv2%2Fcomments&post=2514"}],"version-history":[{"count":1,"href":"https:\/\/razemdlabialoleki.waw.pl\/index.php?rest_route=\/wp\/v2\/posts\/2514\/revisions"}],"predecessor-version":[{"id":2519,"href":"https:\/\/razemdlabialoleki.waw.pl\/index.php?rest_route=\/wp\/v2\/posts\/2514\/revisions\/2519"}],"wp:featuredmedia":[{"embeddable":true,"href":"https:\/\/razemdlabialoleki.waw.pl\/index.php?rest_route=\/wp\/v2\/media\/2515"}],"wp:attachment":[{"href":"https:\/\/razemdlabialoleki.waw.pl\/index.php?rest_route=%2Fwp%2Fv2%2Fmedia&parent=2514"}],"wp:term":[{"taxonomy":"category","embeddable":true,"href":"https:\/\/razemdlabialoleki.waw.pl\/index.php?rest_route=%2Fwp%2Fv2%2Fcategories&post=2514"},{"taxonomy":"post_tag","embeddable":true,"href":"https:\/\/razemdlabialoleki.waw.pl\/index.php?rest_route=%2Fwp%2Fv2%2Ftags&post=2514"}],"curies":[{"name":"wp","href":"https:\/\/api.w.org\/{rel}","templated":true}]}}