{"id":23226,"date":"2025-12-06T14:38:55","date_gmt":"2025-12-06T13:38:55","guid":{"rendered":"https:\/\/razemdlabialoleki.waw.pl\/?p=23226"},"modified":"2025-12-21T14:17:27","modified_gmt":"2025-12-21T13:17:27","slug":"parking-pkp-pludy","status":"publish","type":"post","link":"https:\/\/razemdlabialoleki.waw.pl\/?p=23226","title":{"rendered":"Parking PKP P\u0142udy"},"content":{"rendered":"<p style=\"text-align: justify;\">Parking przy stacji PKP P\u0142udy to prawdziwy w\u0119ze\u0142 gordyjski, w kt\u00f3rym ka\u017cdy trzyma sw\u00f3j koniec liny i czeka, a\u017c ten drugi pierwszy j\u0105 pu\u015bci.<\/p>\n<p style=\"text-align: justify;\">Z jednej strony Zarz\u0105d Transportu Miejskiego deklaruje, \u017ce ma ju\u017c gotow\u0105 koncepcj\u0119 zagospodarowania terenu i tylko czeka, a\u017c miasto uporz\u0105dkuje kwestie w\u0142asno\u015bciowe \u2014 wtedy mog\u0105 ruszy\u0107 z finansowaniem, projektowaniem i budow\u0105.<\/p>\n<p style=\"text-align: justify;\">Z drugiej strony PKP PLK przypomina, \u017ce to w\u0142a\u015bnie miasto mia\u0142o przedstawi\u0107 projekt porozumienia w sprawie przej\u0119cia infrastruktury drogowej, ale dokument do dzi\u015b nie dotar\u0142. Jednocze\u015bnie kolejarze pracuj\u0105 nad studium wykonalno\u015bci du\u017cej inwestycji torowej w rejonie P\u0142ud, wi\u0119c ewentualny parking musi by\u0107 skoordynowany z ich planami i wymaga wsp\u00f3\u0142pracy przy podziale nieruchomo\u015bci.<\/p>\n<p style=\"text-align: justify;\">Co wi\u0119c musi si\u0119 wydarzy\u0107, aby obie instytucje wreszcie zagra\u0142y do jednej bramki?<\/p>\n<p style=\"text-align: justify;\">\u27a1\ufe0f Przede wszystkim miasto musi przygotowa\u0107 i przekaza\u0107 projekt porozumienia, o kt\u00f3ry PLK prosi od 2022 roku;<br>\u27a1\ufe0f Potrzebne jest te\u017c r\u00f3wnoleg\u0142e uzgodnienie plan\u00f3w torowych z planem parkingu, aby inwestycje nie kolidowa\u0142y i mog\u0142y by\u0107 prowadzone w sp\u00f3jnej kolejno\u015bci;<br>\u27a1\ufe0f Gdy kwestie w\u0142asno\u015bciowe zostan\u0105 rozstrzygni\u0119te, Zarz\u0105d Transpotu Miejskiego b\u0119dzie m\u00f3g\u0142 formalnie wnioskowa\u0107 o \u015brodki i rozpocz\u0105\u0107 prace.<\/p>\n<p style=\"text-align: justify;\">Dopiero te trzy elementy \u2014 porozumienie, uzgodnienia techniczne i uporz\u0105dkowanie w\u0142asno\u015bci terenu \u2014 pozwol\u0105, by projekt parkingu przy PKP P\u0142udy wyszed\u0142 z papier\u00f3w i przeszed\u0142 do realizacji.<\/p>\n<p>Dariusz Olszewski<br>Radny Dzielnicy Bia\u0142o\u0142\u0119ki m. st. Warszawy<br>Klub Radnych Stowarzyszenie Razem dla Bia\u0142o\u0142\u0119ki<\/p>\n<p style=\"text-align: justify;\"><img loading=\"lazy\" decoding=\"async\" class=\"aligncenter size-full wp-image-23227\" src=\"http:\/\/razemdlabialoleki.waw.pl\/wp-content\/uploads\/2025\/12\/pkp_Pludy.jpg\" alt=\"\" width=\"2048\" height=\"946\" srcset=\"https:\/\/razemdlabialoleki.waw.pl\/wp-content\/uploads\/2025\/12\/pkp_Pludy.jpg 2048w, https:\/\/razemdlabialoleki.waw.pl\/wp-content\/uploads\/2025\/12\/pkp_Pludy-300x139.jpg 300w, https:\/\/razemdlabialoleki.waw.pl\/wp-content\/uploads\/2025\/12\/pkp_Pludy-1024x473.jpg 1024w, https:\/\/razemdlabialoleki.waw.pl\/wp-content\/uploads\/2025\/12\/pkp_Pludy-768x355.jpg 768w, https:\/\/razemdlabialoleki.waw.pl\/wp-content\/uploads\/2025\/12\/pkp_Pludy-1536x710.jpg 1536w\" sizes=\"auto, (max-width: 2048px) 100vw, 2048px\" \/><\/p>\n\n\n<p><\/p>\n","protected":false},"excerpt":{"rendered":"<p>Parking przy stacji PKP P\u0142udy to prawdziwy w\u0119ze\u0142 gordyjski, w kt\u00f3rym ka\u017cdy trzyma sw\u00f3j koniec liny i czeka, a\u017c ten drugi pierwszy j\u0105 pu\u015bci. Z jednej strony Zarz\u0105d Transportu Miejskiego deklaruje, \u017ce ma ju\u017c gotow\u0105 koncepcj\u0119 zagospodarowania terenu i tylko czeka, a\u017c miasto uporz\u0105dkuje kwestie w\u0142asno\u015bciowe \u2014 wtedy mog\u0105 ruszy\u0107 z finansowaniem, projektowaniem i budow\u0105. [&hellip;]<\/p>\n","protected":false},"author":2,"featured_media":23227,"comment_status":"closed","ping_status":"closed","sticky":false,"template":"","format":"standard","meta":{"ngg_post_thumbnail":0,"footnotes":""},"categories":[27,26,30],"tags":[],"class_list":["post-23226","post","type-post","status-publish","format-standard","has-post-thumbnail","hentry","category-inwestycje","category-klub-radnych","category-komunikacja"],"_links":{"self":[{"href":"https:\/\/razemdlabialoleki.waw.pl\/index.php?rest_route=\/wp\/v2\/posts\/23226","targetHints":{"allow":["GET"]}}],"collection":[{"href":"https:\/\/razemdlabialoleki.waw.pl\/index.php?rest_route=\/wp\/v2\/posts"}],"about":[{"href":"https:\/\/razemdlabialoleki.waw.pl\/index.php?rest_route=\/wp\/v2\/types\/post"}],"author":[{"embeddable":true,"href":"https:\/\/razemdlabialoleki.waw.pl\/index.php?rest_route=\/wp\/v2\/users\/2"}],"replies":[{"embeddable":true,"href":"https:\/\/razemdlabialoleki.waw.pl\/index.php?rest_route=%2Fwp%2Fv2%2Fcomments&post=23226"}],"version-history":[{"count":2,"href":"https:\/\/razemdlabialoleki.waw.pl\/index.php?rest_route=\/wp\/v2\/posts\/23226\/revisions"}],"predecessor-version":[{"id":23342,"href":"https:\/\/razemdlabialoleki.waw.pl\/index.php?rest_route=\/wp\/v2\/posts\/23226\/revisions\/23342"}],"wp:featuredmedia":[{"embeddable":true,"href":"https:\/\/razemdlabialoleki.waw.pl\/index.php?rest_route=\/wp\/v2\/media\/23227"}],"wp:attachment":[{"href":"https:\/\/razemdlabialoleki.waw.pl\/index.php?rest_route=%2Fwp%2Fv2%2Fmedia&parent=23226"}],"wp:term":[{"taxonomy":"category","embeddable":true,"href":"https:\/\/razemdlabialoleki.waw.pl\/index.php?rest_route=%2Fwp%2Fv2%2Fcategories&post=23226"},{"taxonomy":"post_tag","embeddable":true,"href":"https:\/\/razemdlabialoleki.waw.pl\/index.php?rest_route=%2Fwp%2Fv2%2Ftags&post=23226"}],"curies":[{"name":"wp","href":"https:\/\/api.w.org\/{rel}","templated":true}]}}