{"id":2260,"date":"2017-05-07T20:57:12","date_gmt":"2017-05-07T20:57:12","guid":{"rendered":"http:\/\/razemdlabialoleki.waw.pl\/?p=2260"},"modified":"2024-01-14T14:51:39","modified_gmt":"2024-01-14T13:51:39","slug":"odkryj-swoje-piekno-uwierz-w-siebie-3","status":"publish","type":"post","link":"https:\/\/razemdlabialoleki.waw.pl\/?p=2260","title":{"rendered":"Odkryj swoje pi\u0119kno, uwierz w siebie"},"content":{"rendered":"<p style=\"text-align: justify;\">W ramach zadania &#8220;Animacja \u017cycia kulturalnego oraz upowszechnianie kultury w r\u00f3\u017cnych dziedzinach i formach artystycznych, a tak\u017ce popularyzacja historii i dziedzictwa kulturowego wspieraj\u0105ce rozw\u00f3j i integruj\u0105ce \u015brodowisko lokalne Dzielnicy Bia\u0142o\u0142\u0119ka finansowanego ze \u015brodk\u00f3w publicznych&#8221;.<\/p>\n<p>Stowarzyszenie Razem dla Bia\u0142o\u0142\u0119ki zaprasza w dniach 20-21 maja br. na warsztaty wiza\u017cu i stylizacji pt. &#8220;Odkryj swoje pi\u0119kno, uwierz w siebie&#8221;.<\/p>\n<p>Zaj\u0119cia b\u0119d\u0105 podzielone na trzy bloki tematyczne:<\/p>\n<p><strong>SOBOTA 20 maja (sobota)<\/p>\n<p><\/strong><br \/>\n1. 10:00 &#8211; 13:15 Dob\u00f3r kolor\u00f3w do typu urody &#8211; analiza kolorystyczna (3 godziny);<\/p>\n<p>2. 13:45 &#8211; 17:00 Warsztaty makija\u017cu (3 godziny);<\/p>\n<p><strong>NIEDZIELA 21 maja (niedziela)<\/p>\n<p><\/strong><br \/>\n3. 10:00 &#8211; 14:30 Analiza sylwetki, dob\u00f3r garderoby, style w ubieraniu si\u0119, kreowanie w\u0142asnego stylu (4 godziny).<\/p>\n<p>Mo\u017cna zapisa\u0107 si\u0119 na ca\u0142y warsztat lub na jedn\u0105 cz\u0119\u015b\u0107.<\/p>\n<p>Zg\u0142oszenia na warsztaty w terminie 20-21.05 zosta\u0142y zamkni\u0119te. Kolejne ju\u017c 10-11 06. zapisy rusz\u0105 29 maja. Zapraszamy do \u015bledzenia naszej strony. <\/p>\n<p>Kontakt: Izabella Adamczewska tel. 602 476 323<\/p>\n","protected":false},"excerpt":{"rendered":"<p>W ramach zadania &#8220;Animacja \u017cycia kulturalnego oraz upowszechnianie kultury w r\u00f3\u017cnych dziedzinach i formach artystycznych, a tak\u017ce popularyzacja historii i dziedzictwa kulturowego wspieraj\u0105ce rozw\u00f3j i integruj\u0105ce \u015brodowisko lokalne Dzielnicy Bia\u0142o\u0142\u0119ka finansowanego ze \u015brodk\u00f3w publicznych&#8221;. Stowarzyszenie Razem dla Bia\u0142o\u0142\u0119ki zaprasza w dniach 20-21 maja br. na warsztaty wiza\u017cu i stylizacji pt. &#8220;Odkryj swoje pi\u0119kno, uwierz w [&hellip;]<\/p>\n","protected":false},"author":2,"featured_media":1885,"comment_status":"closed","ping_status":"closed","sticky":false,"template":"","format":"standard","meta":{"ngg_post_thumbnail":0,"footnotes":""},"categories":[14],"tags":[],"class_list":["post-2260","post","type-post","status-publish","format-standard","has-post-thumbnail","hentry","category-kobiety-razem-dla-bialoleki"],"_links":{"self":[{"href":"https:\/\/razemdlabialoleki.waw.pl\/index.php?rest_route=\/wp\/v2\/posts\/2260","targetHints":{"allow":["GET"]}}],"collection":[{"href":"https:\/\/razemdlabialoleki.waw.pl\/index.php?rest_route=\/wp\/v2\/posts"}],"about":[{"href":"https:\/\/razemdlabialoleki.waw.pl\/index.php?rest_route=\/wp\/v2\/types\/post"}],"author":[{"embeddable":true,"href":"https:\/\/razemdlabialoleki.waw.pl\/index.php?rest_route=\/wp\/v2\/users\/2"}],"replies":[{"embeddable":true,"href":"https:\/\/razemdlabialoleki.waw.pl\/index.php?rest_route=%2Fwp%2Fv2%2Fcomments&post=2260"}],"version-history":[{"count":6,"href":"https:\/\/razemdlabialoleki.waw.pl\/index.php?rest_route=\/wp\/v2\/posts\/2260\/revisions"}],"predecessor-version":[{"id":2272,"href":"https:\/\/razemdlabialoleki.waw.pl\/index.php?rest_route=\/wp\/v2\/posts\/2260\/revisions\/2272"}],"wp:featuredmedia":[{"embeddable":true,"href":"https:\/\/razemdlabialoleki.waw.pl\/index.php?rest_route=\/wp\/v2\/media\/1885"}],"wp:attachment":[{"href":"https:\/\/razemdlabialoleki.waw.pl\/index.php?rest_route=%2Fwp%2Fv2%2Fmedia&parent=2260"}],"wp:term":[{"taxonomy":"category","embeddable":true,"href":"https:\/\/razemdlabialoleki.waw.pl\/index.php?rest_route=%2Fwp%2Fv2%2Fcategories&post=2260"},{"taxonomy":"post_tag","embeddable":true,"href":"https:\/\/razemdlabialoleki.waw.pl\/index.php?rest_route=%2Fwp%2Fv2%2Ftags&post=2260"}],"curies":[{"name":"wp","href":"https:\/\/api.w.org\/{rel}","templated":true}]}}