{"id":2256,"date":"2017-05-03T08:27:26","date_gmt":"2017-05-03T08:27:26","guid":{"rendered":"http:\/\/razemdlabialoleki.waw.pl\/?p=2256"},"modified":"2024-01-14T14:51:45","modified_gmt":"2024-01-14T13:51:45","slug":"zdziarska-kiedy-rozpocznie-sie-modernizacja-ulicy","status":"publish","type":"post","link":"https:\/\/razemdlabialoleki.waw.pl\/?p=2256","title":{"rendered":"Zdziarska &#8211; kiedy rozpocznie si\u0119 modernizacja ulicy?"},"content":{"rendered":"<div id=\"js_7if\" class=\"_5pbx userContent\" data-ft=\"{&quot;tn&quot;:&quot;K&quot;}\">\n<p style=\"text-align: justify;\">&#8211; Polska Sp\u00f3\u0142ka Gazownictwa zapowiada, \u017ce prace projektowe gazoci\u0105gu, kt\u00f3ry ma doprowadzi\u0107 gaz do planowanej szko\u0142y przy ul. Verdiego zako\u0144cz\u0105 si\u0119 lipcu 2017 r. Jest to o tyle istotne, \u017ce projekt ten nale\u017cy do\u0142\u0105czy\u0107 do dokumentacji projektowej inwestycji. Kolejna sprawa to prze\u0142o\u017cenie i modernizacja infrastruktury b\u0119d\u0105cej w zarz\u0105dzie MPWiK, tu z kolei musi doj\u015b\u0107 do porozumienia. Nale\u017cy uzgodni\u0107 zakres partycypacji stron w inwestycji, nie m\u00f3wi\u0105c ju\u017c o wypracowaniu formu\u0142y wsp\u00f3\u0142uczestnictwa w inwestycji. Mo\u017cna zada\u0107 pytanie: czy nie mo\u017cna by\u0142o wcze\u015bniej rozwi\u0105za\u0107 tych kwestii? W chwili obecnej, tak naprawd\u0119 nie wiemy, kiedy wydane b\u0119dzie pozwolenie na budow\u0119. Zapowiadany wyb\u00f3r wykonawcy do ko\u0144ca czerwca w mojej ocenie jest nierealny &#8211; t\u0142umaczy radna <a class=\"profileLink\" href=\"https:\/\/www.facebook.com\/profile.php?id=100007681097999\" data-hovercard=\"\/ajax\/hovercard\/user.php?id=100007681097999\" data-hovercard-prefer-more-content-show=\"1\">Mariola Olszewska<\/a><\/p>\n<p style=\"text-align: justify;\"><a href=\"http:\/\/ibialoleka.pl\/artykul\/psg-i-mpwik-o-swoich\/237059\" target=\"_blank\" rel=\"noopener noreferrer\">ibialoleka.pl<\/a> o ul. Zdziarskiej.<\/p>\n<p><em>Foto: ibialoleka.pl<\/em><\/p>\n","protected":false},"excerpt":{"rendered":"<p>&#8211; Polska Sp\u00f3\u0142ka Gazownictwa zapowiada, \u017ce prace projektowe gazoci\u0105gu, kt\u00f3ry ma doprowadzi\u0107 gaz do planowanej szko\u0142y przy ul. Verdiego zako\u0144cz\u0105 si\u0119 lipcu 2017 r. Jest to o tyle istotne, \u017ce projekt ten nale\u017cy do\u0142\u0105czy\u0107 do dokumentacji projektowej inwestycji. Kolejna sprawa to prze\u0142o\u017cenie i modernizacja infrastruktury b\u0119d\u0105cej w zarz\u0105dzie MPWiK, tu z kolei musi doj\u015b\u0107 do [&hellip;]<\/p>\n","protected":false},"author":2,"featured_media":2258,"comment_status":"closed","ping_status":"closed","sticky":false,"template":"","format":"standard","meta":{"ngg_post_thumbnail":0,"footnotes":""},"categories":[27],"tags":[],"class_list":["post-2256","post","type-post","status-publish","format-standard","has-post-thumbnail","hentry","category-inwestycje"],"_links":{"self":[{"href":"https:\/\/razemdlabialoleki.waw.pl\/index.php?rest_route=\/wp\/v2\/posts\/2256","targetHints":{"allow":["GET"]}}],"collection":[{"href":"https:\/\/razemdlabialoleki.waw.pl\/index.php?rest_route=\/wp\/v2\/posts"}],"about":[{"href":"https:\/\/razemdlabialoleki.waw.pl\/index.php?rest_route=\/wp\/v2\/types\/post"}],"author":[{"embeddable":true,"href":"https:\/\/razemdlabialoleki.waw.pl\/index.php?rest_route=\/wp\/v2\/users\/2"}],"replies":[{"embeddable":true,"href":"https:\/\/razemdlabialoleki.waw.pl\/index.php?rest_route=%2Fwp%2Fv2%2Fcomments&post=2256"}],"version-history":[{"count":2,"href":"https:\/\/razemdlabialoleki.waw.pl\/index.php?rest_route=\/wp\/v2\/posts\/2256\/revisions"}],"predecessor-version":[{"id":2259,"href":"https:\/\/razemdlabialoleki.waw.pl\/index.php?rest_route=\/wp\/v2\/posts\/2256\/revisions\/2259"}],"wp:featuredmedia":[{"embeddable":true,"href":"https:\/\/razemdlabialoleki.waw.pl\/index.php?rest_route=\/wp\/v2\/media\/2258"}],"wp:attachment":[{"href":"https:\/\/razemdlabialoleki.waw.pl\/index.php?rest_route=%2Fwp%2Fv2%2Fmedia&parent=2256"}],"wp:term":[{"taxonomy":"category","embeddable":true,"href":"https:\/\/razemdlabialoleki.waw.pl\/index.php?rest_route=%2Fwp%2Fv2%2Fcategories&post=2256"},{"taxonomy":"post_tag","embeddable":true,"href":"https:\/\/razemdlabialoleki.waw.pl\/index.php?rest_route=%2Fwp%2Fv2%2Ftags&post=2256"}],"curies":[{"name":"wp","href":"https:\/\/api.w.org\/{rel}","templated":true}]}}