{"id":2209,"date":"2017-05-03T08:13:18","date_gmt":"2017-05-03T08:13:18","guid":{"rendered":"http:\/\/razemdlabialoleki.waw.pl\/?p=2209"},"modified":"2024-01-14T14:52:22","modified_gmt":"2024-01-14T13:52:22","slug":"zarzecze-punkt-odzysku-odpadow","status":"publish","type":"post","link":"https:\/\/razemdlabialoleki.waw.pl\/?p=2209","title":{"rendered":"Zarzecze &#8211; punkt odzysku odpad\u00f3w?"},"content":{"rendered":"<p>Obecno\u015b\u0107 firm, kt\u00f3rych celem jest gospodarka odpadami w bliskim s\u0105siedztwie osiedli mieszkaniowych jest niezasadna ze wzgl\u0119du na towarzysz\u0105ce im uci\u0105\u017cliwo\u015bci zapachowe. W swoich dzia\u0142aniach wspieramy mieszka\u0144c\u00f3w, kt\u00f3rzy od lat interweniuj\u0105 do w\u0142odarzy miasta, jak r\u00f3wnie\u017c Dzielnicy Bia\u0142o\u0142\u0119ka, protestuj\u0105c przeciwko takim inwestycjom w swojej okolicy.<\/p>\n<p>Niepokoi nas fakt, ze nasza dzielnica staje si\u0119 miejscem sk\u0142adowania \u015bmieci i nieczysto\u015bci. Liczymy, \u017ce decydenci wys\u0142uchaj\u0105 g\u0142osu mieszka\u0144c\u00f3w i b\u0119d\u0105 podejmowa\u0107 kolejne kroki by zatrzyma\u0107 ekspansj\u0119 niechcianych przez mieszka\u0144c\u00f3w sk\u0142adowisk odpad\u00f3w.<\/p>\n<p><img loading=\"lazy\" decoding=\"async\" src=\"http:\/\/razemdlabialoleki.waw.pl\/wp-content\/uploads\/2017\/05\/1.jpg\" alt=\"\" width=\"673\" height=\"960\" class=\"aligncenter size-full wp-image-2210\" srcset=\"https:\/\/razemdlabialoleki.waw.pl\/wp-content\/uploads\/2017\/05\/1.jpg 673w, https:\/\/razemdlabialoleki.waw.pl\/wp-content\/uploads\/2017\/05\/1-210x300.jpg 210w\" sizes=\"auto, (max-width: 673px) 100vw, 673px\" \/><\/p>\n<p><img loading=\"lazy\" decoding=\"async\" src=\"http:\/\/razemdlabialoleki.waw.pl\/wp-content\/uploads\/2017\/05\/2.jpg\" alt=\"\" width=\"678\" height=\"960\" class=\"aligncenter size-full wp-image-2211\" srcset=\"https:\/\/razemdlabialoleki.waw.pl\/wp-content\/uploads\/2017\/05\/2.jpg 678w, https:\/\/razemdlabialoleki.waw.pl\/wp-content\/uploads\/2017\/05\/2-212x300.jpg 212w\" sizes=\"auto, (max-width: 678px) 100vw, 678px\" \/><\/p>\n","protected":false},"excerpt":{"rendered":"<p>Obecno\u015b\u0107 firm, kt\u00f3rych celem jest gospodarka odpadami w bliskim s\u0105siedztwie osiedli mieszkaniowych jest niezasadna ze wzgl\u0119du na towarzysz\u0105ce im uci\u0105\u017cliwo\u015bci zapachowe. W swoich dzia\u0142aniach wspieramy mieszka\u0144c\u00f3w, kt\u00f3rzy od lat interweniuj\u0105 do w\u0142odarzy miasta, jak r\u00f3wnie\u017c Dzielnicy Bia\u0142o\u0142\u0119ka, protestuj\u0105c przeciwko takim inwestycjom w swojej okolicy. Niepokoi nas fakt, ze nasza dzielnica staje si\u0119 miejscem sk\u0142adowania \u015bmieci [&hellip;]<\/p>\n","protected":false},"author":2,"featured_media":1111,"comment_status":"closed","ping_status":"closed","sticky":false,"template":"","format":"standard","meta":{"ngg_post_thumbnail":0,"footnotes":""},"categories":[28],"tags":[],"class_list":["post-2209","post","type-post","status-publish","format-standard","has-post-thumbnail","hentry","category-ochrona-srodowiska"],"_links":{"self":[{"href":"https:\/\/razemdlabialoleki.waw.pl\/index.php?rest_route=\/wp\/v2\/posts\/2209","targetHints":{"allow":["GET"]}}],"collection":[{"href":"https:\/\/razemdlabialoleki.waw.pl\/index.php?rest_route=\/wp\/v2\/posts"}],"about":[{"href":"https:\/\/razemdlabialoleki.waw.pl\/index.php?rest_route=\/wp\/v2\/types\/post"}],"author":[{"embeddable":true,"href":"https:\/\/razemdlabialoleki.waw.pl\/index.php?rest_route=\/wp\/v2\/users\/2"}],"replies":[{"embeddable":true,"href":"https:\/\/razemdlabialoleki.waw.pl\/index.php?rest_route=%2Fwp%2Fv2%2Fcomments&post=2209"}],"version-history":[{"count":1,"href":"https:\/\/razemdlabialoleki.waw.pl\/index.php?rest_route=\/wp\/v2\/posts\/2209\/revisions"}],"predecessor-version":[{"id":2212,"href":"https:\/\/razemdlabialoleki.waw.pl\/index.php?rest_route=\/wp\/v2\/posts\/2209\/revisions\/2212"}],"wp:featuredmedia":[{"embeddable":true,"href":"https:\/\/razemdlabialoleki.waw.pl\/index.php?rest_route=\/wp\/v2\/media\/1111"}],"wp:attachment":[{"href":"https:\/\/razemdlabialoleki.waw.pl\/index.php?rest_route=%2Fwp%2Fv2%2Fmedia&parent=2209"}],"wp:term":[{"taxonomy":"category","embeddable":true,"href":"https:\/\/razemdlabialoleki.waw.pl\/index.php?rest_route=%2Fwp%2Fv2%2Fcategories&post=2209"},{"taxonomy":"post_tag","embeddable":true,"href":"https:\/\/razemdlabialoleki.waw.pl\/index.php?rest_route=%2Fwp%2Fv2%2Ftags&post=2209"}],"curies":[{"name":"wp","href":"https:\/\/api.w.org\/{rel}","templated":true}]}}