{"id":21147,"date":"2024-04-19T12:24:04","date_gmt":"2024-04-19T11:24:04","guid":{"rendered":"http:\/\/razemdlabialoleki.waw.pl\/?p=21147"},"modified":"2024-04-19T12:24:06","modified_gmt":"2024-04-19T11:24:06","slug":"ruszaja-warszawskie-linie-turystyczne-w-tym-statek-do-serocka","status":"publish","type":"post","link":"https:\/\/razemdlabialoleki.waw.pl\/?p=21147","title":{"rendered":"Ruszaj\u0105 Warszawskie Linie Turystyczne, w tym statek do Serocka"},"content":{"rendered":"\n<p>Statek p\u0142ywa na trasie: \u017bera\u0144 (przysta\u0144 przy przystanku Cementownia 02) \u2013 Kana\u0142 \u017bera\u0144ski \u2013 Jezioro Zegrzy\u0144skie \u2013 Serock i z powrotem. Rejsy odbywaj\u0105 si\u0119 w soboty, niedziele i dni \u015bwi\u0105teczne od 1 maja do 24 wrze\u015bnia. <a href=\"https:\/\/www.bilety24.pl\/inne\/1016-rejs-statkiem-pasazerskim-do-serocka-i-z-powrotem-66075?id=592762\" target=\"_blank\" rel=\"noreferrer noopener\">Bilety s\u0105 ju\u017c dost\u0119pne<\/a>.<\/p>\n\n\n\n<p>Zefir wyp\u0142ywa o godz. 9.00 z przystani przy Kanale \u017bera\u0144skim (okolice przystanku Cementownia 02), o godz. 12.30 przybija do brzegu w Serocku, aby o 14.30 wyruszy\u0107 do Warszawy. Rejs ko\u0144czy si\u0119 oko\u0142o godziny 18.00. Godziny te, poza godzin\u0105 rozpocz\u0119cia wycieczki, mog\u0105 ulec zmianie, o czym pasa\u017cerowie b\u0119d\u0105 informowani podczas rejsu.<\/p>\n\n\n\n<p>Warszawskie Linie Turystyczne obejmuj\u0105 tak\u017ce promy:<\/p>\n\n\n\n<p>\ud83d\udee5 Dudek: z Nowodwor\u00f3w na M\u0142ociny,<\/p>\n\n\n\n<p>\ud83d\udee5 S\u0142onka: Cypel Czerniakowski \u2013 Saska K\u0119pa,<\/p>\n\n\n\n<p>\ud83d\udee5 Pliszka: Most Poniatowskiego \u2013 Stadion Narodowy,<\/p>\n\n\n\n<p>\ud83d\udee5 Wilga: Podzamcze Fontanny \u2013 ZOO.<\/p>\n\n\n\n<p>\ud83d\udcf8 Warszawski Transport Publiczny<\/p>\n","protected":false},"excerpt":{"rendered":"<p>Statek p\u0142ywa na trasie: \u017bera\u0144 (przysta\u0144 przy przystanku Cementownia 02) \u2013 Kana\u0142 \u017bera\u0144ski \u2013 Jezioro Zegrzy\u0144skie \u2013 Serock i z powrotem. Rejsy odbywaj\u0105 si\u0119 w soboty, niedziele i dni \u015bwi\u0105teczne od 1 maja do 24 wrze\u015bnia. Bilety s\u0105 ju\u017c dost\u0119pne. Zefir wyp\u0142ywa o godz. 9.00 z przystani przy Kanale \u017bera\u0144skim (okolice przystanku Cementownia 02), o [&hellip;]<\/p>\n","protected":false},"author":2,"featured_media":21148,"comment_status":"closed","ping_status":"closed","sticky":false,"template":"","format":"standard","meta":{"ngg_post_thumbnail":0,"footnotes":""},"categories":[30],"tags":[],"class_list":["post-21147","post","type-post","status-publish","format-standard","has-post-thumbnail","hentry","category-komunikacja"],"_links":{"self":[{"href":"https:\/\/razemdlabialoleki.waw.pl\/index.php?rest_route=\/wp\/v2\/posts\/21147","targetHints":{"allow":["GET"]}}],"collection":[{"href":"https:\/\/razemdlabialoleki.waw.pl\/index.php?rest_route=\/wp\/v2\/posts"}],"about":[{"href":"https:\/\/razemdlabialoleki.waw.pl\/index.php?rest_route=\/wp\/v2\/types\/post"}],"author":[{"embeddable":true,"href":"https:\/\/razemdlabialoleki.waw.pl\/index.php?rest_route=\/wp\/v2\/users\/2"}],"replies":[{"embeddable":true,"href":"https:\/\/razemdlabialoleki.waw.pl\/index.php?rest_route=%2Fwp%2Fv2%2Fcomments&post=21147"}],"version-history":[{"count":1,"href":"https:\/\/razemdlabialoleki.waw.pl\/index.php?rest_route=\/wp\/v2\/posts\/21147\/revisions"}],"predecessor-version":[{"id":21149,"href":"https:\/\/razemdlabialoleki.waw.pl\/index.php?rest_route=\/wp\/v2\/posts\/21147\/revisions\/21149"}],"wp:featuredmedia":[{"embeddable":true,"href":"https:\/\/razemdlabialoleki.waw.pl\/index.php?rest_route=\/wp\/v2\/media\/21148"}],"wp:attachment":[{"href":"https:\/\/razemdlabialoleki.waw.pl\/index.php?rest_route=%2Fwp%2Fv2%2Fmedia&parent=21147"}],"wp:term":[{"taxonomy":"category","embeddable":true,"href":"https:\/\/razemdlabialoleki.waw.pl\/index.php?rest_route=%2Fwp%2Fv2%2Fcategories&post=21147"},{"taxonomy":"post_tag","embeddable":true,"href":"https:\/\/razemdlabialoleki.waw.pl\/index.php?rest_route=%2Fwp%2Fv2%2Ftags&post=21147"}],"curies":[{"name":"wp","href":"https:\/\/api.w.org\/{rel}","templated":true}]}}