{"id":21145,"date":"2024-05-29T11:03:00","date_gmt":"2024-05-29T10:03:00","guid":{"rendered":"http:\/\/razemdlabialoleki.waw.pl\/?p=21145"},"modified":"2024-05-29T11:28:21","modified_gmt":"2024-05-29T10:28:21","slug":"mapa-murali-bialoleki","status":"publish","type":"post","link":"https:\/\/razemdlabialoleki.waw.pl\/?p=21145","title":{"rendered":"Mapa murali Bia\u0142o\u0142\u0119ki"},"content":{"rendered":"\n<p>Prezentujemy Map\u0119 Murali Bia\u0142o\u0142\u0119ki <img loading=\"lazy\" decoding=\"async\" height=\"16\" width=\"16\" src=\"https:\/\/static.xx.fbcdn.net\/images\/emoji.php\/v9\/t58\/1\/16\/1f929.png\" alt=\"\ud83e\udd29\"> Czy znacie wszystkie?<\/p>\n\n\n\n<p><img loading=\"lazy\" decoding=\"async\" height=\"16\" width=\"16\" src=\"https:\/\/static.xx.fbcdn.net\/images\/emoji.php\/v9\/t33\/1\/16\/2705.png\" alt=\"\u2705\"> na terenie Szko\u0142y Podstawowej z Oddzia\u0142ami Integracyjnymi nr 154 w Warszawie przy ul. Le\u015bnej Polanki,<\/p>\n\n\n\n<p><img loading=\"lazy\" decoding=\"async\" height=\"16\" width=\"16\" alt=\"\u2705\" src=\"https:\/\/static.xx.fbcdn.net\/images\/emoji.php\/v9\/t33\/1\/16\/2705.png\"> na terenie Szko\u0142y Podstawowej nr 355 im. Jana Wedla w Warszawie przy ul. Ceramicznej,<\/p>\n\n\n\n<p><img loading=\"lazy\" decoding=\"async\" height=\"16\" width=\"16\" src=\"https:\/\/static.xx.fbcdn.net\/images\/emoji.php\/v9\/t33\/1\/16\/2705.png\" alt=\"\u2705\"> przy ul. \u015areniawit\u00f3w, wykonany przez RSM PRAGA,<\/p>\n\n\n\n<p><img loading=\"lazy\" decoding=\"async\" height=\"16\" width=\"16\" src=\"https:\/\/static.xx.fbcdn.net\/images\/emoji.php\/v9\/t33\/1\/16\/2705.png\" alt=\"\u2705\">przy ul. P\u0142ochoci\u0144skiej, przedstawiaj\u0105cy Paskud\u0119 oraz wykonany przez Mart\u0119 Zab\u0142ocka (<a href=\"https:\/\/www.facebook.com\/ZycieNaKreskeMartaZablocka?__cft__[0]=AZUo3Yjfc0QtXm0O4DTRgDRxv5YCYA6xXawXNiLNhNjUbH1w-B9VOAwuxIQrz_5awLsvEY2vSAPK7RPGnBplpwE00PP5O87yvFFthg3IUnXj5qf1qyz71ij9G_NVFKAnxOkKG7U8goU_RzgpFdsO-HPpYkP6DPilYmhqJGJfSpPj6hdwbYTeh33yJf0y8JD6WXEXMuVLJz6kz31LK0lNfjg5&amp;__tn__=-]K-R\" target=\"_blank\" rel=\"noreferrer noopener\">zycie-na-kreske<\/a>) i <a href=\"https:\/\/www.facebook.com\/lazowskimaciek?__cft__[0]=AZUo3Yjfc0QtXm0O4DTRgDRxv5YCYA6xXawXNiLNhNjUbH1w-B9VOAwuxIQrz_5awLsvEY2vSAPK7RPGnBplpwE00PP5O87yvFFthg3IUnXj5qf1qyz71ij9G_NVFKAnxOkKG7U8goU_RzgpFdsO-HPpYkP6DPilYmhqJGJfSpPj6hdwbYTeh33yJf0y8JD6WXEXMuVLJz6kz31LK0lNfjg5&amp;__tn__=-]K-R\" target=\"_blank\" rel=\"noreferrer noopener\">Ma\u0107ka \u0141azowskiego<\/a>,<\/p>\n\n\n\n<p><img loading=\"lazy\" decoding=\"async\" height=\"16\" width=\"16\" src=\"https:\/\/static.xx.fbcdn.net\/images\/emoji.php\/v9\/t33\/1\/16\/2705.png\" alt=\"\u2705\"> przy ul. Marywilskiej &#8211; dwa murale wykonane przez Mart\u0119 Zab\u0142ock\u0105 (<a href=\"https:\/\/www.facebook.com\/ZycieNaKreskeMartaZablocka?__cft__[0]=AZUo3Yjfc0QtXm0O4DTRgDRxv5YCYA6xXawXNiLNhNjUbH1w-B9VOAwuxIQrz_5awLsvEY2vSAPK7RPGnBplpwE00PP5O87yvFFthg3IUnXj5qf1qyz71ij9G_NVFKAnxOkKG7U8goU_RzgpFdsO-HPpYkP6DPilYmhqJGJfSpPj6hdwbYTeh33yJf0y8JD6WXEXMuVLJz6kz31LK0lNfjg5&amp;__tn__=-]K-R\" target=\"_blank\" rel=\"noreferrer noopener\">zycie-na-kreske<\/a>), <a href=\"https:\/\/www.facebook.com\/lazowskimaciek\" target=\"_blank\" rel=\"noreferrer noopener\">Ma\u0107ka \u0141azowskiego<\/a> i s\u0105siad\u00f3w w ramach Inicjatywy Lokalnej,<\/p>\n\n\n\n<p><img loading=\"lazy\" decoding=\"async\" height=\"16\" width=\"16\" alt=\"\u2705\" src=\"https:\/\/static.xx.fbcdn.net\/images\/emoji.php\/v9\/t33\/1\/16\/2705.png\"> przy ul. P\u0142ytowej, przedstawiaj\u0105cy Czes\u0142awa Niemena i wykonany przez Bruno Althamera,<\/p>\n\n\n\n<p><img loading=\"lazy\" decoding=\"async\" height=\"16\" width=\"16\" alt=\"\u2705\" src=\"https:\/\/static.xx.fbcdn.net\/images\/emoji.php\/v9\/t33\/1\/16\/2705.png\"> przy ul. Kupieckiej, wykonany przez uczni\u00f3w Szko\u0142y Podstawowej nr 368 na 100. Rocznic\u0119 Odzyskania Niepodleg\u0142o\u015bci,<\/p>\n\n\n\n<p><img loading=\"lazy\" decoding=\"async\" height=\"16\" width=\"16\" src=\"https:\/\/static.xx.fbcdn.net\/images\/emoji.php\/v9\/t33\/1\/16\/2705.png\" alt=\"\u2705\"> na terenie Szko\u0142y Podstawowej nr 231 im. gen. Mariusza Zaruskiego w Warszawie przy ul. Juranda ze Spychowa,<\/p>\n\n\n\n<p><img loading=\"lazy\" decoding=\"async\" height=\"16\" width=\"16\" src=\"https:\/\/static.xx.fbcdn.net\/images\/emoji.php\/v9\/t33\/1\/16\/2705.png\" alt=\"\u2705\"> na terenie Szko\u0142y Podstawowej Nr 361 im. Papcia Chmiela w Warszawie przy ul. Ruskowy Br\u00f3d,<\/p>\n\n\n\n<p><img loading=\"lazy\" decoding=\"async\" height=\"16\" width=\"16\" alt=\"\u2705\" src=\"https:\/\/static.xx.fbcdn.net\/images\/emoji.php\/v9\/t33\/1\/16\/2705.png\"> na terenie Szko\u0142y Podstawowej nr 368 im. Polskich Olimpijczyk\u00f3w przy ul. Hemara,<\/p>\n\n\n\n<p><img loading=\"lazy\" decoding=\"async\" height=\"16\" width=\"16\" src=\"https:\/\/static.xx.fbcdn.net\/images\/emoji.php\/v9\/t33\/1\/16\/2705.png\" alt=\"\u2705\"> na terenie SP 112 im. Marii Kownackiej w Warszawie przy ul. Zau\u0142ek.<\/p>\n\n\n\n<figure class=\"wp-block-image size-large\"><a href=\"http:\/\/razemdlabialoleki.waw.pl\/wp-content\/uploads\/2024\/04\/mapa_murali_2024.png\"><img loading=\"lazy\" decoding=\"async\" width=\"1024\" height=\"859\" src=\"http:\/\/razemdlabialoleki.waw.pl\/wp-content\/uploads\/2024\/04\/mapa_murali_2024-1024x859.png\" alt=\"\" class=\"wp-image-21333\" srcset=\"https:\/\/razemdlabialoleki.waw.pl\/wp-content\/uploads\/2024\/04\/mapa_murali_2024-1024x859.png 1024w, https:\/\/razemdlabialoleki.waw.pl\/wp-content\/uploads\/2024\/04\/mapa_murali_2024-300x252.png 300w, https:\/\/razemdlabialoleki.waw.pl\/wp-content\/uploads\/2024\/04\/mapa_murali_2024-768x644.png 768w, https:\/\/razemdlabialoleki.waw.pl\/wp-content\/uploads\/2024\/04\/mapa_murali_2024-1536x1289.png 1536w, https:\/\/razemdlabialoleki.waw.pl\/wp-content\/uploads\/2024\/04\/mapa_murali_2024.png 1565w\" sizes=\"auto, (max-width: 1024px) 100vw, 1024px\" \/><\/a><\/figure>\n","protected":false},"excerpt":{"rendered":"<p>Prezentujemy Map\u0119 Murali Bia\u0142o\u0142\u0119ki Czy znacie wszystkie? na terenie Szko\u0142y Podstawowej z Oddzia\u0142ami Integracyjnymi nr 154 w Warszawie przy ul. Le\u015bnej Polanki, na terenie Szko\u0142y Podstawowej nr 355 im. Jana Wedla w Warszawie przy ul. Ceramicznej, przy ul. \u015areniawit\u00f3w, wykonany przez RSM PRAGA, przy ul. P\u0142ochoci\u0144skiej, przedstawiaj\u0105cy Paskud\u0119 oraz wykonany przez Mart\u0119 Zab\u0142ocka (zycie-na-kreske) i [&hellip;]<\/p>\n","protected":false},"author":2,"featured_media":21333,"comment_status":"closed","ping_status":"closed","sticky":false,"template":"","format":"standard","meta":{"ngg_post_thumbnail":0,"footnotes":""},"categories":[10],"tags":[],"class_list":["post-21145","post","type-post","status-publish","format-standard","has-post-thumbnail","hentry","category-akcja-spoleczna"],"_links":{"self":[{"href":"https:\/\/razemdlabialoleki.waw.pl\/index.php?rest_route=\/wp\/v2\/posts\/21145","targetHints":{"allow":["GET"]}}],"collection":[{"href":"https:\/\/razemdlabialoleki.waw.pl\/index.php?rest_route=\/wp\/v2\/posts"}],"about":[{"href":"https:\/\/razemdlabialoleki.waw.pl\/index.php?rest_route=\/wp\/v2\/types\/post"}],"author":[{"embeddable":true,"href":"https:\/\/razemdlabialoleki.waw.pl\/index.php?rest_route=\/wp\/v2\/users\/2"}],"replies":[{"embeddable":true,"href":"https:\/\/razemdlabialoleki.waw.pl\/index.php?rest_route=%2Fwp%2Fv2%2Fcomments&post=21145"}],"version-history":[{"count":2,"href":"https:\/\/razemdlabialoleki.waw.pl\/index.php?rest_route=\/wp\/v2\/posts\/21145\/revisions"}],"predecessor-version":[{"id":21334,"href":"https:\/\/razemdlabialoleki.waw.pl\/index.php?rest_route=\/wp\/v2\/posts\/21145\/revisions\/21334"}],"wp:featuredmedia":[{"embeddable":true,"href":"https:\/\/razemdlabialoleki.waw.pl\/index.php?rest_route=\/wp\/v2\/media\/21333"}],"wp:attachment":[{"href":"https:\/\/razemdlabialoleki.waw.pl\/index.php?rest_route=%2Fwp%2Fv2%2Fmedia&parent=21145"}],"wp:term":[{"taxonomy":"category","embeddable":true,"href":"https:\/\/razemdlabialoleki.waw.pl\/index.php?rest_route=%2Fwp%2Fv2%2Fcategories&post=21145"},{"taxonomy":"post_tag","embeddable":true,"href":"https:\/\/razemdlabialoleki.waw.pl\/index.php?rest_route=%2Fwp%2Fv2%2Ftags&post=21145"}],"curies":[{"name":"wp","href":"https:\/\/api.w.org\/{rel}","templated":true}]}}