{"id":19868,"date":"2023-12-28T13:50:13","date_gmt":"2023-12-28T12:50:13","guid":{"rendered":"http:\/\/razemdlabialoleki.waw.pl\/?p=19868"},"modified":"2023-12-30T20:58:32","modified_gmt":"2023-12-30T19:58:32","slug":"nowa-winda-na-przystanku-pkp-zeran","status":"publish","type":"post","link":"https:\/\/razemdlabialoleki.waw.pl\/?p=19868","title":{"rendered":"Przystanek PKP \u017bera\u0144 z wind\u0105"},"content":{"rendered":"\n<p>Ostatnie prace jeszcze trwaj\u0105, ale wykonawca uruchomi\u0142 ju\u017c wind\u0119. W ramach zrealizowanej przez PKP PLK inwestycji powsta\u0142a tak\u017ce k\u0142adka \u0142\u0105cz\u0105ca peron z wind\u0105, zosta\u0142 zamontowany monitoring, a dotychczasowe wej\u015bcie zosta\u0142o do\u015bwietlone i od\u015bwie\u017cone.<\/p>\n\n\n\n<!--more-->\n\n\n\n<figure class=\"wp-block-image size-large\"><a href=\"http:\/\/razemdlabialoleki.waw.pl\/wp-content\/uploads\/2023\/12\/400926217_383761217353544_8962188170268616809_n.jpeg\"><img loading=\"lazy\" decoding=\"async\" width=\"1024\" height=\"768\" src=\"http:\/\/razemdlabialoleki.waw.pl\/wp-content\/uploads\/2023\/12\/400926217_383761217353544_8962188170268616809_n-1024x768.jpeg\" alt=\"\" class=\"wp-image-19870\" srcset=\"https:\/\/razemdlabialoleki.waw.pl\/wp-content\/uploads\/2023\/12\/400926217_383761217353544_8962188170268616809_n-1024x768.jpeg 1024w, https:\/\/razemdlabialoleki.waw.pl\/wp-content\/uploads\/2023\/12\/400926217_383761217353544_8962188170268616809_n-300x225.jpeg 300w, https:\/\/razemdlabialoleki.waw.pl\/wp-content\/uploads\/2023\/12\/400926217_383761217353544_8962188170268616809_n-768x576.jpeg 768w, https:\/\/razemdlabialoleki.waw.pl\/wp-content\/uploads\/2023\/12\/400926217_383761217353544_8962188170268616809_n-1536x1152.jpeg 1536w, https:\/\/razemdlabialoleki.waw.pl\/wp-content\/uploads\/2023\/12\/400926217_383761217353544_8962188170268616809_n.jpeg 2000w\" sizes=\"auto, (max-width: 1024px) 100vw, 1024px\" \/><\/a><\/figure>\n\n\n\n<figure class=\"wp-block-image size-large\"><a href=\"http:\/\/razemdlabialoleki.waw.pl\/wp-content\/uploads\/2023\/12\/414707133_729295285992574_1931995992367113903_n.jpeg\"><img loading=\"lazy\" decoding=\"async\" width=\"768\" height=\"1024\" src=\"http:\/\/razemdlabialoleki.waw.pl\/wp-content\/uploads\/2023\/12\/414707133_729295285992574_1931995992367113903_n-768x1024.jpeg\" alt=\"\" class=\"wp-image-19871\" srcset=\"https:\/\/razemdlabialoleki.waw.pl\/wp-content\/uploads\/2023\/12\/414707133_729295285992574_1931995992367113903_n-768x1024.jpeg 768w, https:\/\/razemdlabialoleki.waw.pl\/wp-content\/uploads\/2023\/12\/414707133_729295285992574_1931995992367113903_n-225x300.jpeg 225w, https:\/\/razemdlabialoleki.waw.pl\/wp-content\/uploads\/2023\/12\/414707133_729295285992574_1931995992367113903_n-1152x1536.jpeg 1152w, https:\/\/razemdlabialoleki.waw.pl\/wp-content\/uploads\/2023\/12\/414707133_729295285992574_1931995992367113903_n.jpeg 1500w\" sizes=\"auto, (max-width: 768px) 100vw, 768px\" \/><\/a><\/figure>\n\n\n\n<figure class=\"wp-block-image size-large\"><a href=\"http:\/\/razemdlabialoleki.waw.pl\/wp-content\/uploads\/2023\/12\/400815358_743014557879998_4033873673765663332_n.jpeg\"><img loading=\"lazy\" decoding=\"async\" width=\"1024\" height=\"781\" src=\"http:\/\/razemdlabialoleki.waw.pl\/wp-content\/uploads\/2023\/12\/400815358_743014557879998_4033873673765663332_n-1024x781.jpeg\" alt=\"\" class=\"wp-image-19869\" srcset=\"https:\/\/razemdlabialoleki.waw.pl\/wp-content\/uploads\/2023\/12\/400815358_743014557879998_4033873673765663332_n-1024x781.jpeg 1024w, https:\/\/razemdlabialoleki.waw.pl\/wp-content\/uploads\/2023\/12\/400815358_743014557879998_4033873673765663332_n-300x229.jpeg 300w, https:\/\/razemdlabialoleki.waw.pl\/wp-content\/uploads\/2023\/12\/400815358_743014557879998_4033873673765663332_n-768x586.jpeg 768w, https:\/\/razemdlabialoleki.waw.pl\/wp-content\/uploads\/2023\/12\/400815358_743014557879998_4033873673765663332_n-1536x1172.jpeg 1536w, https:\/\/razemdlabialoleki.waw.pl\/wp-content\/uploads\/2023\/12\/400815358_743014557879998_4033873673765663332_n.jpeg 1966w\" sizes=\"auto, (max-width: 1024px) 100vw, 1024px\" \/><\/a><\/figure>\n","protected":false},"excerpt":{"rendered":"<p>Ostatnie prace jeszcze trwaj\u0105, ale wykonawca uruchomi\u0142 ju\u017c wind\u0119. W ramach zrealizowanej przez PKP PLK inwestycji powsta\u0142a tak\u017ce k\u0142adka \u0142\u0105cz\u0105ca peron z wind\u0105, zosta\u0142 zamontowany monitoring, a dotychczasowe wej\u015bcie zosta\u0142o do\u015bwietlone i od\u015bwie\u017cone.<\/p>\n","protected":false},"author":2,"featured_media":19872,"comment_status":"closed","ping_status":"closed","sticky":false,"template":"","format":"standard","meta":{"ngg_post_thumbnail":0,"footnotes":""},"categories":[27,30],"tags":[],"class_list":["post-19868","post","type-post","status-publish","format-standard","has-post-thumbnail","hentry","category-inwestycje","category-komunikacja"],"_links":{"self":[{"href":"https:\/\/razemdlabialoleki.waw.pl\/index.php?rest_route=\/wp\/v2\/posts\/19868","targetHints":{"allow":["GET"]}}],"collection":[{"href":"https:\/\/razemdlabialoleki.waw.pl\/index.php?rest_route=\/wp\/v2\/posts"}],"about":[{"href":"https:\/\/razemdlabialoleki.waw.pl\/index.php?rest_route=\/wp\/v2\/types\/post"}],"author":[{"embeddable":true,"href":"https:\/\/razemdlabialoleki.waw.pl\/index.php?rest_route=\/wp\/v2\/users\/2"}],"replies":[{"embeddable":true,"href":"https:\/\/razemdlabialoleki.waw.pl\/index.php?rest_route=%2Fwp%2Fv2%2Fcomments&post=19868"}],"version-history":[{"count":3,"href":"https:\/\/razemdlabialoleki.waw.pl\/index.php?rest_route=\/wp\/v2\/posts\/19868\/revisions"}],"predecessor-version":[{"id":20186,"href":"https:\/\/razemdlabialoleki.waw.pl\/index.php?rest_route=\/wp\/v2\/posts\/19868\/revisions\/20186"}],"wp:featuredmedia":[{"embeddable":true,"href":"https:\/\/razemdlabialoleki.waw.pl\/index.php?rest_route=\/wp\/v2\/media\/19872"}],"wp:attachment":[{"href":"https:\/\/razemdlabialoleki.waw.pl\/index.php?rest_route=%2Fwp%2Fv2%2Fmedia&parent=19868"}],"wp:term":[{"taxonomy":"category","embeddable":true,"href":"https:\/\/razemdlabialoleki.waw.pl\/index.php?rest_route=%2Fwp%2Fv2%2Fcategories&post=19868"},{"taxonomy":"post_tag","embeddable":true,"href":"https:\/\/razemdlabialoleki.waw.pl\/index.php?rest_route=%2Fwp%2Fv2%2Ftags&post=19868"}],"curies":[{"name":"wp","href":"https:\/\/api.w.org\/{rel}","templated":true}]}}