{"id":172,"date":"2016-04-05T23:49:50","date_gmt":"2016-04-05T23:49:50","guid":{"rendered":"http:\/\/razemdlabialoleki.waw.pl\/?p=172"},"modified":"2016-04-05T23:53:56","modified_gmt":"2016-04-05T23:53:56","slug":"konferencja-naukowa-oswoic-autyzm-oswoic-spoleczenstwo","status":"publish","type":"post","link":"https:\/\/razemdlabialoleki.waw.pl\/?p=172","title":{"rendered":"Konferencja Naukowa &#8220;Oswoi\u0107 Autyzm &#8211; Oswoi\u0107 Spo\u0142ecze\u0144stwo&#8221;"},"content":{"rendered":"<p>Mamy zaszczyt poinformowa\u0107 Pa\u0144stwa, \u017ce w tym roku po raz kolejny w historii Bia\u0142o\u0142\u0119ki mo\u017cemy si\u0119 z Pa\u0144stwem spotka\u0107 podczas obchod\u00f3w mi\u0119dzynarodowego miesi\u0105ca AUTYZMU.<\/p>\n<p>Ubieg\u0142oroczna pierwsza edycja spotka\u0142a si\u0119 z du\u017cym zainteresowaniem i tym samym pokaza\u0142a jak wa\u017cne jest u\u015bwiadamianie \u015brodowiska lokalnego w temacie spektrum autyzmu jako niepe\u0142nosprawno\u015bci.<\/p>\n<p>Niniejszym pragniemy poinformowa\u0107, \u017ce tym roku tak\u017ce zosta\u0142 przyznany honorowy patronat <a class=\"profileLink\" href=\"https:\/\/www.facebook.com\/pages\/Rzecznik-Praw-Dziecka\/378753595616737\" data-hovercard=\"\/ajax\/hovercard\/page.php?id=378753595616737&amp;extragetparams=%7B%22directed_target_id%22%3A1566613037002284%7D\">Rzecznik Praw Dziecka<\/a> Marek Mic<span class=\"text_exposed_show\">halak oraz honorowy patronat <a class=\"profileLink\" href=\"https:\/\/www.facebook.com\/DzielnicaBialoleka\/\" data-hovercard=\"\/ajax\/hovercard\/page.php?id=110092879037807&amp;extragetparams=%7B%22directed_target_id%22%3A1566613037002284%7D\">Dzielnica Bia\u0142o\u0142\u0119ka<\/a> <a class=\"profileLink\" href=\"https:\/\/www.facebook.com\/Ilona-Soja-Koz%C5%82owska-Burmistrz-Dzielnicy-Bia%C5%82o%C5%82%C4%99ka-Warszawa-960905337327274\/\" data-hovercard=\"\/ajax\/hovercard\/page.php?id=960905337327274&amp;extragetparams=%7B%22directed_target_id%22%3A1566613037002284%7D\">Ilona Soja-Koz\u0142owska &#8211; Burmistrz Dzielnicy Bia\u0142o\u0142\u0119ka, Warszawa<\/a> &#8211; DZI\u0118KUJEMY<br \/>\n<\/span><\/p>\n<div class=\"text_exposed_show\">\n<p>W tegorocznej edycji wyk\u0142ad\u00f3w po\u015bwi\u0119conych tematyce autyzmu spotkamy si\u0119 z uznanymi przedstawicielami:<br \/>\n<a class=\"profileLink\" href=\"https:\/\/www.facebook.com\/fundacja.synapsis\/\" data-hovercard=\"\/ajax\/hovercard\/page.php?id=258139941227&amp;extragetparams=%7B%22directed_target_id%22%3A1566613037002284%7D\">Fundacja SYNAPSIS<\/a><br \/>\n<a class=\"profileLink\" href=\"https:\/\/www.facebook.com\/fundacja.savant\/\" data-hovercard=\"\/ajax\/hovercard\/page.php?id=202494263184906&amp;extragetparams=%7B%22directed_target_id%22%3A1566613037002284%7D\">Fundacja Savant &#8211; Warszawa<\/a><br \/>\n<a class=\"profileLink\" href=\"https:\/\/www.facebook.com\/stowarzyszenie.krasnal\/\" data-hovercard=\"\/ajax\/hovercard\/page.php?id=336070853235569&amp;extragetparams=%7B%22directed_target_id%22%3A1566613037002284%7D\">Stowarzyszenie Rodzic\u00f3w Dzieci Niepe\u0142nosprawnych Krasnal<\/a>, kt\u00f3re dzia\u0142a pr\u0119\u017cnie na Bia\u0142o\u0142\u0119ce od 1995 roku!<\/p>\n<p>Tym samym pragniemy zaprosi\u0107 WSZYSTKICH zainteresowanych poznaniem tematu spektrum Autyzmu.<\/p>\n<p>Nasza akcja spo\u0142eczna w formie konferencji &#8220;Oswoi\u0107 Autyzm &#8211; Oswoi\u0107 Spo\u0142ecze\u0144stwo&#8221; ma na celu budowanie w\u015br\u00f3d mieszka\u0144c\u00f3w Bia\u0142o\u0142\u0119ki i nie tylko \u015bwiadomo\u015bci czym jest AUTYZM. D\u0105\u017cymy do tego, by tolerancja wobec niepe\u0142nosprawno\u015bci ros\u0142a oraz, by osoby z zaburzeniami rozwojowymi, intelektualnymi i fizycznymi spotyka\u0142y si\u0119 z otwarto\u015bci\u0105 i zrozumieniem w swoich pr\u00f3bach integracji w \u015brodowisku lokalnym.<\/p>\n<p>Kr\u00f3tko o Autyzmie:<br \/>\n1 osoba na 100 rodzi si\u0119 ze spektrum Autyzmu.<br \/>\nOsoby z autyzmem inaczej odbieraj\u0105 bod\u017ace z otoczenia, ich zmys\u0142y funkcjonuj\u0105 inaczej.<br \/>\nTakie osoby maj\u0105 trudno\u015bci z komunikowaniem si\u0119 i relacjami spo\u0142ecznymi<br \/>\nAutyzm to zaburzenie rozwojowe, w kt\u00f3rym wa\u017cn\u0105 rol\u0119 odgrywa funkcjonowanie m\u00f3zgu.<\/p>\n<p>Uwaga!<br \/>\nWszystkie osoby reprezentuj\u0105ce o\u015bwiat\u0119 itp. instytucje, kt\u00f3re s\u0105 zainteresowane otrzymaniem za\u015bwiadczenia o wzi\u0119ciu udzia\u0142u w konferencji proszone s\u0105 o kontakt @ z koordynatorem p. Ann\u0105 Dragan-Babraj<br \/>\nanna.dragan-babraj@razemdlabialoleki.waw.pl<\/p>\n<p><img loading=\"lazy\" decoding=\"async\" class=\"aligncenter size-medium wp-image-173\" src=\"http:\/\/razemdlabialoleki.waw.pl\/wp-content\/uploads\/2016\/04\/Autyzm-PRINT-213x300.jpg\" alt=\"Autyzm-PRINT\" width=\"213\" height=\"300\" srcset=\"https:\/\/razemdlabialoleki.waw.pl\/wp-content\/uploads\/2016\/04\/Autyzm-PRINT-213x300.jpg 213w, https:\/\/razemdlabialoleki.waw.pl\/wp-content\/uploads\/2016\/04\/Autyzm-PRINT-725x1024.jpg 725w, https:\/\/razemdlabialoleki.waw.pl\/wp-content\/uploads\/2016\/04\/Autyzm-PRINT-768x1084.jpg 768w, https:\/\/razemdlabialoleki.waw.pl\/wp-content\/uploads\/2016\/04\/Autyzm-PRINT-1088x1536.jpg 1088w, https:\/\/razemdlabialoleki.waw.pl\/wp-content\/uploads\/2016\/04\/Autyzm-PRINT-1451x2048.jpg 1451w, https:\/\/razemdlabialoleki.waw.pl\/wp-content\/uploads\/2016\/04\/Autyzm-PRINT-scaled.jpg 1814w\" sizes=\"auto, (max-width: 213px) 100vw, 213px\" \/><\/p>\n<\/div>\n","protected":false},"excerpt":{"rendered":"<p>Mamy zaszczyt poinformowa\u0107 Pa\u0144stwa, \u017ce w tym roku po raz kolejny w historii Bia\u0142o\u0142\u0119ki mo\u017cemy si\u0119 z Pa\u0144stwem spotka\u0107 podczas obchod\u00f3w mi\u0119dzynarodowego miesi\u0105ca AUTYZMU. Ubieg\u0142oroczna pierwsza edycja spotka\u0142a si\u0119 z du\u017cym zainteresowaniem i tym samym pokaza\u0142a jak wa\u017cne jest u\u015bwiadamianie \u015brodowiska lokalnego w temacie spektrum autyzmu jako niepe\u0142nosprawno\u015bci. Niniejszym pragniemy poinformowa\u0107, \u017ce tym roku tak\u017ce [&hellip;]<\/p>\n","protected":false},"author":1,"featured_media":173,"comment_status":"open","ping_status":"open","sticky":false,"template":"","format":"standard","meta":{"ngg_post_thumbnail":0,"footnotes":""},"categories":[6],"tags":[9,7,8],"class_list":["post-172","post","type-post","status-publish","format-standard","has-post-thumbnail","hentry","category-konferencja","tag-akcja-spoleczna","tag-autyzm","tag-konferencja"],"_links":{"self":[{"href":"https:\/\/razemdlabialoleki.waw.pl\/index.php?rest_route=\/wp\/v2\/posts\/172","targetHints":{"allow":["GET"]}}],"collection":[{"href":"https:\/\/razemdlabialoleki.waw.pl\/index.php?rest_route=\/wp\/v2\/posts"}],"about":[{"href":"https:\/\/razemdlabialoleki.waw.pl\/index.php?rest_route=\/wp\/v2\/types\/post"}],"author":[{"embeddable":true,"href":"https:\/\/razemdlabialoleki.waw.pl\/index.php?rest_route=\/wp\/v2\/users\/1"}],"replies":[{"embeddable":true,"href":"https:\/\/razemdlabialoleki.waw.pl\/index.php?rest_route=%2Fwp%2Fv2%2Fcomments&post=172"}],"version-history":[{"count":3,"href":"https:\/\/razemdlabialoleki.waw.pl\/index.php?rest_route=\/wp\/v2\/posts\/172\/revisions"}],"predecessor-version":[{"id":176,"href":"https:\/\/razemdlabialoleki.waw.pl\/index.php?rest_route=\/wp\/v2\/posts\/172\/revisions\/176"}],"wp:featuredmedia":[{"embeddable":true,"href":"https:\/\/razemdlabialoleki.waw.pl\/index.php?rest_route=\/wp\/v2\/media\/173"}],"wp:attachment":[{"href":"https:\/\/razemdlabialoleki.waw.pl\/index.php?rest_route=%2Fwp%2Fv2%2Fmedia&parent=172"}],"wp:term":[{"taxonomy":"category","embeddable":true,"href":"https:\/\/razemdlabialoleki.waw.pl\/index.php?rest_route=%2Fwp%2Fv2%2Fcategories&post=172"},{"taxonomy":"post_tag","embeddable":true,"href":"https:\/\/razemdlabialoleki.waw.pl\/index.php?rest_route=%2Fwp%2Fv2%2Ftags&post=172"}],"curies":[{"name":"wp","href":"https:\/\/api.w.org\/{rel}","templated":true}]}}