{"id":14622,"date":"2021-07-29T13:51:00","date_gmt":"2021-07-29T12:51:00","guid":{"rendered":"http:\/\/razemdlabialoleki.waw.pl\/?p=14622"},"modified":"2021-07-31T13:52:34","modified_gmt":"2021-07-31T12:52:34","slug":"budowa-ulicy-dziatwy","status":"publish","type":"post","link":"https:\/\/razemdlabialoleki.waw.pl\/?p=14622","title":{"rendered":"Budowa ulicy Dziatwy"},"content":{"rendered":"\n<p>Rozpoczyna si\u0119 budowa ul. Dziatwy na odcinku od Dro\u017cd\u017cowej do Marcho\u0142ta. W ramach realizowanych przez prywatnego inwestora prac powstanie brakuj\u0105cy odcinek ulicy wraz z chodnikiem i o\u015bwietleniem.<\/p>\n\n\n\n<p>Podobnie jak w przypadku chodnika przy ul. Dziatwy, tak\u017ce wybudowany wzd\u0142u\u017c ul. Dro\u017cd\u017cowej powstanie w technologii podwieszanej, aby ochroni\u0107 rosn\u0105ce wzd\u0142u\u017c ulicy drzewa.<\/p>\n","protected":false},"excerpt":{"rendered":"<p>Rozpoczyna si\u0119 budowa ul. Dziatwy na odcinku od Dro\u017cd\u017cowej do Marcho\u0142ta. W ramach realizowanych przez prywatnego inwestora prac powstanie brakuj\u0105cy odcinek ulicy wraz z chodnikiem i o\u015bwietleniem. Podobnie jak w przypadku chodnika przy ul. Dziatwy, tak\u017ce wybudowany wzd\u0142u\u017c ul. Dro\u017cd\u017cowej powstanie w technologii podwieszanej, aby ochroni\u0107 rosn\u0105ce wzd\u0142u\u017c ulicy drzewa.<\/p>\n","protected":false},"author":2,"featured_media":14624,"comment_status":"closed","ping_status":"closed","sticky":false,"template":"","format":"standard","meta":{"ngg_post_thumbnail":0,"footnotes":""},"categories":[27],"tags":[],"class_list":["post-14622","post","type-post","status-publish","format-standard","has-post-thumbnail","hentry","category-inwestycje"],"_links":{"self":[{"href":"https:\/\/razemdlabialoleki.waw.pl\/index.php?rest_route=\/wp\/v2\/posts\/14622","targetHints":{"allow":["GET"]}}],"collection":[{"href":"https:\/\/razemdlabialoleki.waw.pl\/index.php?rest_route=\/wp\/v2\/posts"}],"about":[{"href":"https:\/\/razemdlabialoleki.waw.pl\/index.php?rest_route=\/wp\/v2\/types\/post"}],"author":[{"embeddable":true,"href":"https:\/\/razemdlabialoleki.waw.pl\/index.php?rest_route=\/wp\/v2\/users\/2"}],"replies":[{"embeddable":true,"href":"https:\/\/razemdlabialoleki.waw.pl\/index.php?rest_route=%2Fwp%2Fv2%2Fcomments&post=14622"}],"version-history":[{"count":1,"href":"https:\/\/razemdlabialoleki.waw.pl\/index.php?rest_route=\/wp\/v2\/posts\/14622\/revisions"}],"predecessor-version":[{"id":14623,"href":"https:\/\/razemdlabialoleki.waw.pl\/index.php?rest_route=\/wp\/v2\/posts\/14622\/revisions\/14623"}],"wp:featuredmedia":[{"embeddable":true,"href":"https:\/\/razemdlabialoleki.waw.pl\/index.php?rest_route=\/wp\/v2\/media\/14624"}],"wp:attachment":[{"href":"https:\/\/razemdlabialoleki.waw.pl\/index.php?rest_route=%2Fwp%2Fv2%2Fmedia&parent=14622"}],"wp:term":[{"taxonomy":"category","embeddable":true,"href":"https:\/\/razemdlabialoleki.waw.pl\/index.php?rest_route=%2Fwp%2Fv2%2Fcategories&post=14622"},{"taxonomy":"post_tag","embeddable":true,"href":"https:\/\/razemdlabialoleki.waw.pl\/index.php?rest_route=%2Fwp%2Fv2%2Ftags&post=14622"}],"curies":[{"name":"wp","href":"https:\/\/api.w.org\/{rel}","templated":true}]}}