{"id":14611,"date":"2021-07-12T11:53:26","date_gmt":"2021-07-12T10:53:26","guid":{"rendered":"http:\/\/razemdlabialoleki.waw.pl\/?p=14611"},"modified":"2021-07-12T11:53:28","modified_gmt":"2021-07-12T10:53:28","slug":"zabiegamy-o-poprawe-dostepnosci-pkp-zeran","status":"publish","type":"post","link":"https:\/\/razemdlabialoleki.waw.pl\/?p=14611","title":{"rendered":"Zabiegamy o popraw\u0119 dost\u0119pno\u015bci PKP \u017bera\u0144"},"content":{"rendered":"\n<p>W odpowiedzi na wnioski radnych naszego stowarzyszenia, PKP PLK poinformowa\u0142o o przygotowaniu przetargu na budow\u0119 windy przy wej\u015bciu na przystanek PKP \u017bera\u0144 od strony P\u0142ochoci\u0144skiej. Jej budowa na ma celu popraw\u0119 dost\u0119pno\u015bci przystanku dla os\u00f3b o ograniczonej mobilno\u015bci, a tak\u017ce rodzic\u00f3w z w\u00f3zkami dzieci\u0119cymi. Realizacja prac jest planowana w 2022, po uzyskaniu pozwolenia na budow\u0119 oraz wy\u0142onieniu wykonawcy.<\/p>\n\n\n\n<div class=\"wp-block-image\"><figure class=\"aligncenter size-large\"><a href=\"http:\/\/razemdlabialoleki.waw.pl\/wp-content\/uploads\/2021\/07\/Zrzut-ekranu-2021-07-12-o-12.38.13.png\"><img loading=\"lazy\" decoding=\"async\" width=\"494\" height=\"671\" src=\"http:\/\/razemdlabialoleki.waw.pl\/wp-content\/uploads\/2021\/07\/Zrzut-ekranu-2021-07-12-o-12.38.13.png\" alt=\"\" class=\"wp-image-14612\" srcset=\"https:\/\/razemdlabialoleki.waw.pl\/wp-content\/uploads\/2021\/07\/Zrzut-ekranu-2021-07-12-o-12.38.13.png 494w, https:\/\/razemdlabialoleki.waw.pl\/wp-content\/uploads\/2021\/07\/Zrzut-ekranu-2021-07-12-o-12.38.13-221x300.png 221w\" sizes=\"auto, (max-width: 494px) 100vw, 494px\" \/><\/a><\/figure><\/div>\n","protected":false},"excerpt":{"rendered":"<p>W odpowiedzi na wnioski radnych naszego stowarzyszenia, PKP PLK poinformowa\u0142o o przygotowaniu przetargu na budow\u0119 windy przy wej\u015bciu na przystanek PKP \u017bera\u0144 od strony P\u0142ochoci\u0144skiej. Jej budowa na ma celu popraw\u0119 dost\u0119pno\u015bci przystanku dla os\u00f3b o ograniczonej mobilno\u015bci, a tak\u017ce rodzic\u00f3w z w\u00f3zkami dzieci\u0119cymi. Realizacja prac jest planowana w 2022, po uzyskaniu pozwolenia na budow\u0119 [&hellip;]<\/p>\n","protected":false},"author":1,"featured_media":14613,"comment_status":"closed","ping_status":"closed","sticky":false,"template":"","format":"standard","meta":{"ngg_post_thumbnail":0,"footnotes":""},"categories":[27,30],"tags":[],"class_list":["post-14611","post","type-post","status-publish","format-standard","has-post-thumbnail","hentry","category-inwestycje","category-komunikacja"],"_links":{"self":[{"href":"https:\/\/razemdlabialoleki.waw.pl\/index.php?rest_route=\/wp\/v2\/posts\/14611","targetHints":{"allow":["GET"]}}],"collection":[{"href":"https:\/\/razemdlabialoleki.waw.pl\/index.php?rest_route=\/wp\/v2\/posts"}],"about":[{"href":"https:\/\/razemdlabialoleki.waw.pl\/index.php?rest_route=\/wp\/v2\/types\/post"}],"author":[{"embeddable":true,"href":"https:\/\/razemdlabialoleki.waw.pl\/index.php?rest_route=\/wp\/v2\/users\/1"}],"replies":[{"embeddable":true,"href":"https:\/\/razemdlabialoleki.waw.pl\/index.php?rest_route=%2Fwp%2Fv2%2Fcomments&post=14611"}],"version-history":[{"count":1,"href":"https:\/\/razemdlabialoleki.waw.pl\/index.php?rest_route=\/wp\/v2\/posts\/14611\/revisions"}],"predecessor-version":[{"id":14614,"href":"https:\/\/razemdlabialoleki.waw.pl\/index.php?rest_route=\/wp\/v2\/posts\/14611\/revisions\/14614"}],"wp:featuredmedia":[{"embeddable":true,"href":"https:\/\/razemdlabialoleki.waw.pl\/index.php?rest_route=\/wp\/v2\/media\/14613"}],"wp:attachment":[{"href":"https:\/\/razemdlabialoleki.waw.pl\/index.php?rest_route=%2Fwp%2Fv2%2Fmedia&parent=14611"}],"wp:term":[{"taxonomy":"category","embeddable":true,"href":"https:\/\/razemdlabialoleki.waw.pl\/index.php?rest_route=%2Fwp%2Fv2%2Fcategories&post=14611"},{"taxonomy":"post_tag","embeddable":true,"href":"https:\/\/razemdlabialoleki.waw.pl\/index.php?rest_route=%2Fwp%2Fv2%2Ftags&post=14611"}],"curies":[{"name":"wp","href":"https:\/\/api.w.org\/{rel}","templated":true}]}}