{"id":13257,"date":"2021-01-26T18:32:36","date_gmt":"2021-01-26T17:32:36","guid":{"rendered":"http:\/\/razemdlabialoleki.waw.pl\/?p=13257"},"modified":"2021-02-01T18:26:04","modified_gmt":"2021-02-01T17:26:04","slug":"budzet-obywatelski-2022","status":"publish","type":"post","link":"https:\/\/razemdlabialoleki.waw.pl\/?p=13257","title":{"rendered":"Bud\u017cet Obywatelski 2022"},"content":{"rendered":"<h5 style=\"text-align: justify;\"><strong><span class=\"d2edcug0 hpfvmrgz qv66sw1b c1et5uql rrkovp55 a8c37x1j keod5gw0 nxhoafnm aigsh9s9 d3f4x2em fe6kdd0r mau55g9w c8b282yb iv3no6db jq4qci2q a3bd9o3v knj5qynh oo9gr5id hzawbc8m\" dir=\"auto\"><span class=\"pq6dq46d tbxw36s4 knj5qynh kvgmc6g5 ditlmg2l oygrvhab nvdbi5me sf5mxxl7 gl3lb2sf hhz5lgdu\"><img loading=\"lazy\" decoding=\"async\" src=\"https:\/\/static.xx.fbcdn.net\/images\/emoji.php\/v9\/t3\/1.5\/16\/1f4ca.png\" alt=\"\ud83d\udcca\" width=\"16\" height=\"16\"><\/span> Czas na kolejn\u0105 edycj\u0119 <a class=\"oajrlxb2 g5ia77u1 qu0x051f esr5mh6w e9989ue4 r7d6kgcz rq0escxv nhd2j8a9 nc684nl6 p7hjln8o kvgmc6g5 cxmmr5t8 oygrvhab hcukyx3x jb3vyjys rz4wbd8a qt6c0cv9 a8nywdso i1ao9s8h esuyzwwr f1sip0of lzcic4wl q66pz984 gpro0wi8 b1v8xokw\" tabindex=\"0\" role=\"link\" href=\"https:\/\/www.facebook.com\/hashtag\/bud%C5%BCetobywatelski?__eep__=6&amp;__cft__[0]=AZUpmohxL6P4hEa45Gm0joLQmqTOcO42eq492GgpmKph1tLcnclPaQMV3ttp3LKHh7YJ5ZugwaIoBrGtEXCF667h5Yrf0HBLlQOBEcM_8p3ANXP79YtEyDbhWX4GRZaUw-iPlkeGMWNTEWb97D6fg-Y_&amp;__tn__=*NK-R\">#Bud\u017cetObywatelski<\/a>, w kt\u00f3rym m.in. cz\u0142onkowie naszego stowarzyszenia zg\u0142osili nast\u0119puj\u0105ce projekty&nbsp; <span class=\"pq6dq46d tbxw36s4 knj5qynh kvgmc6g5 ditlmg2l oygrvhab nvdbi5me sf5mxxl7 gl3lb2sf hhz5lgdu\"><img loading=\"lazy\" decoding=\"async\" src=\"https:\/\/static.xx.fbcdn.net\/images\/emoji.php\/v9\/t19\/1.5\/16\/2935.png\" alt=\"\u2935\" width=\"16\" height=\"16\"><\/span><\/span><\/strong><\/h5>\n<p><img loading=\"lazy\" decoding=\"async\" class=\"aligncenter size-full wp-image-11279\" src=\"http:\/\/razemdlabialoleki.waw.pl\/wp-content\/uploads\/2020\/08\/BO_niu1.png\" alt=\"\" width=\"900\" height=\"344\" srcset=\"https:\/\/razemdlabialoleki.waw.pl\/wp-content\/uploads\/2020\/08\/BO_niu1.png 900w, https:\/\/razemdlabialoleki.waw.pl\/wp-content\/uploads\/2020\/08\/BO_niu1-300x115.png 300w, https:\/\/razemdlabialoleki.waw.pl\/wp-content\/uploads\/2020\/08\/BO_niu1-768x294.png 768w\" sizes=\"auto, (max-width: 900px) 100vw, 900px\" \/><\/p>\n<p>Poziom dzielnicowy:<\/p>\n<h5><span data-offset-key=\"fdnvp-0-0\">\ud83d\udc9a<\/span> <a href=\"https:\/\/bo.um.warszawa.pl\/projekt\/22946?user=\">P\u0119tle autobusowe na Bia\u0142o\u0142\u0119ce w kwiatach<\/a><\/h5>\n<h5 style=\"text-align: justify;\"><span data-offset-key=\"fdnvp-0-0\">\ud83d\udc9a <\/span><a href=\"https:\/\/bo.um.warszawa.pl\/projekt\/22949?user\">O\u015bwietlenie ci\u0105gu pieszo-rowerowego przy SP 368 przy ul. Ostr\u00f3dzkiej i Hemara oraz o\u015bwietlenie boisk sportowych przy SP 112 przy ul. Zau\u0142ek<\/a><\/h5>\n<h5 style=\"text-align: justify;\"><span data-offset-key=\"fdnvp-0-0\">\ud83d\udc9a<\/span> <a href=\"https:\/\/bo.um.warszawa.pl\/projekt\/22964?user=\">Remont nawierzchni ul. Kroczewskiej<\/a><\/h5>\n<h5 style=\"text-align: justify;\"><span data-offset-key=\"fdnvp-0-0\">\ud83d\udc9a<\/span> <a href=\"https:\/\/bo.um.warszawa.pl\/projekt\/23062?user=\">Nowy plac zabaw dla \u017berania<\/a><\/h5>\n<h5 style=\"text-align: justify;\"><span data-offset-key=\"fdnvp-0-0\">\ud83d\udc9a<\/span> <a href=\"https:\/\/bo.um.warszawa.pl\/projekt\/23063?user=\">Budowa chodnik\u00f3w wzd\u0142u\u017c P\u0142ochoci\u0144skiej<\/a><\/h5>\n<h5 style=\"text-align: justify;\"><span data-offset-key=\"fdnvp-0-0\">\ud83d\udc9a<\/span> <a href=\"https:\/\/bo.um.warszawa.pl\/projekt\/23068?user=\">Ja\u015bniej i bezpieczniej na \u017beraniu, Tarchominie, Nowodworach, Henrykowie i wschodniej Bia\u0142o\u0142\u0119ce &#8211; wymiana o\u015bwietlenia na LED<\/a><\/h5>\n<h5 style=\"text-align: justify;\"><span data-offset-key=\"fdnvp-0-0\">\ud83d\udc9a<\/span> <a href=\"https:\/\/bo.um.warszawa.pl\/projekt\/23160?user=\">Budowa chodnika ul. Zdziarska i remont chodnika ul. Bohater\u00f3w<\/a><\/h5>\n<h5 style=\"text-align: justify;\"><span data-offset-key=\"fdnvp-0-0\">\ud83d\udc9a<\/span> <a href=\"https:\/\/bo.um.warszawa.pl\/projekt\/23251?user=\">\u015awi\u0105teczna iluminacja na ulicach Bia\u0142o\u0142\u0119ki: ul. G\u0142\u0119bocka, ul. Klasyk\u00f3w, ul. Ostr\u00f3dzka, ul. Mehoffera.<\/a><\/h5>\n<h5 style=\"text-align: justify;\"><span data-offset-key=\"fdnvp-0-0\">\ud83d\udc9a<\/span> <a href=\"https:\/\/bo.um.warszawa.pl\/projekt\/23747?user=\">Budowa wej\u015b\u0107 na wa\u0142 wi\u015blany od ul. Ku Rzece i ul. \u0141\u0105cz\u0105cej<\/a><\/h5>\n<h5 style=\"text-align: justify;\"><span data-offset-key=\"fdnvp-0-0\">\ud83d\udc9a<\/span> <a href=\"https:\/\/bo.um.warszawa.pl\/projekt\/23233?user=\">\u015acie\u017cka rowerowa nad Kana\u0142em \u017bera\u0144skim<\/a><\/h5>\n<h5 style=\"text-align: justify;\"><span data-offset-key=\"fdnvp-0-0\">\ud83d\udc9a<\/span> <a href=\"https:\/\/bo.um.warszawa.pl\/projekt\/23293?user=\">Wiata rowerowa oraz strefa Kiss&amp;Ride na terenie SP 356<\/a><\/h5>\n<h5 style=\"text-align: justify;\"><span data-offset-key=\"fdnvp-0-0\">\ud83d\udc9a<\/span> <a href=\"https:\/\/bo.um.warszawa.pl\/projekt\/23809?user=\">Rowerowy Zau\u0142ek<\/a><\/h5>\n<h5 style=\"text-align: justify;\"><span data-offset-key=\"fdnvp-0-0\">\ud83d\udc9a<\/span> <a href=\"https:\/\/bo.um.warszawa.pl\/projekt\/24104?user=\">Monitoring i o\u015bwietlenie teren\u00f3w rekreacyjnych na Bia\u0142o\u0142\u0119ce<\/a><\/h5>\n<h5 style=\"text-align: justify;\"><span data-offset-key=\"fdnvp-0-0\">\ud83d\udc9a<\/span> <a href=\"https:\/\/bo.um.warszawa.pl\/projekt\/26295?user=\">Serce na nakr\u0119tki &#8211; Razem dla Bia\u0142o\u0142\u0119ki<\/a><\/h5>\n<h5 style=\"text-align: justify;\"><strong>Poziom og\u00f3lnomiejski:<\/strong><\/h5>\n<h5 style=\"text-align: justify;\"><span data-offset-key=\"fdnvp-0-0\">\ud83d\udc9a<\/span> <a href=\"https:\/\/bo.um.warszawa.pl\/projekt\/22948?user=\">Wiaty przystankowe dla Warszawy (Bia\u0142o\u0142\u0119ka, Bielany, Mokot\u00f3w, \u017boliborz, Wola, Praga Po\u0142udnie)<\/a><\/h5>\n<h5><span data-offset-key=\"fdnvp-0-0\">\ud83d\udc9a<\/span> <a href=\"https:\/\/bo.um.warszawa.pl\/projekt\/22952?user=\">Budowa chodnik\u00f3w na Bia\u0142o\u0142\u0119ce, Mokotowie, Ursynowie i Pradze Po\u0142udnie.<\/a><\/h5>\n<h5 style=\"text-align: justify;\"><span data-offset-key=\"fdnvp-0-0\">\ud83d\udc9a<\/span> <a href=\"https:\/\/bo.um.warszawa.pl\/projekt\/22965?user=\">Remont skatepark\u00f3w w Warszawie [Bia\u0142o\u0142\u0119ka, Mokot\u00f3w]<\/a><\/h5>\n<h5 style=\"text-align: justify;\"><span data-offset-key=\"fdnvp-0-0\">\ud83d\udc9a<\/span> <a href=\"https:\/\/bo.um.warszawa.pl\/projekt\/23128?user=\">Czystsza Warszawa &#8211; nowe kosze na \u015bmieci przy g\u0142\u00f3wnych ulicach w ka\u017cdej dzielnicy Warszawy<\/a><\/h5>\n<h5 style=\"text-align: justify;\"><span data-offset-key=\"fdnvp-0-0\">\ud83d\udc9a<\/span> <a href=\"https:\/\/bo.um.warszawa.pl\/projekt\/24265?user=\">Zielona P\u00f3\u0142noc &#8211; nowe lasy, parki i skwery dla Bia\u0142o\u0142\u0119ki i Bielan<\/a><\/h5>\n<h5 style=\"text-align: justify;\"><span data-offset-key=\"fdnvp-0-0\">\ud83d\udc9a <\/span><a href=\"https:\/\/bo.um.warszawa.pl\/projekt\/24441?user=\">Remont nawierzchni dr\u00f3g [BIA\u0141O\u0141\u0118KA i MOKOT\u00d3W]<\/a><\/h5>\n<p style=\"text-align: justify;\"><strong>Przed nami ocena projekt\u00f3w \u2013 od 26 stycznia do 4 maja 2021 r<\/strong>.<\/p>\n<p style=\"text-align: justify;\"><strong>G\u0142osowanie mieszka\u0144c\u00f3w na projekty<\/strong> <strong>od 15 do 30 czerwca 2021 r.<\/strong>&nbsp;<\/p>\n<p style=\"text-align: justify;\"><strong>Og\u0142oszenie wynik\u00f3w g\u0142osowania<\/strong>&nbsp;<strong>\u2013 15 lipca 2021 r. <img loading=\"lazy\" decoding=\"async\" class=\"aligncenter size-full wp-image-13267\" src=\"http:\/\/razemdlabialoleki.waw.pl\/wp-content\/uploads\/2021\/01\/parkiBialoleka1.png\" alt=\"\" width=\"1500\" height=\"1258\" srcset=\"https:\/\/razemdlabialoleki.waw.pl\/wp-content\/uploads\/2021\/01\/parkiBialoleka1.png 1500w, https:\/\/razemdlabialoleki.waw.pl\/wp-content\/uploads\/2021\/01\/parkiBialoleka1-300x252.png 300w, https:\/\/razemdlabialoleki.waw.pl\/wp-content\/uploads\/2021\/01\/parkiBialoleka1-1024x859.png 1024w, https:\/\/razemdlabialoleki.waw.pl\/wp-content\/uploads\/2021\/01\/parkiBialoleka1-768x644.png 768w\" sizes=\"auto, (max-width: 1500px) 100vw, 1500px\" \/> <img loading=\"lazy\" decoding=\"async\" class=\"aligncenter size-full wp-image-13266\" src=\"http:\/\/razemdlabialoleki.waw.pl\/wp-content\/uploads\/2021\/01\/wiaty_aktualizowane1.png\" alt=\"\" width=\"900\" height=\"344\" srcset=\"https:\/\/razemdlabialoleki.waw.pl\/wp-content\/uploads\/2021\/01\/wiaty_aktualizowane1.png 900w, https:\/\/razemdlabialoleki.waw.pl\/wp-content\/uploads\/2021\/01\/wiaty_aktualizowane1-300x115.png 300w, https:\/\/razemdlabialoleki.waw.pl\/wp-content\/uploads\/2021\/01\/wiaty_aktualizowane1-768x294.png 768w\" sizes=\"auto, (max-width: 900px) 100vw, 900px\" \/> <img loading=\"lazy\" decoding=\"async\" class=\"aligncenter size-full wp-image-13265\" src=\"http:\/\/razemdlabialoleki.waw.pl\/wp-content\/uploads\/2021\/01\/swiecacawiata1.png\" alt=\"\" width=\"900\" height=\"344\" srcset=\"https:\/\/razemdlabialoleki.waw.pl\/wp-content\/uploads\/2021\/01\/swiecacawiata1.png 900w, https:\/\/razemdlabialoleki.waw.pl\/wp-content\/uploads\/2021\/01\/swiecacawiata1-300x115.png 300w, https:\/\/razemdlabialoleki.waw.pl\/wp-content\/uploads\/2021\/01\/swiecacawiata1-768x294.png 768w\" sizes=\"auto, (max-width: 900px) 100vw, 900px\" \/> <img loading=\"lazy\" decoding=\"async\" class=\"aligncenter size-full wp-image-13264\" src=\"http:\/\/razemdlabialoleki.waw.pl\/wp-content\/uploads\/2021\/01\/skatepark_031.png\" alt=\"\" width=\"900\" height=\"344\" srcset=\"https:\/\/razemdlabialoleki.waw.pl\/wp-content\/uploads\/2021\/01\/skatepark_031.png 900w, https:\/\/razemdlabialoleki.waw.pl\/wp-content\/uploads\/2021\/01\/skatepark_031-300x115.png 300w, https:\/\/razemdlabialoleki.waw.pl\/wp-content\/uploads\/2021\/01\/skatepark_031-768x294.png 768w\" sizes=\"auto, (max-width: 900px) 100vw, 900px\" \/> <img loading=\"lazy\" decoding=\"async\" class=\"aligncenter size-full wp-image-13263\" src=\"http:\/\/razemdlabialoleki.waw.pl\/wp-content\/uploads\/2021\/01\/naprawachodnikow_021.png\" alt=\"\" width=\"900\" height=\"344\" srcset=\"https:\/\/razemdlabialoleki.waw.pl\/wp-content\/uploads\/2021\/01\/naprawachodnikow_021.png 900w, https:\/\/razemdlabialoleki.waw.pl\/wp-content\/uploads\/2021\/01\/naprawachodnikow_021-300x115.png 300w, https:\/\/razemdlabialoleki.waw.pl\/wp-content\/uploads\/2021\/01\/naprawachodnikow_021-768x294.png 768w\" sizes=\"auto, (max-width: 900px) 100vw, 900px\" \/> <img loading=\"lazy\" decoding=\"async\" class=\"aligncenter size-full wp-image-13262\" src=\"http:\/\/razemdlabialoleki.waw.pl\/wp-content\/uploads\/2021\/01\/kwiatowapetla_011.png\" alt=\"\" width=\"900\" height=\"344\" srcset=\"https:\/\/razemdlabialoleki.waw.pl\/wp-content\/uploads\/2021\/01\/kwiatowapetla_011.png 900w, https:\/\/razemdlabialoleki.waw.pl\/wp-content\/uploads\/2021\/01\/kwiatowapetla_011-300x115.png 300w, https:\/\/razemdlabialoleki.waw.pl\/wp-content\/uploads\/2021\/01\/kwiatowapetla_011-768x294.png 768w\" sizes=\"auto, (max-width: 900px) 100vw, 900px\" \/> <img loading=\"lazy\" decoding=\"async\" class=\"aligncenter size-full wp-image-13261\" src=\"http:\/\/razemdlabialoleki.waw.pl\/wp-content\/uploads\/2021\/01\/chudoby_a1.png\" alt=\"\" width=\"1146\" height=\"749\" srcset=\"https:\/\/razemdlabialoleki.waw.pl\/wp-content\/uploads\/2021\/01\/chudoby_a1.png 1146w, https:\/\/razemdlabialoleki.waw.pl\/wp-content\/uploads\/2021\/01\/chudoby_a1-300x196.png 300w, https:\/\/razemdlabialoleki.waw.pl\/wp-content\/uploads\/2021\/01\/chudoby_a1-1024x669.png 1024w, https:\/\/razemdlabialoleki.waw.pl\/wp-content\/uploads\/2021\/01\/chudoby_a1-768x502.png 768w\" sizes=\"auto, (max-width: 1146px) 100vw, 1146px\" \/> <img loading=\"lazy\" decoding=\"async\" class=\"aligncenter size-full wp-image-13260\" src=\"http:\/\/razemdlabialoleki.waw.pl\/wp-content\/uploads\/2021\/01\/budowachodnikow_012.png\" alt=\"\" width=\"900\" height=\"344\" srcset=\"https:\/\/razemdlabialoleki.waw.pl\/wp-content\/uploads\/2021\/01\/budowachodnikow_012.png 900w, https:\/\/razemdlabialoleki.waw.pl\/wp-content\/uploads\/2021\/01\/budowachodnikow_012-300x115.png 300w, https:\/\/razemdlabialoleki.waw.pl\/wp-content\/uploads\/2021\/01\/budowachodnikow_012-768x294.png 768w\" sizes=\"auto, (max-width: 900px) 100vw, 900px\" \/> <img loading=\"lazy\" decoding=\"async\" class=\"aligncenter size-full wp-image-13259\" src=\"http:\/\/razemdlabialoleki.waw.pl\/wp-content\/uploads\/2021\/01\/berenson_011.png\" alt=\"\" width=\"900\" height=\"344\" srcset=\"https:\/\/razemdlabialoleki.waw.pl\/wp-content\/uploads\/2021\/01\/berenson_011.png 900w, https:\/\/razemdlabialoleki.waw.pl\/wp-content\/uploads\/2021\/01\/berenson_011-300x115.png 300w, https:\/\/razemdlabialoleki.waw.pl\/wp-content\/uploads\/2021\/01\/berenson_011-768x294.png 768w\" sizes=\"auto, (max-width: 900px) 100vw, 900px\" \/><img loading=\"lazy\" decoding=\"async\" class=\"aligncenter size-full wp-image-13285\" src=\"http:\/\/razemdlabialoleki.waw.pl\/wp-content\/uploads\/2021\/01\/serce_01.png\" alt=\"\" width=\"900\" height=\"344\" srcset=\"https:\/\/razemdlabialoleki.waw.pl\/wp-content\/uploads\/2021\/01\/serce_01.png 900w, https:\/\/razemdlabialoleki.waw.pl\/wp-content\/uploads\/2021\/01\/serce_01-300x115.png 300w, https:\/\/razemdlabialoleki.waw.pl\/wp-content\/uploads\/2021\/01\/serce_01-768x294.png 768w\" sizes=\"auto, (max-width: 900px) 100vw, 900px\" \/><\/strong><\/p>\n","protected":false},"excerpt":{"rendered":"<p>Czas na kolejn\u0105 edycj\u0119 #Bud\u017cetObywatelski, w kt\u00f3rym m.in. cz\u0142onkowie naszego stowarzyszenia zg\u0142osili nast\u0119puj\u0105ce projekty&nbsp; Poziom dzielnicowy: \ud83d\udc9a P\u0119tle autobusowe na Bia\u0142o\u0142\u0119ce w kwiatach \ud83d\udc9a O\u015bwietlenie ci\u0105gu pieszo-rowerowego przy SP 368 przy ul. Ostr\u00f3dzkiej i Hemara oraz o\u015bwietlenie boisk sportowych przy SP 112 przy ul. Zau\u0142ek \ud83d\udc9a Remont nawierzchni ul. Kroczewskiej \ud83d\udc9a Nowy plac zabaw dla [&hellip;]<\/p>\n","protected":false},"author":2,"featured_media":13268,"comment_status":"closed","ping_status":"closed","sticky":false,"template":"","format":"standard","meta":{"ngg_post_thumbnail":0,"footnotes":""},"categories":[10,27,30,28,29,24,25,40],"tags":[],"class_list":["post-13257","post","type-post","status-publish","format-standard","has-post-thumbnail","hentry","category-akcja-spoleczna","category-inwestycje","category-komunikacja","category-ochrona-srodowiska","category-ochrona-zdrowia","category-oswiata","category-samorzad","category-sport"],"_links":{"self":[{"href":"https:\/\/razemdlabialoleki.waw.pl\/index.php?rest_route=\/wp\/v2\/posts\/13257","targetHints":{"allow":["GET"]}}],"collection":[{"href":"https:\/\/razemdlabialoleki.waw.pl\/index.php?rest_route=\/wp\/v2\/posts"}],"about":[{"href":"https:\/\/razemdlabialoleki.waw.pl\/index.php?rest_route=\/wp\/v2\/types\/post"}],"author":[{"embeddable":true,"href":"https:\/\/razemdlabialoleki.waw.pl\/index.php?rest_route=\/wp\/v2\/users\/2"}],"replies":[{"embeddable":true,"href":"https:\/\/razemdlabialoleki.waw.pl\/index.php?rest_route=%2Fwp%2Fv2%2Fcomments&post=13257"}],"version-history":[{"count":6,"href":"https:\/\/razemdlabialoleki.waw.pl\/index.php?rest_route=\/wp\/v2\/posts\/13257\/revisions"}],"predecessor-version":[{"id":13286,"href":"https:\/\/razemdlabialoleki.waw.pl\/index.php?rest_route=\/wp\/v2\/posts\/13257\/revisions\/13286"}],"wp:featuredmedia":[{"embeddable":true,"href":"https:\/\/razemdlabialoleki.waw.pl\/index.php?rest_route=\/wp\/v2\/media\/13268"}],"wp:attachment":[{"href":"https:\/\/razemdlabialoleki.waw.pl\/index.php?rest_route=%2Fwp%2Fv2%2Fmedia&parent=13257"}],"wp:term":[{"taxonomy":"category","embeddable":true,"href":"https:\/\/razemdlabialoleki.waw.pl\/index.php?rest_route=%2Fwp%2Fv2%2Fcategories&post=13257"},{"taxonomy":"post_tag","embeddable":true,"href":"https:\/\/razemdlabialoleki.waw.pl\/index.php?rest_route=%2Fwp%2Fv2%2Ftags&post=13257"}],"curies":[{"name":"wp","href":"https:\/\/api.w.org\/{rel}","templated":true}]}}