{"id":12873,"date":"2020-12-03T21:04:50","date_gmt":"2020-12-03T20:04:50","guid":{"rendered":"http:\/\/razemdlabialoleki.waw.pl\/?p=12873"},"modified":"2020-12-20T20:18:34","modified_gmt":"2020-12-20T19:18:34","slug":"znakowanie-drzew-w-lesie","status":"publish","type":"post","link":"https:\/\/razemdlabialoleki.waw.pl\/?p=12873","title":{"rendered":"Znakowanie drzew w lesie"},"content":{"rendered":"<p>Spaceruj\u0105c po lesie napotykamy r\u00f3\u017cne znaki na drzewach. Najcz\u0119\u015bciej ich zadaniem jest informacja w jakim miejscu si\u0119 znajdujemy, maj\u0105 u\u0142atwi\u0107 orientacj\u0119 w terenie.<\/p>\n<p style=\"text-align: justify;\">Niestety nie ma sp\u00f3jnego systemu oznaczania drzew. Podobne oznaczenie mo\u017ce by\u0107 w r\u00f3\u017cnych jednostkach inaczej interpretowane.<\/p>\n<p>Kilka najcz\u0119\u015bciej spotykanych przyk\u0142ad\u00f3w:<\/p>\n<ul>\n<li>\u017c\u00f3\u0142ta przerywana linia (opaska) narysowana na wysoko\u015bci ok 1,5 metra i szeroko\u015bci 5 cm na oznacza granic\u0119 gospodarczego drzewostanu nasiennego. Czyli w tym obr\u0119bie znajduj\u0105 si\u0119 drzewa dobrej jako\u015bci, w\u0142a\u015bciwego pochodzenia \u2013 dostarczaj\u0105ce nasion na potrzeby danej jednostki<\/li>\n<li>\u017c\u00f3\u0142ta ci\u0105g\u0142a linia na wysoko\u015bci 1,5 metra oznacza drzewa mateczne \u2013 najlepszej jako\u015bci do pozyskiwania le\u015bnego materia\u0142u rozmno\u017ceniowego. Ka\u017cde drzewo mateczne ma sw\u00f3j numer, obok nich wyznacza si\u0119 dodatkowo 4 drzewa por\u00f3wnawcze oznaczone liczbami od 1 do 4<\/li>\n<li>kropki (zazwyczaj czerwone ale zale\u017cy to od jednostki) to zazwyczaj drzewa do wycinki<\/li>\n<li>bia\u0142e paski oznacza granic\u0119 dzia\u0142ek zr\u0119bowych<\/li>\n<li>bia\u0142e litery A, B, C na sosnach \u2013 to sta\u0142e partie monitoringu brusznicy mniszki, kt\u00f3ra jest szkodnikiem.<\/li>\n<\/ul>\n<p><strong>Oznaczenia szlak\u00f3w<\/strong><\/p>\n<p>Szlaki piesze w odr\u00f3\u017cnieniu od narciarskich nie maj\u0105 stopnia trudno\u015bci odzwierciedlonego w kolorze. Szlaki tylko w cz\u0119\u015bci s\u0105 oznaczane na drzewach.<\/p>\n<ul>\n<li>szlak czerwony \u2013 oznacza szlak g\u0142\u00f3wny<\/li>\n<li>szlak \u017c\u00f3\u0142ty \u2013 \u0142\u0105cznikowe i doj\u015bciowe<\/li>\n<li>szlak niebieski \u2013 szlaki dalekobie\u017cne (du\u017ce odleg\u0142o\u015bci)<\/li>\n<li>szlak zielony \u2013 doprowadza do charakterystycznych miejsc<\/li>\n<li>szlak czarny \u2013 kr\u00f3tki szlak doj\u015bciowy<br><img loading=\"lazy\" decoding=\"async\" class=\"aligncenter size-full wp-image-12884\" src=\"http:\/\/razemdlabialoleki.waw.pl\/wp-content\/uploads\/2020\/12\/107693553_2601133556817279_747634425727312750_n.png\" alt=\"\" width=\"686\" height=\"960\" srcset=\"https:\/\/razemdlabialoleki.waw.pl\/wp-content\/uploads\/2020\/12\/107693553_2601133556817279_747634425727312750_n.png 686w, https:\/\/razemdlabialoleki.waw.pl\/wp-content\/uploads\/2020\/12\/107693553_2601133556817279_747634425727312750_n-214x300.png 214w\" sizes=\"auto, (max-width: 686px) 100vw, 686px\" \/><img loading=\"lazy\" decoding=\"async\" class=\"aligncenter size-full wp-image-12879\" src=\"http:\/\/razemdlabialoleki.waw.pl\/wp-content\/uploads\/2020\/12\/mapa1000.jpg\" alt=\"\" width=\"1000\" height=\"753\" srcset=\"https:\/\/razemdlabialoleki.waw.pl\/wp-content\/uploads\/2020\/12\/mapa1000.jpg 1000w, https:\/\/razemdlabialoleki.waw.pl\/wp-content\/uploads\/2020\/12\/mapa1000-300x226.jpg 300w, https:\/\/razemdlabialoleki.waw.pl\/wp-content\/uploads\/2020\/12\/mapa1000-768x578.jpg 768w\" sizes=\"auto, (max-width: 1000px) 100vw, 1000px\" \/> <img loading=\"lazy\" decoding=\"async\" class=\"aligncenter size-full wp-image-12878\" src=\"http:\/\/razemdlabialoleki.waw.pl\/wp-content\/uploads\/2020\/12\/Wycieczka-do-lasu-scaled.jpg\" alt=\"\" width=\"2560\" height=\"1930\" srcset=\"https:\/\/razemdlabialoleki.waw.pl\/wp-content\/uploads\/2020\/12\/Wycieczka-do-lasu-scaled.jpg 2560w, https:\/\/razemdlabialoleki.waw.pl\/wp-content\/uploads\/2020\/12\/Wycieczka-do-lasu-300x226.jpg 300w, https:\/\/razemdlabialoleki.waw.pl\/wp-content\/uploads\/2020\/12\/Wycieczka-do-lasu-1024x772.jpg 1024w, https:\/\/razemdlabialoleki.waw.pl\/wp-content\/uploads\/2020\/12\/Wycieczka-do-lasu-768x579.jpg 768w, https:\/\/razemdlabialoleki.waw.pl\/wp-content\/uploads\/2020\/12\/Wycieczka-do-lasu-1536x1158.jpg 1536w, https:\/\/razemdlabialoleki.waw.pl\/wp-content\/uploads\/2020\/12\/Wycieczka-do-lasu-2048x1544.jpg 2048w\" sizes=\"auto, (max-width: 2560px) 100vw, 2560px\" \/> <img loading=\"lazy\" decoding=\"async\" class=\"aligncenter size-full wp-image-12880\" src=\"http:\/\/razemdlabialoleki.waw.pl\/wp-content\/uploads\/2020\/12\/20201129_132246-scaled.jpg\" alt=\"\" width=\"2560\" height=\"1920\" srcset=\"https:\/\/razemdlabialoleki.waw.pl\/wp-content\/uploads\/2020\/12\/20201129_132246-scaled.jpg 2560w, https:\/\/razemdlabialoleki.waw.pl\/wp-content\/uploads\/2020\/12\/20201129_132246-300x225.jpg 300w, https:\/\/razemdlabialoleki.waw.pl\/wp-content\/uploads\/2020\/12\/20201129_132246-1024x768.jpg 1024w, https:\/\/razemdlabialoleki.waw.pl\/wp-content\/uploads\/2020\/12\/20201129_132246-768x576.jpg 768w, https:\/\/razemdlabialoleki.waw.pl\/wp-content\/uploads\/2020\/12\/20201129_132246-1536x1152.jpg 1536w, https:\/\/razemdlabialoleki.waw.pl\/wp-content\/uploads\/2020\/12\/20201129_132246-2048x1536.jpg 2048w\" sizes=\"auto, (max-width: 2560px) 100vw, 2560px\" \/> <img loading=\"lazy\" decoding=\"async\" class=\"aligncenter size-full wp-image-12881\" src=\"http:\/\/razemdlabialoleki.waw.pl\/wp-content\/uploads\/2020\/12\/20201129_125531-scaled.jpg\" alt=\"\" width=\"2560\" height=\"1920\" srcset=\"https:\/\/razemdlabialoleki.waw.pl\/wp-content\/uploads\/2020\/12\/20201129_125531-scaled.jpg 2560w, https:\/\/razemdlabialoleki.waw.pl\/wp-content\/uploads\/2020\/12\/20201129_125531-300x225.jpg 300w, https:\/\/razemdlabialoleki.waw.pl\/wp-content\/uploads\/2020\/12\/20201129_125531-1024x768.jpg 1024w, https:\/\/razemdlabialoleki.waw.pl\/wp-content\/uploads\/2020\/12\/20201129_125531-768x576.jpg 768w, https:\/\/razemdlabialoleki.waw.pl\/wp-content\/uploads\/2020\/12\/20201129_125531-1536x1152.jpg 1536w, https:\/\/razemdlabialoleki.waw.pl\/wp-content\/uploads\/2020\/12\/20201129_125531-2048x1536.jpg 2048w\" sizes=\"auto, (max-width: 2560px) 100vw, 2560px\" \/> <img loading=\"lazy\" decoding=\"async\" class=\"aligncenter size-full wp-image-12882\" src=\"http:\/\/razemdlabialoleki.waw.pl\/wp-content\/uploads\/2020\/12\/20201129_125453-scaled.jpg\" alt=\"\" width=\"2560\" height=\"1920\" srcset=\"https:\/\/razemdlabialoleki.waw.pl\/wp-content\/uploads\/2020\/12\/20201129_125453-scaled.jpg 2560w, https:\/\/razemdlabialoleki.waw.pl\/wp-content\/uploads\/2020\/12\/20201129_125453-300x225.jpg 300w, https:\/\/razemdlabialoleki.waw.pl\/wp-content\/uploads\/2020\/12\/20201129_125453-1024x768.jpg 1024w, https:\/\/razemdlabialoleki.waw.pl\/wp-content\/uploads\/2020\/12\/20201129_125453-768x576.jpg 768w, https:\/\/razemdlabialoleki.waw.pl\/wp-content\/uploads\/2020\/12\/20201129_125453-1536x1152.jpg 1536w, https:\/\/razemdlabialoleki.waw.pl\/wp-content\/uploads\/2020\/12\/20201129_125453-2048x1536.jpg 2048w\" sizes=\"auto, (max-width: 2560px) 100vw, 2560px\" \/> <img loading=\"lazy\" decoding=\"async\" class=\"aligncenter size-full wp-image-12883\" src=\"http:\/\/razemdlabialoleki.waw.pl\/wp-content\/uploads\/2020\/12\/20201129_121403-scaled.jpg\" alt=\"\" width=\"2560\" height=\"1920\" srcset=\"https:\/\/razemdlabialoleki.waw.pl\/wp-content\/uploads\/2020\/12\/20201129_121403-scaled.jpg 2560w, https:\/\/razemdlabialoleki.waw.pl\/wp-content\/uploads\/2020\/12\/20201129_121403-300x225.jpg 300w, https:\/\/razemdlabialoleki.waw.pl\/wp-content\/uploads\/2020\/12\/20201129_121403-1024x768.jpg 1024w, https:\/\/razemdlabialoleki.waw.pl\/wp-content\/uploads\/2020\/12\/20201129_121403-768x576.jpg 768w, https:\/\/razemdlabialoleki.waw.pl\/wp-content\/uploads\/2020\/12\/20201129_121403-1536x1152.jpg 1536w, https:\/\/razemdlabialoleki.waw.pl\/wp-content\/uploads\/2020\/12\/20201129_121403-2048x1536.jpg 2048w\" sizes=\"auto, (max-width: 2560px) 100vw, 2560px\" \/>\n<p><img loading=\"lazy\" decoding=\"async\" class=\"size-full wp-image-12877\" src=\"http:\/\/razemdlabialoleki.waw.pl\/wp-content\/uploads\/2020\/12\/Drzewna-skorka-cz.1-scaled.jpg\" alt=\"\" width=\"2560\" height=\"1930\" srcset=\"https:\/\/razemdlabialoleki.waw.pl\/wp-content\/uploads\/2020\/12\/Drzewna-skorka-cz.1-scaled.jpg 2560w, https:\/\/razemdlabialoleki.waw.pl\/wp-content\/uploads\/2020\/12\/Drzewna-skorka-cz.1-300x226.jpg 300w, https:\/\/razemdlabialoleki.waw.pl\/wp-content\/uploads\/2020\/12\/Drzewna-skorka-cz.1-1024x772.jpg 1024w, https:\/\/razemdlabialoleki.waw.pl\/wp-content\/uploads\/2020\/12\/Drzewna-skorka-cz.1-768x579.jpg 768w, https:\/\/razemdlabialoleki.waw.pl\/wp-content\/uploads\/2020\/12\/Drzewna-skorka-cz.1-1536x1158.jpg 1536w, https:\/\/razemdlabialoleki.waw.pl\/wp-content\/uploads\/2020\/12\/Drzewna-skorka-cz.1-2048x1544.jpg 2048w\" sizes=\"auto, (max-width: 2560px) 100vw, 2560px\" \/><\/p>\n<p><img loading=\"lazy\" decoding=\"async\" class=\"size-full wp-image-12876\" src=\"http:\/\/razemdlabialoleki.waw.pl\/wp-content\/uploads\/2020\/12\/Drzewna-skorka-cz.-2-scaled.jpg\" alt=\"\" width=\"2560\" height=\"1930\" srcset=\"https:\/\/razemdlabialoleki.waw.pl\/wp-content\/uploads\/2020\/12\/Drzewna-skorka-cz.-2-scaled.jpg 2560w, https:\/\/razemdlabialoleki.waw.pl\/wp-content\/uploads\/2020\/12\/Drzewna-skorka-cz.-2-300x226.jpg 300w, https:\/\/razemdlabialoleki.waw.pl\/wp-content\/uploads\/2020\/12\/Drzewna-skorka-cz.-2-1024x772.jpg 1024w, https:\/\/razemdlabialoleki.waw.pl\/wp-content\/uploads\/2020\/12\/Drzewna-skorka-cz.-2-768x579.jpg 768w, https:\/\/razemdlabialoleki.waw.pl\/wp-content\/uploads\/2020\/12\/Drzewna-skorka-cz.-2-1536x1158.jpg 1536w, https:\/\/razemdlabialoleki.waw.pl\/wp-content\/uploads\/2020\/12\/Drzewna-skorka-cz.-2-2048x1544.jpg 2048w\" sizes=\"auto, (max-width: 2560px) 100vw, 2560px\" \/><\/p>\n<\/li>\n<\/ul>\n\n\n<p><br>Wi\u0119cej: <br>https:\/\/www.pap.pl\/<br>https:\/\/www.lasy.gov.pl\/pl\/informacje\/faq\/bezpieczenstwo<\/p>\n","protected":false},"excerpt":{"rendered":"<p>Spaceruj\u0105c po lesie napotykamy r\u00f3\u017cne znaki na drzewach. Najcz\u0119\u015bciej ich zadaniem jest informacja w jakim miejscu si\u0119 znajdujemy, maj\u0105 u\u0142atwi\u0107 orientacj\u0119 w terenie. Niestety nie ma sp\u00f3jnego systemu oznaczania drzew. Podobne oznaczenie mo\u017ce by\u0107 w r\u00f3\u017cnych jednostkach inaczej interpretowane. Kilka najcz\u0119\u015bciej spotykanych przyk\u0142ad\u00f3w: \u017c\u00f3\u0142ta przerywana linia (opaska) narysowana na wysoko\u015bci ok 1,5 metra i szeroko\u015bci [&hellip;]<\/p>\n","protected":false},"author":2,"featured_media":12883,"comment_status":"closed","ping_status":"closed","sticky":false,"template":"","format":"standard","meta":{"ngg_post_thumbnail":0,"footnotes":""},"categories":[28],"tags":[],"class_list":["post-12873","post","type-post","status-publish","format-standard","has-post-thumbnail","hentry","category-ochrona-srodowiska"],"_links":{"self":[{"href":"https:\/\/razemdlabialoleki.waw.pl\/index.php?rest_route=\/wp\/v2\/posts\/12873","targetHints":{"allow":["GET"]}}],"collection":[{"href":"https:\/\/razemdlabialoleki.waw.pl\/index.php?rest_route=\/wp\/v2\/posts"}],"about":[{"href":"https:\/\/razemdlabialoleki.waw.pl\/index.php?rest_route=\/wp\/v2\/types\/post"}],"author":[{"embeddable":true,"href":"https:\/\/razemdlabialoleki.waw.pl\/index.php?rest_route=\/wp\/v2\/users\/2"}],"replies":[{"embeddable":true,"href":"https:\/\/razemdlabialoleki.waw.pl\/index.php?rest_route=%2Fwp%2Fv2%2Fcomments&post=12873"}],"version-history":[{"count":2,"href":"https:\/\/razemdlabialoleki.waw.pl\/index.php?rest_route=\/wp\/v2\/posts\/12873\/revisions"}],"predecessor-version":[{"id":13139,"href":"https:\/\/razemdlabialoleki.waw.pl\/index.php?rest_route=\/wp\/v2\/posts\/12873\/revisions\/13139"}],"wp:featuredmedia":[{"embeddable":true,"href":"https:\/\/razemdlabialoleki.waw.pl\/index.php?rest_route=\/wp\/v2\/media\/12883"}],"wp:attachment":[{"href":"https:\/\/razemdlabialoleki.waw.pl\/index.php?rest_route=%2Fwp%2Fv2%2Fmedia&parent=12873"}],"wp:term":[{"taxonomy":"category","embeddable":true,"href":"https:\/\/razemdlabialoleki.waw.pl\/index.php?rest_route=%2Fwp%2Fv2%2Fcategories&post=12873"},{"taxonomy":"post_tag","embeddable":true,"href":"https:\/\/razemdlabialoleki.waw.pl\/index.php?rest_route=%2Fwp%2Fv2%2Ftags&post=12873"}],"curies":[{"name":"wp","href":"https:\/\/api.w.org\/{rel}","templated":true}]}}