{"id":1182,"date":"2017-01-04T18:39:17","date_gmt":"2017-01-04T18:39:17","guid":{"rendered":"http:\/\/razemdlabialoleki.waw.pl\/?p=1182"},"modified":"2024-01-14T15:10:43","modified_gmt":"2024-01-14T14:10:43","slug":"lewandow-nadal-bez-dostepu-do-ul-geodezyjnej","status":"publish","type":"post","link":"https:\/\/razemdlabialoleki.waw.pl\/?p=1182","title":{"rendered":"Lewand\u00f3w &#8211; nadal bez dost\u0119pu do ul. Geodezyjnej"},"content":{"rendered":"<p style=\"text-align: justify;\">Ulica Geometryczna w miejscowym planie zagospodarowania przestrzennego widnieje jako droga dojazdowa na odcinku od ul. Geodezyjnej do planowanej ul. Internetowej, za\u015b w Wieloletniej Prognozie Finansowej zabezpieczono \u015brodki na budow\u0119 ulicy na odcinku od ul. Geodezyjnej do planowanej ul. Siecznej i ten odcinek ma powsta\u0107 do 2019 r.<!--more--><\/p>\n<p>Zak\u0142adam, ze \u015brodki uwzgl\u0119dniaj\u0105 r\u00f3wnie\u017c wykup obecnie istniej\u0105cego fragmentu ul. Geometrycznej (ok. 120 m \u2013 dzia\u0142ka 3\/100 z obr\u0119bu 4-16-38), a fakt, \u017ce jeden z obecnych w\u0142a\u015bcicieli dzia\u0142ki nie wyrazi\u0142 zgody na jej przekazanie za cen\u0119 symboliczn\u0105 nie ko\u0144czy stara\u0144 Zarz\u0105du Dzielnicy o jej pozyskanie. Jednym s\u0142owem zostanie zastosowana Ustawa o gospodarce nieruchomo\u015bciami przewiduj\u0105ca wyw\u0142aszczenie nieruchomo\u015bci z obowi\u0105zkiem wyp\u0142aty odszkodowania.<\/p>\n<p>Osobn\u0105 kwesti\u0105 jest nabycie dzia\u0142ki 3\/101 z obr\u0119bu 4-16-38 \u2013 czyli wykup wybudowanego odcinka ul. Geodezyjnej. Rada Dzielnicy Bia\u0142o\u0142\u0119ka 9 grudnia 2016 r. przyj\u0119\u0142a stanowisko dotycz\u0105ce wykupu tej ulicy nadaj\u0105c jej priorytet. Niestety nie zosta\u0142o to uwzgl\u0119dnione w planach inwestycyjnych miasta (WPF) na lata 2017-2045, a tym samym stworzenie na tym obszarze dogodnej siatki dr\u00f3g publicznych zosta\u0142o od\u0142o\u017cone w czasie.<\/p\n\n\n\n\n<p style=\"text-align: justify;\">Wi\u0119cej na <a href=\"http:\/\/ibialoleka.pl\/artykul\/droga-prywatna--zmora\/111704\" target=\"_blank\" rel=\"noopener\">ibialoleka.pl<\/a><\/p>\n","protected":false},"excerpt":{"rendered":"<p>Ulica Geometryczna w miejscowym planie zagospodarowania przestrzennego widnieje jako droga dojazdowa na odcinku od ul. Geodezyjnej do planowanej ul. Internetowej, za\u015b w Wieloletniej Prognozie Finansowej zabezpieczono \u015brodki na budow\u0119 ulicy na odcinku od ul. Geodezyjnej do planowanej ul. Siecznej i ten odcinek ma powsta\u0107 do 2019 r.<\/p>\n","protected":false},"author":2,"featured_media":1184,"comment_status":"closed","ping_status":"closed","sticky":false,"template":"","format":"standard","meta":{"ngg_post_thumbnail":0,"footnotes":""},"categories":[27],"tags":[],"class_list":["post-1182","post","type-post","status-publish","format-standard","has-post-thumbnail","hentry","category-inwestycje"],"_links":{"self":[{"href":"https:\/\/razemdlabialoleki.waw.pl\/index.php?rest_route=\/wp\/v2\/posts\/1182","targetHints":{"allow":["GET"]}}],"collection":[{"href":"https:\/\/razemdlabialoleki.waw.pl\/index.php?rest_route=\/wp\/v2\/posts"}],"about":[{"href":"https:\/\/razemdlabialoleki.waw.pl\/index.php?rest_route=\/wp\/v2\/types\/post"}],"author":[{"embeddable":true,"href":"https:\/\/razemdlabialoleki.waw.pl\/index.php?rest_route=\/wp\/v2\/users\/2"}],"replies":[{"embeddable":true,"href":"https:\/\/razemdlabialoleki.waw.pl\/index.php?rest_route=%2Fwp%2Fv2%2Fcomments&post=1182"}],"version-history":[{"count":6,"href":"https:\/\/razemdlabialoleki.waw.pl\/index.php?rest_route=\/wp\/v2\/posts\/1182\/revisions"}],"predecessor-version":[{"id":20556,"href":"https:\/\/razemdlabialoleki.waw.pl\/index.php?rest_route=\/wp\/v2\/posts\/1182\/revisions\/20556"}],"wp:featuredmedia":[{"embeddable":true,"href":"https:\/\/razemdlabialoleki.waw.pl\/index.php?rest_route=\/wp\/v2\/media\/1184"}],"wp:attachment":[{"href":"https:\/\/razemdlabialoleki.waw.pl\/index.php?rest_route=%2Fwp%2Fv2%2Fmedia&parent=1182"}],"wp:term":[{"taxonomy":"category","embeddable":true,"href":"https:\/\/razemdlabialoleki.waw.pl\/index.php?rest_route=%2Fwp%2Fv2%2Fcategories&post=1182"},{"taxonomy":"post_tag","embeddable":true,"href":"https:\/\/razemdlabialoleki.waw.pl\/index.php?rest_route=%2Fwp%2Fv2%2Ftags&post=1182"}],"curies":[{"name":"wp","href":"https:\/\/api.w.org\/{rel}","templated":true}]}}