{"id":1171,"date":"2017-01-01T16:37:19","date_gmt":"2017-01-01T16:37:19","guid":{"rendered":"http:\/\/razemdlabialoleki.waw.pl\/?p=1171"},"modified":"2024-01-14T15:10:48","modified_gmt":"2024-01-14T14:10:48","slug":"co-powstanie-w-okolicach-oczyszczalni-sciekow-czajka","status":"publish","type":"post","link":"https:\/\/razemdlabialoleki.waw.pl\/?p=1171","title":{"rendered":"Co powstanie w okolicach Oczyszczalni \u015aciek\u00f3w \u201eCzajka\u201d?"},"content":{"rendered":"<div id=\"js_1a\" class=\"_5pbx userContent\" data-ft=\"{&quot;tn&quot;:&quot;K&quot;}\">\n<p style=\"text-align: justify;\">Co powstanie w okolicach Oczyszczalni \u015aciek\u00f3w \u201eCzajka\u201d?<\/p>\n<p style=\"text-align: justify;\">\u201eGazoci\u0105g z instalacj\u0105 wzbogacania biogazu\u201d tak opisuje ten obiekt postanowienie o ustaleniu lokalizacji inwestycji celu publicznego. Czy jest to bezpieczne dla okolicznych mieszka\u0144c\u00f3w? Czy b\u0119dzie negatywnie wp\u0142ywa\u0142o na \u015brodowisko naturalne? Czy b\u0119dzie generowa\u0142o uci\u0105\u017cliwo\u015bci zapachowe? Po raz kolejny MPWiK nie rozmawia z mieszka\u0144cami, nie konsultuje! Czy powstanie biogazownia w Choszcz\u00f3wce? Zwr\u00f3ci\u0142am si\u0119 z zapytaniem w tej sprawie w formie interpelacji. Z\u0142o\u017cy\u0142am wniosek o pilne zwo\u0142anie Komisji Ochrony \u015arodowiska z udzia\u0142em przedstawicieli MPWiK. Mam nadziej\u0119, \u017ce Zarz\u0105d Dzielnicy jak najszybciej poinformuje mieszka\u0144c\u00f3w w tym temacie: <a href=\"https:\/\/cdn.fbsbx.com\/v\/t59.2708-21\/15659121_10206400438324765_8819169963093786624_n.pdf\/Postanowienie__budowa_gazoci%C4%85gu_wraz_z_instalacj%C4%85_wzbogacania_biogazu-2.pdf?oh=f7bba066886c3b989e63566fd50cbc5d&amp;oe=586C2C91&amp;dl=1\" target=\"_blank\" rel=\"nofollow noopener\">https:\/\/l.facebook.com\/l.php\u2026<\/a><\/p>\n<p style=\"text-align: justify;\"><strong>Mariola Olszewska<\/strong> <br \/><strong> Radna Dzielnicy Bia\u0142o\u0142\u0119ka m.st. Warszawy<\/strong> <br \/><strong> Stowarzyszenie Razem dla Bia\u0142o\u0142\u0119ki<\/strong> <br \/>radna.mariola.olszewska@wp.pl<\/p>\n<p style=\"text-align: justify;\"><a href=\"http:\/\/razemdlabialoleki.waw.pl\/wp-content\/uploads\/2017\/01\/2.jpg\"><img loading=\"lazy\" decoding=\"async\" class=\"aligncenter size-full wp-image-1174\" src=\"http:\/\/razemdlabialoleki.waw.pl\/wp-content\/uploads\/2017\/01\/2.jpg\" alt=\"\" width=\"661\" height=\"960\" srcset=\"https:\/\/razemdlabialoleki.waw.pl\/wp-content\/uploads\/2017\/01\/2.jpg 661w, https:\/\/razemdlabialoleki.waw.pl\/wp-content\/uploads\/2017\/01\/2-207x300.jpg 207w\" sizes=\"auto, (max-width: 661px) 100vw, 661px\" \/><\/a> <a href=\"http:\/\/razemdlabialoleki.waw.pl\/wp-content\/uploads\/2017\/01\/3.jpg\"><img loading=\"lazy\" decoding=\"async\" class=\"aligncenter size-full wp-image-1175\" src=\"http:\/\/razemdlabialoleki.waw.pl\/wp-content\/uploads\/2017\/01\/3.jpg\" alt=\"\" width=\"691\" height=\"960\" srcset=\"https:\/\/razemdlabialoleki.waw.pl\/wp-content\/uploads\/2017\/01\/3.jpg 691w, https:\/\/razemdlabialoleki.waw.pl\/wp-content\/uploads\/2017\/01\/3-216x300.jpg 216w\" sizes=\"auto, (max-width: 691px) 100vw, 691px\" \/><\/a><\/p>\n<\/div>\n","protected":false},"excerpt":{"rendered":"<p>Co powstanie w okolicach Oczyszczalni \u015aciek\u00f3w \u201eCzajka\u201d? \u201eGazoci\u0105g z instalacj\u0105 wzbogacania biogazu\u201d tak opisuje ten obiekt postanowienie o ustaleniu lokalizacji inwestycji celu publicznego. Czy jest to bezpieczne dla okolicznych mieszka\u0144c\u00f3w? Czy b\u0119dzie negatywnie wp\u0142ywa\u0142o na \u015brodowisko naturalne? Czy b\u0119dzie generowa\u0142o uci\u0105\u017cliwo\u015bci zapachowe? Po raz kolejny MPWiK nie rozmawia z mieszka\u0144cami, nie konsultuje! Czy powstanie biogazownia [&hellip;]<\/p>\n","protected":false},"author":2,"featured_media":1173,"comment_status":"closed","ping_status":"closed","sticky":false,"template":"","format":"standard","meta":{"ngg_post_thumbnail":0,"footnotes":""},"categories":[27],"tags":[],"class_list":["post-1171","post","type-post","status-publish","format-standard","has-post-thumbnail","hentry","category-inwestycje"],"_links":{"self":[{"href":"https:\/\/razemdlabialoleki.waw.pl\/index.php?rest_route=\/wp\/v2\/posts\/1171","targetHints":{"allow":["GET"]}}],"collection":[{"href":"https:\/\/razemdlabialoleki.waw.pl\/index.php?rest_route=\/wp\/v2\/posts"}],"about":[{"href":"https:\/\/razemdlabialoleki.waw.pl\/index.php?rest_route=\/wp\/v2\/types\/post"}],"author":[{"embeddable":true,"href":"https:\/\/razemdlabialoleki.waw.pl\/index.php?rest_route=\/wp\/v2\/users\/2"}],"replies":[{"embeddable":true,"href":"https:\/\/razemdlabialoleki.waw.pl\/index.php?rest_route=%2Fwp%2Fv2%2Fcomments&post=1171"}],"version-history":[{"count":3,"href":"https:\/\/razemdlabialoleki.waw.pl\/index.php?rest_route=\/wp\/v2\/posts\/1171\/revisions"}],"predecessor-version":[{"id":20557,"href":"https:\/\/razemdlabialoleki.waw.pl\/index.php?rest_route=\/wp\/v2\/posts\/1171\/revisions\/20557"}],"wp:featuredmedia":[{"embeddable":true,"href":"https:\/\/razemdlabialoleki.waw.pl\/index.php?rest_route=\/wp\/v2\/media\/1173"}],"wp:attachment":[{"href":"https:\/\/razemdlabialoleki.waw.pl\/index.php?rest_route=%2Fwp%2Fv2%2Fmedia&parent=1171"}],"wp:term":[{"taxonomy":"category","embeddable":true,"href":"https:\/\/razemdlabialoleki.waw.pl\/index.php?rest_route=%2Fwp%2Fv2%2Fcategories&post=1171"},{"taxonomy":"post_tag","embeddable":true,"href":"https:\/\/razemdlabialoleki.waw.pl\/index.php?rest_route=%2Fwp%2Fv2%2Ftags&post=1171"}],"curies":[{"name":"wp","href":"https:\/\/api.w.org\/{rel}","templated":true}]}}