{"id":1152,"date":"2016-12-28T17:01:57","date_gmt":"2016-12-28T17:01:57","guid":{"rendered":"http:\/\/razemdlabialoleki.waw.pl\/?p=1152"},"modified":"2024-01-14T15:11:09","modified_gmt":"2024-01-14T14:11:09","slug":"podsumowanie-dzialalnosci-w-2016-roku","status":"publish","type":"post","link":"https:\/\/razemdlabialoleki.waw.pl\/?p=1152","title":{"rendered":"Podsumowanie dzia\u0142alno\u015bci w 2016 roku"},"content":{"rendered":"<p style=\"text-align: justify;\">Stowarzyszenie Razem dla Bia\u0142o\u0142\u0119ki mijaj\u0105cy rok na pewno mo\u017ce zaliczy\u0107 do udanych. Nasi cz\u0142onkowie to zesp\u00f3\u0142 wyj\u0105tkowych ludzi, prawdziwych spo\u0142ecznik\u00f3w oddanych pracy na rzecz dzielnicy i jej mieszka\u0144c\u00f3w. Chcemy integrowa\u0107, \u0142\u0105czy\u0107 i budowa\u0107 lokaln\u0105 to\u017csamo\u015b\u0107.<!--more--><\/p>\n<p style=\"text-align: justify;\">Od pocz\u0105tku dzia\u0142alno\u015bci stowarzyszenia po\u0142o\u017cyli\u015bmy nacisk na dzia\u0142alno\u015b\u0107 wielop\u0142aszczyznow\u0105, realizowan\u0105 na terenie ca\u0142ej dzielnicy. Jednym z istotnych element\u00f3w tej dzia\u0142alno\u015bci, s\u0105 dzia\u0142ania charytatywne. Nasi wolontariusze realizowali zbi\u00f3rki produkt\u00f3w na rzecz bia\u0142o\u0142\u0119ckich dom\u00f3w dziecka oraz os\u00f3b potrzebuj\u0105cych. Wspomagali zbi\u00f3rki \u015brodk\u00f3w finansowych dla os\u00f3b dotkni\u0119tych kalectwem i ci\u0119\u017cko chorych. Byli\u015bmy wsp\u00f3\u0142organizatorem konferencji \u201eZ niepe\u0142nosprawno\u015bci\u0105, na co dzie\u0144\u201d. W trosce o nasze dziedzictwo kulturowe realizujemy renowacj\u0119 zabytkowych nagrobk\u00f3w na Cmentarzu Tarchomi\u0144skim, finansowan\u0105 ze \u015brodk\u00f3w pozyskanych ze zbi\u00f3rki na ten cel. Konferencje &#8220;Oswoi\u0107 Autyzm &#8211; Oswoi\u0107 Spo\u0142ecze\u0144stwo&#8221; czy \u201eZ Cukrzyc\u0105 na Ty, nie daj si\u0119!\u201d okaza\u0142y si\u0119 olbrzymim sukcesem w dziedzinie edukacji w zakresie ochrony zdrowia i tolerancji dla niepe\u0142nosprawno\u015bci. W minionym roku organizowali\u015bmy lub wsp\u00f3\u0142organizowali\u015bmy szereg imprez plenerowych, promuj\u0105cych sport, zdrowy styl \u017cycia, ochron\u0119 \u015brodowiska czy integracj\u0119.<\/p>\n<p style=\"text-align: justify;\">Z my\u015bl\u0105 o integracji kobiet w ramach naszego stowarzyszenia realizowany jest projekt \u201eKobiety Razem Dla Bia\u0142o\u0142\u0119ki\u201d dzi\u0119ki niemu organizowane s\u0105 warsztaty, mini kursy, spotkania tematyczne, ko\u0142a zainteresowa\u0144, mini kluby, doradztwo zawodowe i psychologiczne itp. Nasze stowarzyszenie aktywnie uczestniczy\u0142o, przekazuj\u0105c posiadan\u0105 wiedz\u0119, podczas prac przy tworzeniu raport\u00f3w badawczych na temat proces\u00f3w zachodz\u0105cych w naszej dzielnicy. Cenimy sobie dotychczasow\u0105 wsp\u00f3\u0142prac\u0119 z licznymi podmiotami. Jeste\u015bmy cz\u0142onkiem DKDS i Zespo\u0142u do spraw bud\u017cetu partycypacyjnego.<\/p>\n<p style=\"text-align: justify;\">Innym bardzo wa\u017cnym aspektem naszej dzia\u0142alno\u015bci jest dzia\u0142alno\u015b\u0107 samorz\u0105dowa. Posiadamy w\u0142asn\u0105 reprezentacj\u0119 w Radzie Dzielnicy. Nasz sze\u015bcioosobowy Klub Radnych Razem dla Bia\u0142o\u0142\u0119ki jest drugim, co do wielko\u015bci w Radzie Dzielnicy. Zar\u00f3wno cz\u0142onkowie stowarzyszenia jak i radni s\u0105 aktywnymi animatorami lokalnej sceny samorz\u0105dowej. Wszelkie nasze dzia\u0142ania podporz\u0105dkowane s\u0105 jak najlepszemu reprezentowaniu interes\u00f3w mieszka\u0144c\u00f3w, ze szczeg\u00f3lnym uwzgl\u0119dnieniem ich postulat\u00f3w. Staramy si\u0119 prowadzi\u0107 skuteczne dzia\u0142ania w ramach posiadanych kompetencji we wszelkich sferach, a wi\u0119c infrastrukturalnej, komunikacyjnej, o\u015bwiatowej, w dziedzinie ochrony zdrowia oraz dba\u0142o\u015bci o \u015brodowisko naturalne. Cz\u0119sto jeste\u015bmy wnioskodawcami sesji nadzwyczajnych oraz stanowisk, kt\u00f3re maj\u0105 za zadanie zwracanie uwagi na bie\u017c\u0105ce problemy. Inicjujemy i wspieramy akcje spo\u0142eczne: petycje czy protesty. Czynnie uczestniczymy w konsultacjach spo\u0142ecznych, przedstawiaj\u0105c w\u0142asny punkt widzenia i wypracowane przez nas rozwi\u0105zania. Lobbujemy na rzecz dzielnicy zar\u00f3wno w sp\u00f3\u0142kach miejskich, jak r\u00f3wnie\u017c na poziomie W\u0142adz Miasta.<\/p>\n<p style=\"text-align: justify;\">Chcemy s\u0142u\u017cy\u0107 naszej dzielnicy. Zach\u0119camy r\u00f3wnie\u017c do przy\u0142\u0105czenia si\u0119 do nas. Wi\u0119cej informacji na temat Stowarzyszenia na <a href=\"https:\/\/www.facebook.com\/RazemDlaBialoleki\/\" target=\"_blank\" rel=\"noopener\">FB.<\/a><\/p>\n<p><strong>Dariusz Olszewski<\/strong><br \/>\n<strong>Wiceprezes Stowarzyszenia Razem dla Bia\u0142o\u0142\u0119ki<\/strong><\/p>\n","protected":false},"excerpt":{"rendered":"<p>Stowarzyszenie Razem dla Bia\u0142o\u0142\u0119ki mijaj\u0105cy rok na pewno mo\u017ce zaliczy\u0107 do udanych. Nasi cz\u0142onkowie to zesp\u00f3\u0142 wyj\u0105tkowych ludzi, prawdziwych spo\u0142ecznik\u00f3w oddanych pracy na rzecz dzielnicy i jej mieszka\u0144c\u00f3w. Chcemy integrowa\u0107, \u0142\u0105czy\u0107 i budowa\u0107 lokaln\u0105 to\u017csamo\u015b\u0107.<\/p>\n","protected":false},"author":2,"featured_media":1153,"comment_status":"closed","ping_status":"closed","sticky":false,"template":"","format":"standard","meta":{"ngg_post_thumbnail":0,"footnotes":""},"categories":[148],"tags":[],"class_list":["post-1152","post","type-post","status-publish","format-standard","has-post-thumbnail","hentry","category-o-nas"],"_links":{"self":[{"href":"https:\/\/razemdlabialoleki.waw.pl\/index.php?rest_route=\/wp\/v2\/posts\/1152","targetHints":{"allow":["GET"]}}],"collection":[{"href":"https:\/\/razemdlabialoleki.waw.pl\/index.php?rest_route=\/wp\/v2\/posts"}],"about":[{"href":"https:\/\/razemdlabialoleki.waw.pl\/index.php?rest_route=\/wp\/v2\/types\/post"}],"author":[{"embeddable":true,"href":"https:\/\/razemdlabialoleki.waw.pl\/index.php?rest_route=\/wp\/v2\/users\/2"}],"replies":[{"embeddable":true,"href":"https:\/\/razemdlabialoleki.waw.pl\/index.php?rest_route=%2Fwp%2Fv2%2Fcomments&post=1152"}],"version-history":[{"count":10,"href":"https:\/\/razemdlabialoleki.waw.pl\/index.php?rest_route=\/wp\/v2\/posts\/1152\/revisions"}],"predecessor-version":[{"id":20559,"href":"https:\/\/razemdlabialoleki.waw.pl\/index.php?rest_route=\/wp\/v2\/posts\/1152\/revisions\/20559"}],"wp:featuredmedia":[{"embeddable":true,"href":"https:\/\/razemdlabialoleki.waw.pl\/index.php?rest_route=\/wp\/v2\/media\/1153"}],"wp:attachment":[{"href":"https:\/\/razemdlabialoleki.waw.pl\/index.php?rest_route=%2Fwp%2Fv2%2Fmedia&parent=1152"}],"wp:term":[{"taxonomy":"category","embeddable":true,"href":"https:\/\/razemdlabialoleki.waw.pl\/index.php?rest_route=%2Fwp%2Fv2%2Fcategories&post=1152"},{"taxonomy":"post_tag","embeddable":true,"href":"https:\/\/razemdlabialoleki.waw.pl\/index.php?rest_route=%2Fwp%2Fv2%2Ftags&post=1152"}],"curies":[{"name":"wp","href":"https:\/\/api.w.org\/{rel}","templated":true}]}}